{"id":9292,"date":"2015-03-26T13:19:01","date_gmt":"2015-03-26T11:19:01","guid":{"rendered":"http:\/\/gzone.com.tr\/?p=9292"},"modified":"2015-03-26T13:19:01","modified_gmt":"2015-03-26T11:19:01","slug":"adam-lamberta-james-dean-dokunusu","status":"publish","type":"post","link":"http:\/\/www.gzone.com.tr\/index.php\/2015\/03\/26\/adam-lamberta-james-dean-dokunusu\/","title":{"rendered":"ADAM LAMBERT&#8217;A JAMES DEAN DOKUNU\u015eU"},"content":{"rendered":"<p>Son alb\u00fcm\u00fc \u00fczerinden 3 y\u0131l ge\u00e7en Adam Lambert sessizli\u011fini bozmaya haz\u0131rlan\u0131yor. Ge\u00e7ti\u011fimiz g\u00fcn sosyal medya \u00fczerinden yeni teklisi &#8221;Ghost Town&#8221; \u0131 duyuran \u015fark\u0131c\u0131, yeni imaj foto\u011fraflar\u0131n\u0131 da g\u00fcn y\u00fcz\u00fcne \u00e7\u0131kard\u0131. &#8221;Ghost Town&#8221; i\u00e7in efsane beyaz perde j\u00f6n\u00fc James Dean&#8217;e benzer bir imaja b\u00fcr\u00fcnen \u015fark\u0131c\u0131, teklisinin \u00e7\u0131k\u0131\u015f tarihini 21 Nisan olarak duyurdu.<\/p>\n<p>&nbsp;<\/p>\n<p>https:\/\/instagram.com\/p\/0j75f2uNCb\/<\/p>\n","protected":false},"excerpt":{"rendered":"<p>Son alb\u00fcm\u00fc \u00fczerinden 3 y\u0131l ge\u00e7en Adam Lambert sessizli\u011fini bozmaya haz\u0131rlan\u0131yor. Ge\u00e7ti\u011fimiz g\u00fcn sosyal medya \u00fczerinden yeni teklisi &#8221;Ghost Town&#8221; \u0131 duyuran \u015fark\u0131c\u0131, yeni imaj foto\u011fraflar\u0131n\u0131 da g\u00fcn y\u00fcz\u00fcne \u00e7\u0131kard\u0131. &#8221;Ghost Town&#8221; i\u00e7in efsane beyaz perde j\u00f6n\u00fc James Dean&#8217;e benzer bir imaja b\u00fcr\u00fcnen \u015fark\u0131c\u0131, teklisinin \u00e7\u0131k\u0131\u015f tarihini 21 Nisan olarak duyurdu. &nbsp; https:\/\/instagram.com\/p\/0j75f2uNCb\/<\/p>\n","protected":false},"author":1,"featured_media":9294,"comment_status":"open","ping_status":"open","sticky":false,"template":"","format":"standard","meta":{"footnotes":""},"categories":[39,28],"tags":[960,275],"class_list":["post-9292","post","type-post","status-publish","format-standard","has-post-thumbnail","","category-muzik","category-pop","tag-adam-lambert","tag-muzik-2"],"_links":{"self":[{"href":"http:\/\/www.gzone.com.tr\/index.php\/wp-json\/wp\/v2\/posts\/9292","targetHints":{"allow":["GET"]}}],"collection":[{"href":"http:\/\/www.gzone.com.tr\/index.php\/wp-json\/wp\/v2\/posts"}],"about":[{"href":"http:\/\/www.gzone.com.tr\/index.php\/wp-json\/wp\/v2\/types\/post"}],"author":[{"embeddable":true,"href":"http:\/\/www.gzone.com.tr\/index.php\/wp-json\/wp\/v2\/users\/1"}],"replies":[{"embeddable":true,"href":"http:\/\/www.gzone.com.tr\/index.php\/wp-json\/wp\/v2\/comments?post=9292"}],"version-history":[{"count":0,"href":"http:\/\/www.gzone.com.tr\/index.php\/wp-json\/wp\/v2\/posts\/9292\/revisions"}],"wp:featuredmedia":[{"embeddable":true,"href":"http:\/\/www.gzone.com.tr\/index.php\/wp-json\/wp\/v2\/media\/9294"}],"wp:attachment":[{"href":"http:\/\/www.gzone.com.tr\/index.php\/wp-json\/wp\/v2\/media?parent=9292"}],"wp:term":[{"taxonomy":"category","embeddable":true,"href":"http:\/\/www.gzone.com.tr\/index.php\/wp-json\/wp\/v2\/categories?post=9292"},{"taxonomy":"post_tag","embeddable":true,"href":"http:\/\/www.gzone.com.tr\/index.php\/wp-json\/wp\/v2\/tags?post=9292"}],"curies":[{"name":"wp","href":"https:\/\/api.w.org\/{rel}","templated":true}]}}