{"id":8240,"date":"2015-03-10T22:31:15","date_gmt":"2015-03-10T22:31:15","guid":{"rendered":"http:\/\/gzone.com.tr\/?p=8240"},"modified":"2015-03-10T22:31:15","modified_gmt":"2015-03-10T22:31:15","slug":"sedef-cakmak-turkiyede-lgbti-haklari-degil-kadin-haklari-geriliyor","status":"publish","type":"post","link":"http:\/\/www.gzone.com.tr\/index.php\/2015\/03\/10\/sedef-cakmak-turkiyede-lgbti-haklari-degil-kadin-haklari-geriliyor\/","title":{"rendered":"SEDEF \u00c7AKMAK: T\u00dcRK\u0130YE&#8217;DE LGBTI HAKLARI DE\u011e\u0130L KADIN HAKLARI GER\u0130L\u0130YOR"},"content":{"rendered":"<div class=\"detailSpot\">\n<h2 class=\"dtlSpot selectionShareable\"><\/h2>\n<\/div>\n<div class=\"ctx_content\">\n<p class=\"selectionShareable\">H\u00fcrriyet&#8217;ten Elvan Yarma, ge\u00e7ti\u011fimiz pazartesi belediye meclis \u00fcyeli\u011fine se\u00e7ilen ilk a\u00e7\u0131k lezbiyen meclis \u00fcyesi Sedef \u00c7akmak&#8217;la g\u00f6r\u00fc\u015ft\u00fc.<\/p>\n<p class=\"selectionShareable\">\u0130\u015fte bu r\u00f6portaj:<\/p>\n<p class=\"selectionShareable\"><em>Sedef \u00c7akmak (33) T\u00fcrkiye\u2019nin lezbiyen oldu\u011funu a\u00e7\u0131klayan ilk belediye meclis \u00fcyesi. Galatasaray \u00dcniversitesi Sosyoloji B\u00f6l\u00fcm\u00fc\u2019nden mezun. Lambda \u0130stanbul\u2019da (LGBT\u0130 Dayan\u0131\u015fma Derne\u011fi) \u00e7al\u0131\u015ft\u0131 ve Spod\u2019un (Sosyal Politikalar Cinsiyet Kimli\u011fi ve Cinsel Y\u00f6nelim \u00c7al\u0131\u015fmalar\u0131 Derne\u011fi) kurulu\u015funda yer ald\u0131. 2014\u2019teki yerel se\u00e7im sonras\u0131 Be\u015fikta\u015f Belediyesi Ba\u015fkan\u0131 Murat Hazinedar\u2019\u0131n dan\u0131\u015fmanl\u0131\u011f\u0131n\u0131 yap\u0131yordu, ge\u00e7ti\u011fimiz Pazartesi ise belediye meclis \u00fcyeli\u011fine se\u00e7ildi. Sedef \u00c7akmak\u2019la T\u00fcrk siyasetinde LGBT\u0130 bireylerin haklar\u0131 i\u00e7in verdi\u011fi m\u00fccadeleyi ve Murat Hazinedar&#8217;la da CHP\u2019nin LGBT\u0130 a\u00e7\u0131l\u0131m\u0131n\u0131 konu\u015ftuk.<\/em><\/p>\n<p class=\"selectionShareable\"><strong>Lezbiyen oldu\u011funuzun ne zaman fark\u0131na vard\u0131n\u0131z?<br \/>\n<\/strong><\/p>\n<p class=\"selectionShareable\">Kendime a\u00e7\u0131lmam 2004 y\u0131l\u0131nda Lambda \u0130stanbul\u2019a girerek oldu. Sosyoloji \u00f6\u011frencisiydim ve e\u015fcinseller, translar nas\u0131l ya\u015f\u0131yorlar diye sosyolojik bir merakla girdim. Ondan sonra durup d\u00fc\u015f\u00fcnmeye ba\u015flad\u0131m ve kendimi ke\u015ffettim.<\/p>\n<p class=\"selectionShareable\"><strong>Bunu ke\u015ffetti\u011finizde ailenize s\u00f6yleyebildiniz mi?<\/strong><\/p>\n<p class=\"selectionShareable\">Tabi ki hay\u0131r! Ama 2004\u2019ten beri aileme, e\u015fcinsel ve translar\u0131n haklar\u0131n\u0131 savunan bir derne\u011fe gitti\u011fimi s\u00f6yledim. Ba\u015flarda kabullenmekte zorluk \u00e7ektiler. CHP\u2019li bir milletvekilin LGBT\u0130 haklar\u0131ndan bahsetmesinden sora annemde bir ayd\u0131nlanma oldu. O zamandan sonra bana deste\u011fini a\u00e7\u0131k bir \u015fekilde verdi.<\/p>\n<p class=\"selectionShareable\"><strong>Lezbiyen olman\u0131n ne zorluklar\u0131n\u0131 ya\u015fad\u0131n\u0131z? Daha do\u011frusu ya\u015fad\u0131n\u0131z m\u0131?<\/strong><\/p>\n<p class=\"selectionShareable\">6 y\u0131l i\u015f bulamad\u0131m. CV\u2019imde Lambda \u0130stanbul\u2019da \u00e7al\u0131\u015ft\u0131\u011f\u0131m yaz\u0131yordu.\u00a0 \u201cHaa, biz sizi sonra arar\u0131z\u201d diyorlard\u0131. Bir g\u00fcn bir CV\u2019mi sans\u00fcrleyerek yazd\u0131m. Hemen \u201cTam arad\u0131\u011f\u0131m\u0131z insans\u0131n\u0131z\u201d diye geri d\u00f6nd\u00fcler. G\u00f6r\u00fc\u015fmede lezbiyen oldu\u011fumu s\u00f6yleyince yine ayn\u0131 tepki: \u201cBiz sizi arar\u0131z\u201d<\/p>\n<p class=\"selectionShareable\"><strong>Bir siyaset\u00e7i siyasete girerken \u2018heteroseks\u00fcelim\u2019 deme gere\u011fi duymuyorsa, siz niye lezbiyenim deme gere\u011fini hissediyorsunuz?<\/strong><\/p>\n<p class=\"selectionShareable\">Siyaset\u00e7iler nas\u0131l Alevi, kad\u0131n ya da ba\u015fka ezilen kimliklerini ifade ediyorlarsa LGBT\u0130 olma hali de b\u00f6yle bir durum. Fakat siyasette cinsel kimliklerini gizleyen ki\u015filer oldu\u011fundan, biri Alevi oldu\u011funu s\u00f6yledi\u011finde garip kar\u015f\u0131lam\u0131yoruz ama e\u015fcinsel oldu\u011funu s\u00f6yledi\u011finde \u015fa\u015f\u0131r\u0131yoruz.<\/p>\n<p class=\"selectionShareable\"><strong>T\u00fcrkiye\u2019nin di\u011fer belediyelerinde de LGBT\u0130 birey oldu\u011funu s\u00f6yleyebilenleri g\u00f6recek miyiz?<\/strong><\/p>\n<p class=\"selectionShareable\">Zaten var. Milletvekili aday aday\u0131 arkada\u015flar\u0131m\u0131z var. \u015ei\u015fli Belediyesi\u2019nde Ba\u015fkan dan\u0131\u015fman\u0131 olarak a\u00e7\u0131k e\u015fcinsel kimli\u011fiyle \u00e7al\u0131\u015fan arkada\u015f\u0131m\u0131z var, Boysan.<\/p>\n<p class=\"selectionShareable\"><strong>SE\u00c7\u0130MLERDEN SONRA SOKAKLARDAN HEP\u0130M\u0130Z\u0130 TOPLAYACAKLAR MI?<\/strong><\/p>\n<p class=\"selectionShareable\"><strong>Kad\u0131nlar\u0131n a\u011fz\u0131na bir parmak bal \u00e7alma d\u00fcsturu siyasette hakimken, \u00fcst\u00fcne bir de lezbiyenlik girince ne oluyor?<\/strong><\/p>\n<p class=\"selectionShareable\">Siyasette zaten bir kad\u0131n g\u00f6r\u00fcnmezli\u011fi var, bundan e\u015fcinsel ve biseks\u00fcel kad\u0131nlar da nasibini al\u0131yor. Kad\u0131n\u0131n k\u0131yafetinden tutun da neyi nas\u0131l yapaca\u011f\u0131na kadar siyasilerin deme\u00e7leri g\u00fcnden g\u00fcne art\u0131yor. Kad\u0131n\u0131n akl\u0131n\u0131 ve iradesini yok sayan zihniyet \u00fczerimizde bask\u0131 olu\u015fturuyor. \u00d6rnekle a\u00e7\u0131klayay\u0131m; yerel se\u00e7imler \u00f6ncesi meclis \u00fcyesi adaylar\u0131nda tek trans olmayan kad\u0131n bendim. 5 trans kad\u0131n aday\u0131m\u0131z da vard\u0131. Ne yaz\u0131k ki sadece ben se\u00e7ildim. Trans bireylerin yak\u0131n bir zamanda se\u00e7ilme ihtimalleri de yok.<\/p>\n<p class=\"selectionShareable\"><strong>Siyasette LGBT\u0130\u2019lere pozitif ayr\u0131mc\u0131l\u0131k yapacak m\u0131s\u0131n\u0131z?<\/strong><\/p>\n<p class=\"selectionShareable\">Pozitif ayrimc\u0131l\u0131ktan ziyade, \u00f6nceli\u011fim LGBT\u0130\u2019lerin yasad\u0131\u015f\u0131 ayr\u0131mc\u0131l\u0131k, d\u0131\u015flanma ve \u00fczerlerindeki bask\u0131y\u0131 \u00f6nlemeye y\u00f6nelik \u00e7\u00f6z\u00fcmler \u00fcretmek.<\/p>\n<p class=\"selectionShareable\"><strong>Peki 90\u2019lar, 2000\u2019ler, 2010\u2019lar diye gidersek bu bask\u0131 y\u0131llar ge\u00e7tik\u00e7e art\u0131yor mu?<\/strong><\/p>\n<p class=\"selectionShareable\">LGBT\u0130\u2019ler a\u00e7\u0131s\u0131ndan konu\u015fursan \u00e7ok ciddi bir fark yok. 90\u2019larda travesti ter\u00f6r\u00fc diye man\u015fet atan gazetelerle, i\u015fkenceye u\u011frayan trans kad\u0131n arkada\u015flar\u0131m\u0131z\u0131n hakk\u0131yla u\u011fra\u015f\u0131yorduk. \u0130ronik bir bi\u00e7imde LGBT\u0130 haklar\u0131 a\u00e7\u0131s\u0131ndan bir gerileme yok ama bariz \u015fekilde kad\u0131n haklar\u0131 a\u00e7\u0131s\u0131ndan var.<\/p>\n<p class=\"selectionShareable\"><strong>Kayg\u0131 verici geli\u015fmeler yok mu diyorsunuz yani?<\/strong><\/p>\n<p class=\"selectionShareable\">Var tabi ki. \u0130zmir\u2019de LGBT\u0130 bireylere \u00f6zel hapishane kuruluyor. Bu beni inan\u0131lmaz \u00fcrk\u00fct\u00fcyor. Adalet Bakanl\u0131\u011f\u0131 diyor ki; \u201cLGBT\u0130\u2019ler hapishanede \u00e7ok ayr\u0131mc\u0131l\u0131\u011fa u\u011fruyor, o y\u00fczden onlara \u00f6zel yap\u0131yoruz\u201d. E\u011fer ayr\u0131mc\u0131l\u0131\u011fa u\u011fruyorsa bir zahmet anayasay\u0131 de\u011fi\u015ftir. Kapasitenin \u00e7ok \u00fczerinde bir hapishane kuruluyor burada. \u0130\u00e7 g\u00fcvenlik yasas\u0131n\u0131n ate\u015fli bir \u015fekilde tart\u0131\u015f\u0131ld\u0131\u011f\u0131 bir ortamda ben ister istemez \u015funu d\u00fc\u015f\u00fcn\u00fcyorum: \u201cSe\u00e7imlerden sonra sokaklardan, derneklerden hepimizi toplayacaklar m\u0131?\u201d<\/p>\n<p class=\"selectionShareable\"><strong>CHP\u2019den size en \u00e7ok deste\u011fi olanlar kimlerdi?<\/strong><\/p>\n<p class=\"selectionShareable\">Ba\u015fta Kemal K\u0131l\u0131\u00e7daro\u011flu, kad\u0131n ve gen\u00e7lik kollar\u0131 ve \u0130stanbul \u0130l Ba\u015fkanl\u0131\u011f\u0131 ve parti i\u00e7inde bir\u00e7ok vekilin deste\u011fini ald\u0131k. LGBT\u0130 a\u00e7\u0131l\u0131m\u0131nda Melda Onur, Binnaz Toprak \u00e7ok m\u00fccadele verdi. Sezgin Tanr\u0131kulu, Mahmut Tanal, G\u00fcrsel Tekin\u2026 Bu insanlar\u0131n LGBT\u0130\u2019ye sahip \u00e7\u0131kmas\u0131 Melda Onur\u2019un sayesinde olmu\u015ftur.<\/p>\n<p class=\"selectionShareable\" style=\"text-align: center;\"><b>R\u00f6portaj\u0131n devam\u0131 <a href=\"http:\/\/www.hurriyet.com.tr\/gundem\/28414054.asp\" target=\"_blank\">BURADA<\/a><\/b><\/p>\n<\/div>\n","protected":false},"excerpt":{"rendered":"<p>H\u00fcrriyet&#8217;ten Elvan Yarma, ge\u00e7ti\u011fimiz pazartesi belediye meclis \u00fcyeli\u011fine se\u00e7ilen ilk a\u00e7\u0131k lezbiyen meclis \u00fcyesi Sedef \u00c7akmak&#8217;la g\u00f6r\u00fc\u015ft\u00fc. \u0130\u015fte bu r\u00f6portaj: Sedef \u00c7akmak (33) T\u00fcrkiye\u2019nin lezbiyen oldu\u011funu a\u00e7\u0131klayan ilk belediye meclis \u00fcyesi. Galatasaray \u00dcniversitesi Sosyoloji B\u00f6l\u00fcm\u00fc\u2019nden mezun. Lambda \u0130stanbul\u2019da (LGBT\u0130 Dayan\u0131\u015fma Derne\u011fi) \u00e7al\u0131\u015ft\u0131 ve Spod\u2019un (Sosyal Politikalar Cinsiyet Kimli\u011fi ve Cinsel Y\u00f6nelim \u00c7al\u0131\u015fmalar\u0131 Derne\u011fi) kurulu\u015funda yer &hellip;<\/p>\n","protected":false},"author":1,"featured_media":8242,"comment_status":"open","ping_status":"open","sticky":false,"template":"","format":"standard","meta":{"footnotes":""},"categories":[91,96],"tags":[1047,647,1473,1064],"class_list":["post-8240","post","type-post","status-publish","format-standard","has-post-thumbnail","","category-haberler","category-turkiye","tag-besiktas-belediyesi","tag-chp","tag-hdp","tag-sedef-cakmak"],"_links":{"self":[{"href":"http:\/\/www.gzone.com.tr\/index.php\/wp-json\/wp\/v2\/posts\/8240","targetHints":{"allow":["GET"]}}],"collection":[{"href":"http:\/\/www.gzone.com.tr\/index.php\/wp-json\/wp\/v2\/posts"}],"about":[{"href":"http:\/\/www.gzone.com.tr\/index.php\/wp-json\/wp\/v2\/types\/post"}],"author":[{"embeddable":true,"href":"http:\/\/www.gzone.com.tr\/index.php\/wp-json\/wp\/v2\/users\/1"}],"replies":[{"embeddable":true,"href":"http:\/\/www.gzone.com.tr\/index.php\/wp-json\/wp\/v2\/comments?post=8240"}],"version-history":[{"count":0,"href":"http:\/\/www.gzone.com.tr\/index.php\/wp-json\/wp\/v2\/posts\/8240\/revisions"}],"wp:featuredmedia":[{"embeddable":true,"href":"http:\/\/www.gzone.com.tr\/index.php\/wp-json\/wp\/v2\/media\/8242"}],"wp:attachment":[{"href":"http:\/\/www.gzone.com.tr\/index.php\/wp-json\/wp\/v2\/media?parent=8240"}],"wp:term":[{"taxonomy":"category","embeddable":true,"href":"http:\/\/www.gzone.com.tr\/index.php\/wp-json\/wp\/v2\/categories?post=8240"},{"taxonomy":"post_tag","embeddable":true,"href":"http:\/\/www.gzone.com.tr\/index.php\/wp-json\/wp\/v2\/tags?post=8240"}],"curies":[{"name":"wp","href":"https:\/\/api.w.org\/{rel}","templated":true}]}}