{"id":7889,"date":"2015-03-02T08:33:44","date_gmt":"2015-03-02T08:33:44","guid":{"rendered":"http:\/\/gzone.com.tr\/?p=7889"},"modified":"2015-03-02T08:33:44","modified_gmt":"2015-03-02T08:33:44","slug":"kim-kardashianin-trans-kadin-ve-lezbiyen-babasi","status":"publish","type":"post","link":"http:\/\/www.gzone.com.tr\/index.php\/2015\/03\/02\/kim-kardashianin-trans-kadin-ve-lezbiyen-babasi\/","title":{"rendered":"KIM KARDASHIAN&#8217;IN TRANS KADIN VE LEZB\u0130YEN BABASI"},"content":{"rendered":"<p>Kardashian ailesinin \u00fcvey &#8220;babas\u0131&#8221; olarak, Bruce ismiyle bilinen Belinda Jenner&#8217;\u0131n cinsel kimli\u011fi ses getirmeye devam ediyor.<\/p>\n<p>Bir s\u00fcre \u00f6nce &#8220;\u00fcvey babas\u0131 kad\u0131n oluyor&#8221; Tarz\u0131 haberlerle man\u015fetlere ta\u015f\u0131nan Jenner, kad\u0131n oldu\u011funu a\u00e7\u0131klam\u0131\u015ft\u0131 ve cinsiyet ge\u00e7i\u015f s\u00fcrecine girece\u011fini a\u00e7\u0131klam\u0131\u015ft\u0131. Uzun s\u00fcredir de toplumun i\u00e7inde bir kad\u0131n olarak yer al\u0131yordu.<\/p>\n<p>Bu sefer de cinsel y\u00f6nelimi ile ilgili man\u015fetlere ta\u015f\u0131nan Jenner, lezbiyen OLDU\u011eUNU &#8220;cinsel y\u00f6nelimim yine kad\u0131nlardan yana&#8221; s\u00f6zleriyle a\u00e7\u0131klad\u0131.<\/p>\n<p>Aile bireylerinden gelen a\u00e7\u0131klama ise \u015f\u00f6yle; &#8220;o erkek olmaman\u0131n nas\u0131l hissettirdi\u011fini bilmiyor. Ameliyattan sonra da erkeklere ilgi duyaca\u011f\u0131n\u0131 d\u00fc\u015f\u00fcnm\u00fcyor. O Y\u00fczden Kad\u0131nlara ilgi duymaya devam edecek&#8221;<\/p>\n<p>Ge\u00e7irece\u011fi en son operasyondan sonra Kim Kardashian&#8217;\u0131n annesi Kris&#8217;ten de resmi olarak bo\u015fanacak.<\/p>\n<p>&nbsp;<\/p>\n<p>Kaynak:<a href=\"http:\/\/www.milliyet.com.tr\/kim-kardashian-in-babasi-once-magazin-2020810\/\">M\u0130LL\u0130YET<\/a><\/p>\n","protected":false},"excerpt":{"rendered":"<p>Kardashian ailesinin \u00fcvey &#8220;babas\u0131&#8221; olarak, Bruce ismiyle bilinen Belinda Jenner&#8217;\u0131n cinsel kimli\u011fi ses getirmeye devam ediyor. Bir s\u00fcre \u00f6nce &#8220;\u00fcvey babas\u0131 kad\u0131n oluyor&#8221; Tarz\u0131 haberlerle man\u015fetlere ta\u015f\u0131nan Jenner, kad\u0131n oldu\u011funu a\u00e7\u0131klam\u0131\u015ft\u0131 ve cinsiyet ge\u00e7i\u015f s\u00fcrecine girece\u011fini a\u00e7\u0131klam\u0131\u015ft\u0131. Uzun s\u00fcredir de toplumun i\u00e7inde bir kad\u0131n olarak yer al\u0131yordu. Bu sefer de cinsel y\u00f6nelimi ile ilgili man\u015fetlere &hellip;<\/p>\n","protected":false},"author":1,"featured_media":7890,"comment_status":"open","ping_status":"open","sticky":false,"template":"","format":"standard","meta":{"footnotes":""},"categories":[92,720,91],"tags":[1484,599],"class_list":["post-7889","post","type-post","status-publish","format-standard","has-post-thumbnail","","category-dunya","category-escinselyasam","category-haberler","tag-kardashian","tag-trans"],"_links":{"self":[{"href":"http:\/\/www.gzone.com.tr\/index.php\/wp-json\/wp\/v2\/posts\/7889","targetHints":{"allow":["GET"]}}],"collection":[{"href":"http:\/\/www.gzone.com.tr\/index.php\/wp-json\/wp\/v2\/posts"}],"about":[{"href":"http:\/\/www.gzone.com.tr\/index.php\/wp-json\/wp\/v2\/types\/post"}],"author":[{"embeddable":true,"href":"http:\/\/www.gzone.com.tr\/index.php\/wp-json\/wp\/v2\/users\/1"}],"replies":[{"embeddable":true,"href":"http:\/\/www.gzone.com.tr\/index.php\/wp-json\/wp\/v2\/comments?post=7889"}],"version-history":[{"count":0,"href":"http:\/\/www.gzone.com.tr\/index.php\/wp-json\/wp\/v2\/posts\/7889\/revisions"}],"wp:featuredmedia":[{"embeddable":true,"href":"http:\/\/www.gzone.com.tr\/index.php\/wp-json\/wp\/v2\/media\/7890"}],"wp:attachment":[{"href":"http:\/\/www.gzone.com.tr\/index.php\/wp-json\/wp\/v2\/media?parent=7889"}],"wp:term":[{"taxonomy":"category","embeddable":true,"href":"http:\/\/www.gzone.com.tr\/index.php\/wp-json\/wp\/v2\/categories?post=7889"},{"taxonomy":"post_tag","embeddable":true,"href":"http:\/\/www.gzone.com.tr\/index.php\/wp-json\/wp\/v2\/tags?post=7889"}],"curies":[{"name":"wp","href":"https:\/\/api.w.org\/{rel}","templated":true}]}}