{"id":7628,"date":"2015-02-23T12:10:18","date_gmt":"2015-02-23T12:10:18","guid":{"rendered":"http:\/\/gzone.com.tr\/?p=7628"},"modified":"2015-02-23T12:10:18","modified_gmt":"2015-02-23T12:10:18","slug":"f-istanbulda-oduller-brezilya-ve-suriyenin","status":"publish","type":"post","link":"http:\/\/www.gzone.com.tr\/index.php\/2015\/02\/23\/f-istanbulda-oduller-brezilya-ve-suriyenin\/","title":{"rendered":"!f \u0130STANBUL&#8217;DA \u00d6D\u00dcLLER BREZ\u0130LYA VE SUR\u0130YE&#8217;N\u0130N"},"content":{"rendered":"<p><span lang=\"TR\">!f \u0130stanbul\u2019un 2015 \u00f6d\u00fclleri belli oldu! <\/span><\/p>\n<p><span lang=\"TR\">Bu y\u0131l sekizincisi d\u00fczenlenen Ke\u015f!f Yar\u0131\u015fmas\u0131\u2019n\u0131n kazanan\u0131 Brezilya\u2019dan \u201cAugust Winds\/A\u011fustos Esintisi\u201dyle Gabriel Mascaro olurken, A\u015fk ve Ba\u015fka Bi\u2019 D\u00fcnya Yar\u0131\u015fmas\u0131\u2019n\u0131n birincisi Suriye ve Fransa ortak yap\u0131m\u0131 \u201cSilvered Water, Syria Self-Portrait\/G\u00fcm\u00fc\u015f Suyu: Suriye Otoportresi\u201d se\u00e7ildi. <\/span><\/p>\n<p><span lang=\"TR\">T\u00fcrkiye\u2019den K\u0131salar<\/span> <span lang=\"TR\">\u0130zleyici \u00d6d\u00fcl\u00fc<\/span><span lang=\"TR\"> ise Orhan \u0130nce\u2019nin y\u00f6netti\u011fi Adem Ba\u015faran\u2019a verildi!<\/span><\/p>\n<p><em>(G\u00f6rsel, Batih Ghobadi&#8217;nin Mardan filmine aittir)<\/em><\/p>\n<p>&nbsp;<\/p>\n","protected":false},"excerpt":{"rendered":"<p>!f \u0130stanbul\u2019un 2015 \u00f6d\u00fclleri belli oldu! Bu y\u0131l sekizincisi d\u00fczenlenen Ke\u015f!f Yar\u0131\u015fmas\u0131\u2019n\u0131n kazanan\u0131 Brezilya\u2019dan \u201cAugust Winds\/A\u011fustos Esintisi\u201dyle Gabriel Mascaro olurken, A\u015fk ve Ba\u015fka Bi\u2019 D\u00fcnya Yar\u0131\u015fmas\u0131\u2019n\u0131n birincisi Suriye ve Fransa ortak yap\u0131m\u0131 \u201cSilvered Water, Syria Self-Portrait\/G\u00fcm\u00fc\u015f Suyu: Suriye Otoportresi\u201d se\u00e7ildi. T\u00fcrkiye\u2019den K\u0131salar \u0130zleyici \u00d6d\u00fcl\u00fc ise Orhan \u0130nce\u2019nin y\u00f6netti\u011fi Adem Ba\u015faran\u2019a verildi! (G\u00f6rsel, Batih Ghobadi&#8217;nin Mardan &hellip;<\/p>\n","protected":false},"author":1,"featured_media":7629,"comment_status":"open","ping_status":"open","sticky":false,"template":"","format":"standard","meta":{"footnotes":""},"categories":[28,61],"tags":[1458,1457,195],"class_list":["post-7628","post","type-post","status-publish","format-standard","has-post-thumbnail","","category-pop","category-sinematv","tag-f-istanbul","tag-if-istanbul","tag-sinema"],"_links":{"self":[{"href":"http:\/\/www.gzone.com.tr\/index.php\/wp-json\/wp\/v2\/posts\/7628","targetHints":{"allow":["GET"]}}],"collection":[{"href":"http:\/\/www.gzone.com.tr\/index.php\/wp-json\/wp\/v2\/posts"}],"about":[{"href":"http:\/\/www.gzone.com.tr\/index.php\/wp-json\/wp\/v2\/types\/post"}],"author":[{"embeddable":true,"href":"http:\/\/www.gzone.com.tr\/index.php\/wp-json\/wp\/v2\/users\/1"}],"replies":[{"embeddable":true,"href":"http:\/\/www.gzone.com.tr\/index.php\/wp-json\/wp\/v2\/comments?post=7628"}],"version-history":[{"count":0,"href":"http:\/\/www.gzone.com.tr\/index.php\/wp-json\/wp\/v2\/posts\/7628\/revisions"}],"wp:featuredmedia":[{"embeddable":true,"href":"http:\/\/www.gzone.com.tr\/index.php\/wp-json\/wp\/v2\/media\/7629"}],"wp:attachment":[{"href":"http:\/\/www.gzone.com.tr\/index.php\/wp-json\/wp\/v2\/media?parent=7628"}],"wp:term":[{"taxonomy":"category","embeddable":true,"href":"http:\/\/www.gzone.com.tr\/index.php\/wp-json\/wp\/v2\/categories?post=7628"},{"taxonomy":"post_tag","embeddable":true,"href":"http:\/\/www.gzone.com.tr\/index.php\/wp-json\/wp\/v2\/tags?post=7628"}],"curies":[{"name":"wp","href":"https:\/\/api.w.org\/{rel}","templated":true}]}}