{"id":7249,"date":"2015-02-11T12:21:24","date_gmt":"2015-02-11T12:21:24","guid":{"rendered":"http:\/\/gzone.com.tr\/?p=7249"},"modified":"2015-02-17T17:09:53","modified_gmt":"2015-02-17T17:09:53","slug":"bu-tarz-benimin-erkek-yarismacilarindan-savas-kiran","status":"publish","type":"post","link":"http:\/\/www.gzone.com.tr\/index.php\/2015\/02\/11\/bu-tarz-benimin-erkek-yarismacilarindan-savas-kiran\/","title":{"rendered":"BU TARZ BEN\u0130M&#8217;\u0130N ERKEK YARI\u015eMACILARINDAN SAVA\u015e KIRAN"},"content":{"rendered":"<p>Show Tv&#8217;de yay\u0131nlanan Bu Tarz Benim, d\u00fcn yay\u0131nlanan b\u00f6l\u00fcm\u00fcndeki erkek yar\u0131\u015fmac\u0131lar\u0131yla izleyicilerini \u015fa\u015f\u0131rtt\u0131.<\/p>\n<p>Bu erkek yar\u0131\u015fmac\u0131lar\u0131n en dikkat \u00e7ekenlerinden biri ise Sava\u015f K\u0131ran&#8217;d\u0131.\u00a0Bu yak\u0131\u015f\u0131kl\u0131n\u0131n g\u00f6zlere a\u015fina gelmesi bo\u015funa de\u011fil. Sava\u015f K\u0131ran&#8217;\u0131 ge\u00e7ti\u011fimiz yaz Kanal D&#8217;de yay\u0131nlanan ve Bodrum k\u0131y\u0131lar\u0131ndaki bir teknede ge\u00e7en ALABORA isimli reality show&#8217;dan tan\u0131yoruz. Hatta Sava\u015f, programda tan\u0131\u015ft\u0131\u011f\u0131 Ezgi \u00dcnal&#8217;la halen a\u015fk ya\u015f\u0131yor.<\/p>\n<p>Y\u00fczme antren\u00f6rl\u00fc\u011f\u00fc ve modellik yapan Sava\u015f, 26 ya\u015f\u0131nda bir Akrep burcu.<\/p>\n<p><a href=\"http:\/\/gzone.com.tr\/bu-tarz-benimin-yeni-konseptinin-tum-erkekleri\/\" target=\"_blank\"><strong>Yeni Format\u0131 ile 16 \u015eubat tarihinde yeniden ba\u015flayan &#8221;Bu Tarz Benim&#8221; de art\u0131k 10 tane erkek yar\u0131\u015f\u0131yor. Yar\u0131\u015fmaya se\u00e7ilen b\u00fct\u00fcn erkeklerin detayl\u0131 listesi i\u00e7in buraya t\u0131klay\u0131n!\u00a0<\/strong><\/a><\/p>\n<p><strong>\u0130\u015fte Sava\u015f K\u0131ran&#8217;\u0131n en g\u00fczel foto\u011fraflar\u0131:<\/strong><\/p>\n<p><img loading=\"lazy\" decoding=\"async\" class=\"alignnone\" src=\"http:\/\/s17.postimg.org\/et2jsu4of\/savas_kiran_ciplak.jpg\" alt=\"\" width=\"640\" height=\"640\" \/><\/p>\n<p><img loading=\"lazy\" decoding=\"async\" class=\"alignnone\" src=\"http:\/\/s24.postimg.org\/x2jud868l\/savas_kiran_alabora_yarismasi_e_blogu_blogspot_4.jpg\" alt=\"\" width=\"640\" height=\"640\" \/><\/p>\n<p><img loading=\"lazy\" decoding=\"async\" class=\"alignnone\" src=\"http:\/\/s3.postimg.org\/6g3x5mb4z\/savas_kiran.jpg\" alt=\"\" width=\"612\" height=\"612\" \/><\/p>\n<p><img loading=\"lazy\" decoding=\"async\" class=\"alignnone\" src=\"http:\/\/s24.postimg.org\/tk3933fyt\/alabora_yarismacilari.jpg\" alt=\"\" width=\"640\" height=\"640\" \/><\/p>\n<p><img loading=\"lazy\" decoding=\"async\" class=\"alignnone\" src=\"http:\/\/s13.postimg.org\/cd5z438lj\/10932259_979734838721340_1668144727_n.jpg\" alt=\"\" width=\"640\" height=\"640\" \/><\/p>\n<p><img loading=\"lazy\" decoding=\"async\" class=\"alignnone\" src=\"http:\/\/s4.postimg.org\/3zh6aaj5p\/10724759_762759633799920_357137070_n.jpg\" alt=\"\" width=\"640\" height=\"640\" \/><\/p>\n<p><img loading=\"lazy\" decoding=\"async\" class=\"alignnone\" src=\"http:\/\/s11.postimg.org\/jl8xes6wj\/savas_kiran_model.jpg\" alt=\"\" width=\"640\" height=\"640\" \/><\/p>\n<p><img loading=\"lazy\" decoding=\"async\" class=\"alignnone\" src=\"http:\/\/s28.postimg.org\/nja3wa3pp\/photo.png\" alt=\"\" width=\"512\" height=\"512\" \/><\/p>\n<p><img loading=\"lazy\" decoding=\"async\" class=\"alignnone\" src=\"http:\/\/s28.postimg.org\/d7xr3mc0d\/10954730_703937706390301_1373247826_n.jpg\" alt=\"\" width=\"640\" height=\"640\" \/><\/p>\n<p><strong>\u0130\u015fte Sava\u015f K\u0131ran&#8217;\u0131n ALABORA program\u0131ndaki g\u00f6r\u00fcnt\u00fcleri<\/strong><\/p>\n<p><iframe loading=\"lazy\" src=\"https:\/\/www.youtube.com\/embed\/aViNxRMmg50\" width=\"560\" height=\"315\" frameborder=\"0\" allowfullscreen=\"allowfullscreen\"><\/iframe><\/p>\n<p>&nbsp;<\/p>\n<p>&nbsp;<\/p>\n","protected":false},"excerpt":{"rendered":"<p>Show Tv&#8217;de yay\u0131nlanan Bu Tarz Benim, d\u00fcn yay\u0131nlanan b\u00f6l\u00fcm\u00fcndeki erkek yar\u0131\u015fmac\u0131lar\u0131yla izleyicilerini \u015fa\u015f\u0131rtt\u0131. Bu erkek yar\u0131\u015fmac\u0131lar\u0131n en dikkat \u00e7ekenlerinden biri ise Sava\u015f K\u0131ran&#8217;d\u0131.\u00a0Bu yak\u0131\u015f\u0131kl\u0131n\u0131n g\u00f6zlere a\u015fina gelmesi bo\u015funa de\u011fil. Sava\u015f K\u0131ran&#8217;\u0131 ge\u00e7ti\u011fimiz yaz Kanal D&#8217;de yay\u0131nlanan ve Bodrum k\u0131y\u0131lar\u0131ndaki bir teknede ge\u00e7en ALABORA isimli reality show&#8217;dan tan\u0131yoruz. Hatta Sava\u015f, programda tan\u0131\u015ft\u0131\u011f\u0131 Ezgi \u00dcnal&#8217;la halen a\u015fk &hellip;<\/p>\n","protected":false},"author":1,"featured_media":7250,"comment_status":"open","ping_status":"open","sticky":false,"template":"","format":"standard","meta":{"footnotes":""},"categories":[2369,28],"tags":[934,218,1411,132],"class_list":["post-7249","post","type-post","status-publish","format-standard","has-post-thumbnail","","category-erkekler","category-pop","tag-bu-tarz-benim","tag-erkekler","tag-savas-kiran","tag-tv"],"_links":{"self":[{"href":"http:\/\/www.gzone.com.tr\/index.php\/wp-json\/wp\/v2\/posts\/7249","targetHints":{"allow":["GET"]}}],"collection":[{"href":"http:\/\/www.gzone.com.tr\/index.php\/wp-json\/wp\/v2\/posts"}],"about":[{"href":"http:\/\/www.gzone.com.tr\/index.php\/wp-json\/wp\/v2\/types\/post"}],"author":[{"embeddable":true,"href":"http:\/\/www.gzone.com.tr\/index.php\/wp-json\/wp\/v2\/users\/1"}],"replies":[{"embeddable":true,"href":"http:\/\/www.gzone.com.tr\/index.php\/wp-json\/wp\/v2\/comments?post=7249"}],"version-history":[{"count":0,"href":"http:\/\/www.gzone.com.tr\/index.php\/wp-json\/wp\/v2\/posts\/7249\/revisions"}],"wp:featuredmedia":[{"embeddable":true,"href":"http:\/\/www.gzone.com.tr\/index.php\/wp-json\/wp\/v2\/media\/7250"}],"wp:attachment":[{"href":"http:\/\/www.gzone.com.tr\/index.php\/wp-json\/wp\/v2\/media?parent=7249"}],"wp:term":[{"taxonomy":"category","embeddable":true,"href":"http:\/\/www.gzone.com.tr\/index.php\/wp-json\/wp\/v2\/categories?post=7249"},{"taxonomy":"post_tag","embeddable":true,"href":"http:\/\/www.gzone.com.tr\/index.php\/wp-json\/wp\/v2\/tags?post=7249"}],"curies":[{"name":"wp","href":"https:\/\/api.w.org\/{rel}","templated":true}]}}