{"id":6474,"date":"2015-01-19T14:03:26","date_gmt":"2015-01-19T14:03:26","guid":{"rendered":"http:\/\/gzone.com.tr\/?p=6474"},"modified":"2015-01-19T14:03:26","modified_gmt":"2015-01-19T14:03:26","slug":"trans-nefret-cinayetlerinde-avrupa-birinciligini-kimseye-kaptirmadik","status":"publish","type":"post","link":"http:\/\/www.gzone.com.tr\/index.php\/2015\/01\/19\/trans-nefret-cinayetlerinde-avrupa-birinciligini-kimseye-kaptirmadik\/","title":{"rendered":"TRANS NEFRET C\u0130NAYETLER\u0130NDE AVRUPA B\u0130R\u0130NC\u0130L\u0130\u011e\u0130N\u0130 K\u0130MSEYE KAPTIRMADIK"},"content":{"rendered":"<h5>VeriGazeteciligi.Com sitesinden Beg\u00fcm Erginbay, M. Efe Altay ve Efe S\u00f6nmez T\u00fcrkiye\u2019de ya\u015fanan trans nefret cinayetleri ve cinsiyet kimli\u011fi temelli ayr\u0131mc\u0131l\u0131\u011fa dair raporlar ve haberleri derlediler.<\/h5>\n<p>T\u00fcrkiye\u2019de <strong>2009-2014<\/strong> y\u0131llar\u0131 aras\u0131nda <strong>34<\/strong> trans kad\u0131n, nefret cinayetinin kurban\u0131 oldu. Son 6 y\u0131lda <strong>\u0130stanbul<\/strong>\u2019da <strong>14<\/strong> trans kad\u0131n \u00f6ld\u00fcr\u00fcl\u00fcrken bu rakam <strong>Manisa<\/strong>, <strong>Kocaeli<\/strong> ve <strong>Hatay<\/strong>\u2019da <strong>1<\/strong> olarak kay\u0131tlara ge\u00e7ti. T\u00fcrkiye bu anlamda Avrupa\u2019da birinci s\u0131rada.<\/p>\n<p>CHP \u0130stanbul Milletvekili Melda Onur, 20 Ekim 2014\u2019te trans cinayetlerini TBMM g\u00fcndemine verdi\u011fi soru \u00f6nergesiyle ta\u015f\u0131m\u0131\u015ft\u0131. Onur, Meclis\u2019te son 5 y\u0131lda ka\u00e7 trans bireyin hangi illerde \u00f6ld\u00fcr\u00fcld\u00fc\u011f\u00fcn\u00fc ve nefret cinayetlerinin \u00f6nlenebilmesi i\u00e7in hangi yasal ad\u0131mlar\u0131n at\u0131laca\u011f\u0131n\u0131 sormu\u015ftu. Elde edilen veriler, T\u00fcrkiye\u2019de transfobinin ne boyutta oldu\u011funu g\u00f6zler \u00f6n\u00fcne serdi. Son 6 y\u0131lda 34 trans kad\u0131n ate\u015fli silahla, kesici aletle ya da d\u00f6v\u00fclerek \u00f6ld\u00fcr\u00fcld\u00fc. Trans kad\u0131nlara y\u00f6nelik nefret cinayetlerinde kullan\u0131lan y\u00f6ntemler aras\u0131nda ise y\u00fczde 61\u2019lik oranla kesici aletlerin fazlal\u0131\u011f\u0131 g\u00f6ze \u00e7arp\u0131yor.<\/p>\n<p>Sorular\u0131m\u0131z\u0131 yan\u0131tlayan \u0130stanbul LGBT\u0130\u2019den Ebru K\u0131ranc\u0131, cinayetlerde kesici aletlerin daha fazla kullan\u0131lmas\u0131n\u0131n \u201cgeleneklerden kaynakland\u0131\u011f\u0131n\u0131\u201d s\u00f6yl\u00fcyor. K\u0131ranc\u0131, \u201cK\u00fc\u00e7\u00fck \u00e7ocuklar dahi kurban bayramlar\u0131nda bo\u011faz\u0131 kesilen hayvanlar\u0131 g\u00f6r\u00fcyorlar, al\u0131\u015f\u0131yorlar bu g\u00f6r\u00fcnt\u00fcye.\u201d diyor.<\/p>\n<p><img loading=\"lazy\" decoding=\"async\" src=\"http:\/\/pembehayat.org\/foto\/veri1.jpg\" alt=\"\" width=\"550\" height=\"301\" align=\"middle\" \/><\/p>\n<p>\u0130stanbul 14 cinayetle listede birinci s\u0131rada yer al\u0131rken bu kenti s\u0131ras\u0131yla \u0130zmir 5, \u00a0Antalya ve Ayd\u0131n 3\u2019er, Bursa, Gaziantep ve Ankara ise 2\u2019\u015fer cinayetle takip ediyor. Trans cinayetleri, e\u011fitim ve gelir d\u00fczeyinin y\u00fcksek, trans kad\u0131nlar\u0131n da daha g\u00f6r\u00fcn\u00fcr oldu\u011fu Bat\u0131 illerinde ger\u00e7ekle\u015fti. Ebru K\u0131ranc\u0131, Bat\u0131\u2019da daha fazla seks i\u015f\u00e7isi olmas\u0131 nedeniyle m\u00fc\u015fterilerle trans kad\u0131nlar aras\u0131nda tart\u0131\u015fmalar\u0131n \u00e7\u0131kt\u0131\u011f\u0131n\u0131 ifade ediyor.<\/p>\n<p>\u201cTart\u0131\u015fmalar olduk\u00e7a da daha \u00e7ok nefret cinayeti i\u015fleniyor\u201d diyen K\u0131ranc\u0131, trans bireylerin \u00f6zellikle Do\u011fu\u2019dan Bat\u0131 illerine g\u00f6\u00e7 ettiklerini, burada da g\u00fcvensiz alanlarda \u00e7al\u0131\u015ft\u0131klar\u0131n\u0131 belirtiyor. \u0130ncelenen rapor ve haberlere g\u00f6re Karadeniz, Do\u011fu Anadolu, G\u00fcneydo\u011fu Anadolu ve \u0130\u00e7 Anadolu\u2019nun Ankara haricindeki kentlerinde trans cinayetleri g\u00f6r\u00fclmedi. Ancak bu illerden baz\u0131lar\u0131nda homofobik ve transfobik sald\u0131r\u0131lar ya\u015fand\u0131. Cinayet ve bu sald\u0131r\u0131lar\u0131n haricinde trans bireylerin kimi illerde ve b\u00f6lgelerde soka\u011fa \u00e7\u0131kmalar\u0131 bile imkans\u0131za yak\u0131n. \u00d6yle ki, mahalle bask\u0131s\u0131 alt\u0131nda ezilen translar, devletin de \u201c\u00f6teki\u201d listesindeler. Trans bireyler, bazen bask\u0131lar alt\u0131nda ya\u015famlar\u0131na son vermeyi de tercih ediyor. Bu tercih, translar aras\u0131nda fazlas\u0131yla yayg\u0131n.<\/p>\n<p><img loading=\"lazy\" decoding=\"async\" src=\"http:\/\/pembehayat.org\/foto\/veri2.jpg\" alt=\"\" width=\"550\" height=\"301\" align=\"middle\" \/><\/p>\n<p><strong>K\u0131ranc\u0131: Seks i\u015f\u00e7ili\u011fi yapm\u0131yor trans erkekler, bu y\u00fczden de \u00f6ld\u00fcr\u00fclm\u00fcyorlar<\/strong><\/p>\n<p>Trans cinayetleri, 2010 y\u0131l\u0131nda zirve yapt\u0131. Bu y\u0131lda, 8 trans kad\u0131n nefret cinayetinin hedefindeydi. Son 6 y\u0131lda en az say\u0131da cinayet ise 4 trans kad\u0131n\u0131n \u00f6ld\u00fcr\u00fclmesiyle 2014\u2019te ya\u015fand\u0131. Veriler, \u00f6nemli bir ayr\u0131nt\u0131y\u0131 daha ortaya koydu. \u00d6ld\u00fcr\u00fclenlerin hepsi transeks\u00fcel kad\u0131nlardan olu\u015fuyor. Son 6 y\u0131lda hi\u00e7bir trans erke\u011fin \u00f6ld\u00fcr\u00fclmemesi dikkati \u00e7ekici bir unsur. Ebru K\u0131ranc\u0131 bu durumu, \u201c\u00d6ld\u00fcr\u00fclmedi ama \u00f6ld\u00fcr\u00fclmeye zorland\u0131. Okyanus vard\u0131 hat\u0131rlarsan\u0131z\u2026 Seks i\u015f\u00e7ili\u011fi yapm\u0131yor trans erkekler, \u00a0bu y\u00fczden de \u00f6ld\u00fcr\u00fclm\u00fcyorlar\u2026\u201d s\u00f6zleriyle yorumluyor. 2009-2014 y\u0131llar\u0131nda \u00f6ld\u00fcr\u00fclen 34 trans kad\u0131n\u0131n en k\u00fc\u00e7\u00fc\u011f\u00fc 19 ya\u015f\u0131nda \u0130stanbul\u2019da, en b\u00fcy\u00fc\u011f\u00fc 51 ya\u015f\u0131nda \u0130zmir\u2019de hayat\u0131n\u0131 kaybetti.<\/p>\n<p><img loading=\"lazy\" decoding=\"async\" src=\"http:\/\/pembehayat.org\/foto\/veri3.jpg\" alt=\"\" width=\"550\" height=\"294\" align=\"middle\" \/><\/p>\n<p><strong>Cinayetler \u0130stanbul\u2019da Yo\u011funla\u015f\u0131yor<\/strong><\/p>\n<p>Trans cinayetleri, trans kad\u0131nlar\u0131n daha g\u00f6r\u00fcn\u00fcr oldu\u011fu \u0130stanbul, Ankara, \u0130zmir, Ayd\u0131n ve Bursa\u2019da daha s\u0131k g\u00f6r\u00fcld\u00fc. Her 2 cinayetten biri ise \u0130stanbul\u2019da ger\u00e7ekle\u015fti. Kentte Avc\u0131lar ve Beyo\u011flu, cinayetlerin g\u00f6r\u00fclme s\u0131kl\u0131\u011f\u0131 a\u00e7\u0131s\u0131ndan ba\u015f\u0131 \u00e7ekiyor. Manisa, Kocaeli ve Hatay\u2019da son 6 y\u0131lda sadece 1 trans birey \u00f6ld\u00fcr\u00fcld\u00fc. \u0130stanbul\u2019da ise her y\u0131l en az 1 trans cinayeti ger\u00e7ekle\u015fti. \u0130stanbul, 2012 y\u0131l\u0131 hari\u00e7, trans kad\u0131nlar\u0131n \u00f6ld\u00fcr\u00fclmesi bak\u0131m\u0131ndan listenin ba\u015f\u0131nda olan kent. Antalya\u2019da 2012\u2019de 2, \u0130stanbul\u2019da ise 1 trans kad\u0131n hayat\u0131n\u0131 kaybetti.<\/p>\n<p><img loading=\"lazy\" decoding=\"async\" src=\"http:\/\/pembehayat.org\/foto\/veri4.jpg\" alt=\"\" width=\"550\" height=\"293\" align=\"middle\" \/><\/p>\n<p><strong>T\u00fcrkiye Nefret Cinayetlerinde D\u00fcnyada Nerede?<\/strong><\/p>\n<p>T\u00fcrkiye\u2019de oldu\u011fu gibi d\u00fcnya genelinde de cinsel y\u00f6nelimi farkl\u0131 olan insanlar \u00f6ld\u00fcr\u00fcld\u00fc. Transgender Europe taraf\u0131ndan y\u00fcr\u00fct\u00fclen Transrespect Versus Transphobia (TvT) ara\u015ft\u0131rmas\u0131na g\u00f6re, d\u00fcnya \u00e7ap\u0131nda son 6 y\u0131lda bin 463 ki\u015fi, cinsel y\u00f6nelimleri nedeniyle \u00f6ld\u00fcr\u00fcld\u00fc. T\u0131pk\u0131 T\u00fcrkiye gibi Brezilya da cinayetlerin en s\u0131k i\u015flendi\u011fi \u00fclkelerin ba\u015f\u0131nda geldi. Brezilya\u2019da 2009-2014 y\u0131llar\u0131nda 587 ki\u015fi hayat\u0131n\u0131 kaybetti. Kaotik ortam\u0131 s\u00fcren Irak\u2019ta 6 y\u0131lda hi\u00e7 cinayet raporlanmazken, \u0130ran\u2019da bu say\u0131 1, Azerbaycan\u2019da ise 2 olarak kay\u0131tlara ge\u00e7ti. \u201c\u00d6zg\u00fcrl\u00fckler \u00dclkesi\u201d Amerika Birle\u015fik Devletleri\u2019nde ise 82 ki\u015fi, nefret cinayetlerinin hedefi oldu. T\u00fcrkiye\u2019de, Irak ve \u0130ran gibi kom\u015fu \u00fclkelere nazaran, trans cinayetlerinin raporlanmas\u0131 anlam\u0131nda daha \u015feffaf davran\u0131l\u0131yor.<\/p>\n<p>T\u00fcrkiye, \u00a0Avrupa\u2019da nefret cinayetlerinde birinci s\u0131rada yer ald\u0131. 34 trans kad\u0131n\u0131n \u00f6ld\u00fcr\u00fcld\u00fc\u011f\u00fc T\u00fcrkiye\u2019yi, \u0130talya 22, \u0130spanya ve Birle\u015fik Krall\u0131k 6\u2019\u015far cinayetle takip etti. Ancak d\u00fcnya genelini kapsayan rakamlar, genel olarak nefret cinayetlerini anlat\u0131yor. Bu anlamda trans kad\u0131nlara ili\u015fkin ayr\u0131 bir istatistik yok.<\/p>\n<p><img loading=\"lazy\" decoding=\"async\" src=\"http:\/\/pembehayat.org\/foto\/veri5.jpg\" alt=\"\" width=\"550\" height=\"293\" align=\"middle\" \/><\/p>\n<p>T<strong>rans Kad\u0131nlara \u0130li\u015fkin Y\u00f6nelik Anketten \u00c7\u0131kan Sonu\u00e7lar<\/strong><\/p>\n<p>Ara\u015ft\u0131rma kapsam\u0131nda yap\u0131lan, Trans Bireylere Y\u00f6nelik Nefret Su\u00e7u Ara\u015ft\u0131rmas\u0131 Anketi\u2019nden ilgin\u00e7 sonu\u00e7lara ula\u015f\u0131ld\u0131. Ankete kat\u0131lanlar\u0131n b\u00fcy\u00fck b\u00f6l\u00fcm\u00fcn\u00fc lisans d\u00fczeyinde e\u011fitim alan insanlar olu\u015fturuyor. Ankete kat\u0131lanlar\u0131n y\u00fczde 53\u2019\u00fc kad\u0131n, y\u00fczde 46\u2019s\u0131 erkek, 1 ki\u015fi ise interseks. Ki\u015filerin cinsel y\u00f6nelimleri ise heteroseks\u00fcellik (kar\u015f\u0131 cinse ilgi) y\u00f6n\u00fcnden a\u011f\u0131r bas\u0131yor. Kendini biseks\u00fcel ve gey olarak tan\u0131mlayanlar, lezbiyen ve transseks\u00fcel oldu\u011funu belirtenlerden fazla. Kat\u0131l\u0131mc\u0131lar\u0131n y\u00fczde 79\u2019u \u0130stanbul\u2019da ya\u015f\u0131yor.<\/p>\n<p><img loading=\"lazy\" decoding=\"async\" src=\"http:\/\/pembehayat.org\/foto\/veri6.jpg\" alt=\"\" width=\"550\" height=\"293\" align=\"middle\" \/><\/p>\n<p>Anketi cevaplayanlar\u0131n hepsi trans kelimesinin ne anlama geldi\u011fini biliyor ve y\u00fczde 66\u2019s\u0131n\u0131n LGBTT bireyi tan\u0131d\u0131\u011f\u0131 veya akrabas\u0131 var. Yan\u0131t verenlerin y\u00fczde 15\u2019i trans bireylerden rahats\u0131z olurken, trans cinayetlerinden sorumluluk hissetmeyenlerin oran\u0131 ise y\u00fczde 40. Trans cinayetlerine ili\u015fkin haberleri takip edenlerin oran\u0131 ise y\u00fczde 69.<\/p>\n<p><img loading=\"lazy\" decoding=\"async\" src=\"http:\/\/pembehayat.org\/foto\/veri7.jpg\" alt=\"\" width=\"550\" height=\"293\" align=\"middle\" \/><\/p>\n<p><strong>\u201cOnlar da Toplumu \u00d6ld\u00fcr\u00fcyor\u2026\u201d<\/strong><\/p>\n<p>\u0130nternet ve y\u00fczy\u00fcze g\u00f6r\u00fc\u015fme y\u00f6ntemiyle yap\u0131lan ankette kat\u0131l\u0131mc\u0131lar, nefret su\u00e7u say\u0131labilecek cevaplar da verdiler. Ankette baz\u0131 sorular\u0131n cevaplar\u0131nda \u00fc\u00e7\u00fcnc\u00fc se\u00e7enek olarak \u201cdi\u011fer\u201d b\u00f6l\u00fcm\u00fc yer ald\u0131. Kat\u0131l\u0131mc\u0131lar\u0131n \u00e7ok k\u00fc\u00e7\u00fck bir k\u0131sm\u0131 buraya, soruya ili\u015fkin farkl\u0131 d\u00fc\u015f\u00fcncelerini yazd\u0131. Anketi cevaplayanlardan baz\u0131lar\u0131 \u201ctrans cinayetlerinde sorumluluk hissedip hissetmediklerine\u201d ili\u015fkin soruya, \u201cHissetmiyorum, onlar da toplumu \u00f6ld\u00fcr\u00fcyor\u201d \u015feklinde cevaplar verdi. Baz\u0131 kat\u0131l\u0131mc\u0131lar ise bu konuda, sadece medyaya yans\u0131yan haberler \u00fczerinden bilgi sahibi oldu\u011funu dile getirdi.<\/p>\n<p><img loading=\"lazy\" decoding=\"async\" src=\"http:\/\/pembehayat.org\/foto\/veri8.jpg\" alt=\"\" width=\"550\" height=\"293\" align=\"middle\" \/><\/p>\n<p>Ara\u015ft\u0131rma anketi i\u00e7in soka\u011fa \u00e7\u0131kan ekip, farkl\u0131 tepkilerle de kar\u015f\u0131la\u015ft\u0131. Anketi cevaplamas\u0131 talep edilen 3 ki\u015fi, ankete ve sorulara tepki g\u00f6stererek ka\u011f\u0131tlar\u0131 y\u0131rtt\u0131. Bu olay, trans cinayetlerinin T\u00fcrkiye\u2019de konu\u015fulma ve g\u00fcndeme al\u0131narak \u00e7\u00f6z\u00fcm \u00f6nerileri getirmenin \u00f6n\u00fcndeki engelleri ortaya koymu\u015f oldu.<\/p>\n<p><strong>\u201cTrans Birey Yerine K\u0131z Kemal\u2026\u201d<\/strong><\/p>\n<p>Trans cinayetleri ve medya ili\u015fkisi \u00fczerine sorular\u0131m\u0131z\u0131 yan\u0131tlayan gazeteci-yazar Mehve\u015f Evin, T\u00fcrkiye\u2019dekine paralel olarak medyada da homoseks\u00fcelli\u011fe kar\u015f\u0131 bir \u00f6nyarg\u0131 oldu\u011funu ve bunun da haber diline yans\u0131d\u0131\u011f\u0131n\u0131 s\u00f6yledi.<\/p>\n<p>Evin, erkeklerin yaz\u0131i\u015fleri ve y\u00f6netici konumda hakim oldu\u011fu medyada, bu tip haberleri \u201cHalk b\u00f6yle g\u00f6rmek ister ya da daha \u00e7ok satar\u201d diyerek farkl\u0131 yay\u0131nlad\u0131klar\u0131n\u0131 ifade etti.<\/p>\n<p>\u00d6zellikle internette daha \u00e7ok t\u0131klanma u\u011fruna g\u00f6rselin ve haber ba\u015fl\u0131\u011f\u0131n\u0131n ayr\u0131mc\u0131 ve nefret s\u00f6ylemine yol a\u00e7acak \u015fekilde kullan\u0131labildi\u011fini anlatan Evin, \u201cTrans birey cinayeti demek yerine \u2018k\u0131z Kemal\u2019 demek daha \u00e7ok ilgi \u00e7ekti\u011fi i\u00e7in onu kullan\u0131yor. Travesti olarak s\u00f6ylenmesindeki sorunu da anlam\u0131yorlar\u201d diye konu\u015ftu.<\/p>\n<p><strong>Gazeteci-Yazar Mehve\u015f Evin, konu\u015fmas\u0131n\u0131 \u015f\u00f6yle s\u00fcrd\u00fcrd\u00fc:<\/strong><\/p>\n<p>\u201cBireyleri \u00f6ld\u00fcren ki\u015filerin ba\u015f\u0131na gelen \u015feylere bak\u0131n, esas sorun orada; \u00e7\u00fcnk\u00fc sistem, onu cezaland\u0131rm\u0131yor ya da yeterince cezaland\u0131rm\u0131yor. Bir trans cinayetlerinin sonunda x ki\u015fi bir gerek\u00e7e g\u00f6stererek de\u011fil de ger\u00e7ekten bir insan \u00f6ld\u00fcrmenin cezas\u0131n\u0131 alsa bu gazetelere de o \u015fekilde yans\u0131yacak zaten. \u2018Trans ise \u00f6ld\u00fcr\u00fclmeyi, kad\u0131n bo\u015fanm\u0131\u015fsa \u00f6ld\u00fcr\u00fclmeyi haketmi\u015ftir\u2019 anlay\u0131\u015f\u0131n\u0131 yayg\u0131nla\u015ft\u0131rd\u0131\u011f\u0131n\u0131z s\u00fcrece cinayetlere etki ediyor bu.\u201d<\/p>\n<p><strong>Edit\u00f6r Notu:<\/strong><\/p>\n<p><strong>Beg\u00fcm Erginbay:<\/strong> Bir\u00e7ok dernekten ald\u0131\u011f\u0131m\u0131z verilerden olu\u015fturdu\u011fumuz veri setine g\u00f6re haberimizi haz\u0131rlad\u0131k. Bu s\u00fcre\u00e7te verilerin do\u011frulu\u011funu ba\u015fka kaynaklardan da kontrol etmemiz gerekti. Trans kad\u0131nlar\u0131n ger\u00e7ek isimlerinin yan\u0131nda kulland\u0131klar\u0131 takma adlardan \u00f6l\u00fcm tarihlerinin haberlerde verilmemesine kadar bir\u00e7ok sorunla kar\u015f\u0131la\u015ft\u0131k.<\/p>\n<p><strong>M. Efe Altay:<\/strong> Anaak\u0131m medyan\u0131n trans cinayetleri konusunda \u00e7ok verimli \u00e7al\u0131\u015fmad\u0131\u011f\u0131n\u0131 g\u00f6zlemlemi\u015f olduk bu \u00e7al\u0131\u015fmam\u0131zda. LGBT\u0130 dernekleri veriler konusunda bize \u00e7ok yard\u0131mc\u0131 oldu. Ara\u015ft\u0131rma konumuzun hassasiyetinin fark\u0131ndayd\u0131k fakat bu kadar ac\u0131 bir tablo \u00e7\u0131kaca\u011f\u0131n\u0131 d\u00fc\u015f\u00fcnmemi\u015ftik.<\/p>\n<p><strong>Efe S\u00f6nmez:<\/strong> Ara\u015ft\u0131rmay\u0131 yaparken benim dikkatimi en \u00e7ok, anaak\u0131m ve alternatif medya olarak nitelenen yay\u0131n kurulu\u015flar\u0131ndaki s\u00f6ylem farkl\u0131l\u0131\u011f\u0131 \u00e7ekti. Bu ayr\u0131mlar asl\u0131nda, toplumun \u00e7e\u015fitli kesimlerinin bu konuya bak\u0131\u015f a\u00e7\u0131s\u0131n\u0131n da farkl\u0131l\u0131klar\u0131n\u0131 temsil eder nitelikte.<\/p>\n<p>&nbsp;<\/p>\n<p><em>Haberin kayna\u011f\u0131 ve ara\u015ft\u0131rmayla ilgili\u00a0di\u011fer\u00a0kaynak\u00e7a bilgisi i\u00e7in <a href=\"http:\/\/pembehayat.org\/haberler.php?id=653\" target=\"_blank\">PEMBE HAYAT WEB S\u0130TES\u0130<\/a>&#8216;ni ziyaret edebilirsiniz<\/em><\/p>\n","protected":false},"excerpt":{"rendered":"<p>VeriGazeteciligi.Com sitesinden Beg\u00fcm Erginbay, M. Efe Altay ve Efe S\u00f6nmez T\u00fcrkiye\u2019de ya\u015fanan trans nefret cinayetleri ve cinsiyet kimli\u011fi temelli ayr\u0131mc\u0131l\u0131\u011fa dair raporlar ve haberleri derlediler. T\u00fcrkiye\u2019de 2009-2014 y\u0131llar\u0131 aras\u0131nda 34 trans kad\u0131n, nefret cinayetinin kurban\u0131 oldu. Son 6 y\u0131lda \u0130stanbul\u2019da 14 trans kad\u0131n \u00f6ld\u00fcr\u00fcl\u00fcrken bu rakam Manisa, Kocaeli ve Hatay\u2019da 1 olarak kay\u0131tlara ge\u00e7ti. T\u00fcrkiye &hellip;<\/p>\n","protected":false},"author":1,"featured_media":6475,"comment_status":"open","ping_status":"open","sticky":false,"template":"","format":"standard","meta":{"footnotes":""},"categories":[91,96],"tags":[1269,599,529],"class_list":["post-6474","post","type-post","status-publish","format-standard","has-post-thumbnail","","category-haberler","category-turkiye","tag-nefret-cinayeti","tag-trans","tag-turkiye-2"],"_links":{"self":[{"href":"http:\/\/www.gzone.com.tr\/index.php\/wp-json\/wp\/v2\/posts\/6474","targetHints":{"allow":["GET"]}}],"collection":[{"href":"http:\/\/www.gzone.com.tr\/index.php\/wp-json\/wp\/v2\/posts"}],"about":[{"href":"http:\/\/www.gzone.com.tr\/index.php\/wp-json\/wp\/v2\/types\/post"}],"author":[{"embeddable":true,"href":"http:\/\/www.gzone.com.tr\/index.php\/wp-json\/wp\/v2\/users\/1"}],"replies":[{"embeddable":true,"href":"http:\/\/www.gzone.com.tr\/index.php\/wp-json\/wp\/v2\/comments?post=6474"}],"version-history":[{"count":0,"href":"http:\/\/www.gzone.com.tr\/index.php\/wp-json\/wp\/v2\/posts\/6474\/revisions"}],"wp:featuredmedia":[{"embeddable":true,"href":"http:\/\/www.gzone.com.tr\/index.php\/wp-json\/wp\/v2\/media\/6475"}],"wp:attachment":[{"href":"http:\/\/www.gzone.com.tr\/index.php\/wp-json\/wp\/v2\/media?parent=6474"}],"wp:term":[{"taxonomy":"category","embeddable":true,"href":"http:\/\/www.gzone.com.tr\/index.php\/wp-json\/wp\/v2\/categories?post=6474"},{"taxonomy":"post_tag","embeddable":true,"href":"http:\/\/www.gzone.com.tr\/index.php\/wp-json\/wp\/v2\/tags?post=6474"}],"curies":[{"name":"wp","href":"https:\/\/api.w.org\/{rel}","templated":true}]}}