{"id":6091,"date":"2015-01-06T12:13:58","date_gmt":"2015-01-06T12:13:58","guid":{"rendered":"http:\/\/gzone.com.tr\/?p=6091"},"modified":"2015-01-06T12:13:58","modified_gmt":"2015-01-06T12:13:58","slug":"moda-ikonumuz-engin-can","status":"publish","type":"post","link":"http:\/\/www.gzone.com.tr\/index.php\/2015\/01\/06\/moda-ikonumuz-engin-can\/","title":{"rendered":"MODA \u0130KONUMUZ ENG\u0130N CAN"},"content":{"rendered":"<p><strong>Sibel Can&#8217;\u0131n, giyim tarz\u0131yla s\u0131k s\u0131k g\u00fcndeme gelen o\u011flu Engin Can bir kez daha \u015fa\u015f\u0131rtt\u0131.<\/strong><\/p>\n<p>Noel tatili dolay\u0131s\u0131yla Miami\u2019den \u0130stanbul\u2019a gelen, Sibel Can ile Hakan Ural\u2019\u0131n o\u011fullar\u0131 Engin Can Ural \u00f6nceki gece Etiler Sar\u0131han \u00c7orbac\u0131\u2019s\u0131ndayd\u0131. Dondurucu so\u011fukta montuna sar\u0131lan Engin Can&#8217;\u0131n bacaklar\u0131 \u00e7\u0131plakt\u0131.<\/p>\n<p>Arkada\u015flar\u0131yla hal\u0131 saha ma\u00e7\u0131 yapan Ural&#8217;\u0131n ma\u00e7 bitince solu\u011fu \u00e7orbac\u0131da ald\u0131\u011f\u0131 \u00f6\u011frenildi. Engin Can,\u00a0 \u015fortunun \u00fcst\u00fcne giydi\u011fi paltosuyla t\u00fcm dikkatleri \u00fczerine \u00e7ekti.<\/p>\n<p>Sorular \u00fczerine ma\u00e7\u0131 kendi tak\u0131m\u0131n\u0131n kazand\u0131\u011f\u0131n\u0131 s\u00f6yleyen Ural, annesinin cipiyle mek\u00e2ndan ayr\u0131ld\u0131.\u00a0Sibel Can\u2019\u0131n s\u0131ra d\u0131\u015f\u0131 giyim tarz\u0131yla tan\u0131nan o\u011flu Engin Can Ural, temmuz s\u0131ca\u011f\u0131nda da paltoyla g\u00f6r\u00fcnt\u00fclenerek de \u015fa\u015f\u0131rtm\u0131\u015ft\u0131<\/p>\n<p><em>Kaynak: KralTV<\/em><\/p>\n","protected":false},"excerpt":{"rendered":"<p>Sibel Can&#8217;\u0131n, giyim tarz\u0131yla s\u0131k s\u0131k g\u00fcndeme gelen o\u011flu Engin Can bir kez daha \u015fa\u015f\u0131rtt\u0131. Noel tatili dolay\u0131s\u0131yla Miami\u2019den \u0130stanbul\u2019a gelen, Sibel Can ile Hakan Ural\u2019\u0131n o\u011fullar\u0131 Engin Can Ural \u00f6nceki gece Etiler Sar\u0131han \u00c7orbac\u0131\u2019s\u0131ndayd\u0131. Dondurucu so\u011fukta montuna sar\u0131lan Engin Can&#8217;\u0131n bacaklar\u0131 \u00e7\u0131plakt\u0131. Arkada\u015flar\u0131yla hal\u0131 saha ma\u00e7\u0131 yapan Ural&#8217;\u0131n ma\u00e7 bitince solu\u011fu \u00e7orbac\u0131da ald\u0131\u011f\u0131 \u00f6\u011frenildi. &hellip;<\/p>\n","protected":false},"author":1,"featured_media":6092,"comment_status":"open","ping_status":"open","sticky":false,"template":"","format":"standard","meta":{"footnotes":""},"categories":[70,74,625],"tags":[1184,1185,200],"class_list":["post-6091","post","type-post","status-publish","format-standard","has-post-thumbnail","","category-moda","category-modahaberleri","category-stil-modavestil","tag-engin-can","tag-ikon","tag-moda"],"_links":{"self":[{"href":"http:\/\/www.gzone.com.tr\/index.php\/wp-json\/wp\/v2\/posts\/6091","targetHints":{"allow":["GET"]}}],"collection":[{"href":"http:\/\/www.gzone.com.tr\/index.php\/wp-json\/wp\/v2\/posts"}],"about":[{"href":"http:\/\/www.gzone.com.tr\/index.php\/wp-json\/wp\/v2\/types\/post"}],"author":[{"embeddable":true,"href":"http:\/\/www.gzone.com.tr\/index.php\/wp-json\/wp\/v2\/users\/1"}],"replies":[{"embeddable":true,"href":"http:\/\/www.gzone.com.tr\/index.php\/wp-json\/wp\/v2\/comments?post=6091"}],"version-history":[{"count":0,"href":"http:\/\/www.gzone.com.tr\/index.php\/wp-json\/wp\/v2\/posts\/6091\/revisions"}],"wp:featuredmedia":[{"embeddable":true,"href":"http:\/\/www.gzone.com.tr\/index.php\/wp-json\/wp\/v2\/media\/6092"}],"wp:attachment":[{"href":"http:\/\/www.gzone.com.tr\/index.php\/wp-json\/wp\/v2\/media?parent=6091"}],"wp:term":[{"taxonomy":"category","embeddable":true,"href":"http:\/\/www.gzone.com.tr\/index.php\/wp-json\/wp\/v2\/categories?post=6091"},{"taxonomy":"post_tag","embeddable":true,"href":"http:\/\/www.gzone.com.tr\/index.php\/wp-json\/wp\/v2\/tags?post=6091"}],"curies":[{"name":"wp","href":"https:\/\/api.w.org\/{rel}","templated":true}]}}