{"id":5678,"date":"2014-12-17T09:35:41","date_gmt":"2014-12-17T09:35:41","guid":{"rendered":"http:\/\/gzone.com.tr\/?p=5678"},"modified":"2014-12-17T09:35:41","modified_gmt":"2014-12-17T09:35:41","slug":"kemerburgaz-universitesinde-homofobi-ve-transfobi-paneli","status":"publish","type":"post","link":"http:\/\/www.gzone.com.tr\/index.php\/2014\/12\/17\/kemerburgaz-universitesinde-homofobi-ve-transfobi-paneli\/","title":{"rendered":"KEMERBURGAZ \u00dcN\u0130VERS\u0130TES\u0130\u2019NDE HOMOFOB\u0130 VE TRANSFOB\u0130 PANEL\u0130"},"content":{"rendered":"<p>Kemerburgaz \u00dcniversitesi\u2019nde y\u00fczlerce ki\u015fi Kaos GL\u2019den Y\u0131ld\u0131z Tar\u2019\u0131n konu\u015ftu\u011fu homofobi ve transfobi kar\u015f\u0131t\u0131 panelde bulu\u015ftu.<\/p>\n<p>Kemerburgaz \u00dcniversitesi \u0130novatif D\u00fc\u015f\u00fcnce Kul\u00fcb\u00fc homofobi ve transfobiye kar\u015f\u0131 panel d\u00fczenledi. LGBT\u0130 kimliklerine ili\u015fkin s\u0131k\u00e7a sorulan sorular\u0131n da tart\u0131\u015f\u0131ld\u0131\u011f\u0131 panele KaosGL.org edit\u00f6rlerinden Y\u0131ld\u0131z Tar konu\u015fmac\u0131 olarak kat\u0131ld\u0131.<\/p>\n<p>Yeni kurulan kul\u00fcb\u00fcn d\u00fczenledi\u011fi ikinci etkinlik olan panele ilgi b\u00fcy\u00fckt\u00fc. Y\u00fczlerce ki\u015fi homofobi ve transfobiye kar\u015f\u0131 m\u00fccadelenin yollar\u0131n\u0131 konu\u015ftu, homofobi ve transfobiye ili\u015fkin sorular\u0131n\u0131 tart\u0131\u015fmaya a\u00e7t\u0131.<\/p>\n<p>Hastal\u0131k, su\u00e7, g\u00fcnah\u2026<\/p>\n<p>Konu\u015fmas\u0131na cinsel y\u00f6nelim ve cinsiyet kimli\u011fi kavramlar\u0131n\u0131 a\u00e7\u0131klayarak ba\u015flayan Tar, LGBT\u0130\u2019lere d\u00f6n\u00fck \u201chastal\u0131k, su\u00e7 ve g\u00fcnah\u201d etiketlerini tart\u0131\u015fmaya a\u00e7t\u0131. LGBT\u0130\u2019lere d\u00f6n\u00fck nefret ideolojilerinin tarihsel arka plan\u0131n\u0131 aktard\u0131.<\/p>\n<p>T\u00fcrkiye\u2019deki LGBT\u0130 m\u00fccadelesinin 20 y\u0131l\u0131n\u0131 \u00f6zetleyen Tar, \u201cT\u00fcrkiye\u2019de her ne kadar LGBT\u0130\u2019leri do\u011frudan hedef alan yasalar olmasa da; yasalar LGBT\u0130\u2019ler aleyhine yorumlan\u0131yor. Ayr\u0131mc\u0131l\u0131k kar\u015f\u0131t\u0131 yasalarda da ayr\u0131mc\u0131l\u0131k yap\u0131l\u0131yor ve cinsel y\u00f6nelim ve cinsiyet kimli\u011fi ifadeleri yasalarda yer alm\u0131yor\u201d dedi.<\/p>\n<p>\u201cNefret cinayetlerini ancak birlikte m\u00fccadele ederek sonland\u0131rabiliriz\u201d<\/p>\n<p>Tar, ge\u00e7ti\u011fimiz y\u0131llarda Avc\u0131lar Meis Sitesi\u2019nde ya\u015fanan nefret sald\u0131r\u0131lar\u0131n\u0131 ve lin\u00e7 giri\u015fimlerini de aktararak, \u201cNefret cinayetleri LGBT\u0130\u2019lerin hayatlar\u0131n\u0131 ya\u015fan\u0131lmaz hale getiriyor. Teti\u011fi \u00e7ekenlerin yan\u0131 s\u0131ra; bu sald\u0131r\u0131lara g\u00f6z yuman ya da g\u00f6rmezden gelenler olarak da su\u00e7luyuz. Biz g\u00f6rmezden gelmeyi b\u0131rak\u0131rsak, nefretin \u00f6n\u00fcne ge\u00e7ebiliriz. Yarg\u0131lama s\u00fcrecinde ceza almayaca\u011f\u0131n\u0131 bilen katiller te\u015fvik ediliyor. Bunu engellemenin yolu ise bizim nefreti g\u00f6rmezden gelmeyi b\u0131rakmam\u0131z ve m\u00fccadele etmemizden ge\u00e7iyor\u201d ifadelerini kulland\u0131.<\/p>\n<p>\u201cLGBT\u0130\u2019lerin ayr\u0131mc\u0131l\u0131\u011fa u\u011frad\u0131\u011f\u0131 bir yerde kimse \u00f6zg\u00fcr olamaz!\u201d<\/p>\n<p>Homofobi ve transfobinin bireysel sorunlar olmad\u0131\u011f\u0131n\u0131; birlikte ya\u015fam ve demokrasinin alt\u0131n\u0131 oyan toplumsal ideolojiler oldu\u011funu da vurgulayan Tar son olarak \u015funlar\u0131 kaydetti:<\/p>\n<p>\u201cToplumun bir kesiminin, LGBT\u0130\u2019lerin her g\u00fcn ayr\u0131mc\u0131l\u0131\u011fa u\u011frad\u0131\u011f\u0131, \u00e7al\u0131\u015fma ve e\u011fitim hayat\u0131ndan d\u0131\u015fland\u0131\u011f\u0131, nefret sald\u0131r\u0131lar\u0131na maruz kald\u0131\u011f\u0131 bir yerde kimse \u00f6zg\u00fcr olamaz. Bu nefret ideolojileri sadece LGBT\u0130\u2019ler i\u00e7in de\u011fil toplumun geneli i\u00e7in b\u00fcy\u00fck tehlikedir. Bizim istedi\u011fimiz LGBT\u0130\u2019lere \u00f6zel yasalar\u0131n \u00e7\u0131kart\u0131lmas\u0131 filan de\u011fil. \u0130stedi\u011fimiz temel insan haklar\u0131n\u0131n LGBT\u0130\u2019ler i\u00e7in de olmas\u0131. B\u00fct\u00fcn bunlar\u0131 ba\u015farabilmek ise kamp\u00fcslerden sokaklara her alan nefrete kar\u015f\u0131 do\u011frudan m\u00fccadele ile m\u00fcmk\u00fcn. Yasalardan \u00e7ok daha \u00f6nemlisi in\u015fa edece\u011fimiz dayan\u0131\u015fma a\u011flar\u0131d\u0131r.\u201d<\/p>\n<p>Konu\u015fman\u0131n ard\u0131ndan kat\u0131l\u0131mc\u0131lar\u0131n ka\u011f\u0131tlara yazd\u0131\u011f\u0131 sorular cevapland\u0131r\u0131ld\u0131. Tar, \u201cE\u015fcinsellik \u00f6zenti midir?\u201d, \u201cTransfobiye kar\u015f\u0131 ne yap\u0131labilir?\u201d, \u201cLezbiyenler geylerden daha m\u0131 az \u015fiddete u\u011frar?\u201d, \u201cBenden ho\u015flanan lezbiyen bir arkada\u015f\u0131m olursa ne yapmal\u0131y\u0131m?\u201d ve \u201cE\u015fcinsel bir \u00e7ocu\u011fumuz olursa ne yapmal\u0131y\u0131z?\u201d gibi yakla\u015f\u0131k 30 soruyu yan\u0131tlad\u0131.<\/p>\n<p>Kaynak: www.kaosgl.com<\/p>\n","protected":false},"excerpt":{"rendered":"<p>Kemerburgaz \u00dcniversitesi\u2019nde y\u00fczlerce ki\u015fi Kaos GL\u2019den Y\u0131ld\u0131z Tar\u2019\u0131n konu\u015ftu\u011fu homofobi ve transfobi kar\u015f\u0131t\u0131 panelde bulu\u015ftu. Kemerburgaz \u00dcniversitesi \u0130novatif D\u00fc\u015f\u00fcnce Kul\u00fcb\u00fc homofobi ve transfobiye kar\u015f\u0131 panel d\u00fczenledi. LGBT\u0130 kimliklerine ili\u015fkin s\u0131k\u00e7a sorulan sorular\u0131n da tart\u0131\u015f\u0131ld\u0131\u011f\u0131 panele KaosGL.org edit\u00f6rlerinden Y\u0131ld\u0131z Tar konu\u015fmac\u0131 olarak kat\u0131ld\u0131. Yeni kurulan kul\u00fcb\u00fcn d\u00fczenledi\u011fi ikinci etkinlik olan panele ilgi b\u00fcy\u00fckt\u00fc. Y\u00fczlerce ki\u015fi homofobi &hellip;<\/p>\n","protected":false},"author":1,"featured_media":5679,"comment_status":"open","ping_status":"open","sticky":false,"template":"","format":"standard","meta":{"footnotes":""},"categories":[91,96],"tags":[112,465,1125,1124,1126,954,529],"class_list":["post-5678","post","type-post","status-publish","format-standard","has-post-thumbnail","","category-haberler","category-turkiye","tag-haberler-2","tag-homofobi","tag-kaosgl","tag-kemerburgaz-universitesi","tag-panel","tag-transfobi","tag-turkiye-2"],"_links":{"self":[{"href":"http:\/\/www.gzone.com.tr\/index.php\/wp-json\/wp\/v2\/posts\/5678","targetHints":{"allow":["GET"]}}],"collection":[{"href":"http:\/\/www.gzone.com.tr\/index.php\/wp-json\/wp\/v2\/posts"}],"about":[{"href":"http:\/\/www.gzone.com.tr\/index.php\/wp-json\/wp\/v2\/types\/post"}],"author":[{"embeddable":true,"href":"http:\/\/www.gzone.com.tr\/index.php\/wp-json\/wp\/v2\/users\/1"}],"replies":[{"embeddable":true,"href":"http:\/\/www.gzone.com.tr\/index.php\/wp-json\/wp\/v2\/comments?post=5678"}],"version-history":[{"count":0,"href":"http:\/\/www.gzone.com.tr\/index.php\/wp-json\/wp\/v2\/posts\/5678\/revisions"}],"wp:featuredmedia":[{"embeddable":true,"href":"http:\/\/www.gzone.com.tr\/index.php\/wp-json\/wp\/v2\/media\/5679"}],"wp:attachment":[{"href":"http:\/\/www.gzone.com.tr\/index.php\/wp-json\/wp\/v2\/media?parent=5678"}],"wp:term":[{"taxonomy":"category","embeddable":true,"href":"http:\/\/www.gzone.com.tr\/index.php\/wp-json\/wp\/v2\/categories?post=5678"},{"taxonomy":"post_tag","embeddable":true,"href":"http:\/\/www.gzone.com.tr\/index.php\/wp-json\/wp\/v2\/tags?post=5678"}],"curies":[{"name":"wp","href":"https:\/\/api.w.org\/{rel}","templated":true}]}}