{"id":5184,"date":"2014-11-26T19:26:41","date_gmt":"2014-11-26T19:26:41","guid":{"rendered":"http:\/\/gzone.com.tr\/?p=5184"},"modified":"2014-11-26T19:26:41","modified_gmt":"2014-11-26T19:26:41","slug":"avrupa-parlamentosu-kalkinma-politikasina-lgbtileri-ekledi","status":"publish","type":"post","link":"http:\/\/www.gzone.com.tr\/index.php\/2014\/11\/26\/avrupa-parlamentosu-kalkinma-politikasina-lgbtileri-ekledi\/","title":{"rendered":"AVRUPA PARLAMENTOSU KALKINMA POL\u0130T\u0130KASINA LGBT\u0130\u2019LER\u0130 EKLED\u0130"},"content":{"rendered":"<p>Avrupa Parlamentosu, d\u00fcn yapt\u0131\u011f\u0131 oylamada Birle\u015fmi\u015f Milletler kalk\u0131nma stratejisine LGBT\u0130 haklar\u0131n\u0131n eklenmesini kabul etti.<\/p>\n<p>Avrupa Parlamentosu, 2015\u2019ten sonra k\u00fcresel kalk\u0131nma politikalar\u0131ndaki \u00f6nceliklerini belirledi\u011fi raporu d\u00fcn oylad\u0131. Raporda, LGBT\u0130 (lezbiyen, gey, biseks\u00fcel, trans, interseks) haklar\u0131n\u0131n yan\u0131 s\u0131ra cinsel sa\u011fl\u0131k ve \u00fcreme sa\u011fl\u0131\u011f\u0131 ile cinsel haklar ve \u00fcreme haklar\u0131 vurguland\u0131.<\/p>\n<p>Cinsel haklar ve \u00fcreme haklar\u0131 da kalk\u0131nma politikas\u0131nda<\/p>\n<p>Rapor, Avrupa Parlamentosu\u2019nun kalk\u0131nma politikas\u0131nda \u201cm\u00fclteciler ile LGBT\u0130 bireyler ve H\u0130V ile ya\u015fayan bireylerin de aralar\u0131nda oldu\u011fu az\u0131nl\u0131klar\u0131n haklar\u0131n\u0131n korunmas\u0131 ve sayg\u0131 g\u00f6rmesi\u201d gerekti\u011fine dikkat \u00e7ekiyor.<\/p>\n<p>Parlamento ayr\u0131ca \u201ccinsel sa\u011fl\u0131k ve \u00fcreme sa\u011fl\u0131\u011f\u0131 ile cinsel haklar ve \u00fcreme haklar\u0131na evrensel eri\u015fim\u201di \u00f6ncelikleri aras\u0131na al\u0131yor.<\/p>\n<p>AKP\u2019nin de \u00fcyesi oldu\u011fu Avrupa Muhafazak\u00e2rlar ve Reformcular (ECR) Grubu\u2019nun cinsel sa\u011fl\u0131k ve \u00fcreme sa\u011fl\u0131\u011f\u0131 ile cinsel haklar ve \u00fcreme haklar\u0131na ili\u015fkin paragraflar\u0131n silinmesi talebine kar\u015f\u0131l\u0131k rapor oy\u00e7oklu\u011fu ile kabul edildi.<\/p>\n<p>\u201cECR\u2019nin giri\u015fimi utan\u00e7 verici\u201d<\/p>\n<p>Avrupa Parlamentosu\u2019ndaki LGBT\u0130 \u0130ntergrup E\u015fba\u015fkan\u0131 Ulrike Lunacek, \u201cECR\u2019nin utan\u00e7 verici giri\u015fimi\u201dne ra\u011fmen kalk\u0131nma politikas\u0131nda cinsel sa\u011fl\u0131k ve \u00fcreme haklar\u0131 ile insan haklar\u0131 m\u00fccadelesini s\u00fcrd\u00fcrme karar\u0131 \u00e7\u0131kt\u0131\u011f\u0131n\u0131 belirterek \u015fu ifadelerde bulundu:<\/p>\n<p>\u201cAncak sa\u011fl\u0131\u011fa, ayr\u0131mc\u0131 olmayan bir bi\u00e7imde, evrensel eri\u015fimi temin alt\u0131na alarak HIV\/AIDS ile m\u00fccadelemizde ba\u015far\u0131l\u0131 olabiliriz. Parlamento bunu dile getirdi\u011fi i\u00e7in memnunum.\u201d<\/p>\n<p>Kaynak: www.kaosgl.com<\/p>\n","protected":false},"excerpt":{"rendered":"<p>Avrupa Parlamentosu, d\u00fcn yapt\u0131\u011f\u0131 oylamada Birle\u015fmi\u015f Milletler kalk\u0131nma stratejisine LGBT\u0130 haklar\u0131n\u0131n eklenmesini kabul etti. Avrupa Parlamentosu, 2015\u2019ten sonra k\u00fcresel kalk\u0131nma politikalar\u0131ndaki \u00f6nceliklerini belirledi\u011fi raporu d\u00fcn oylad\u0131. Raporda, LGBT\u0130 (lezbiyen, gey, biseks\u00fcel, trans, interseks) haklar\u0131n\u0131n yan\u0131 s\u0131ra cinsel sa\u011fl\u0131k ve \u00fcreme sa\u011fl\u0131\u011f\u0131 ile cinsel haklar ve \u00fcreme haklar\u0131 vurguland\u0131. Cinsel haklar ve \u00fcreme haklar\u0131 da kalk\u0131nma &hellip;<\/p>\n","protected":false},"author":1,"featured_media":3073,"comment_status":"open","ping_status":"open","sticky":false,"template":"","format":"standard","meta":{"footnotes":""},"categories":[92,91],"tags":[371,113,112],"class_list":["post-5184","post","type-post","status-publish","format-standard","has-post-thumbnail","","category-dunya","category-haberler","tag-avrupa","tag-dunya-2","tag-haberler-2"],"_links":{"self":[{"href":"http:\/\/www.gzone.com.tr\/index.php\/wp-json\/wp\/v2\/posts\/5184","targetHints":{"allow":["GET"]}}],"collection":[{"href":"http:\/\/www.gzone.com.tr\/index.php\/wp-json\/wp\/v2\/posts"}],"about":[{"href":"http:\/\/www.gzone.com.tr\/index.php\/wp-json\/wp\/v2\/types\/post"}],"author":[{"embeddable":true,"href":"http:\/\/www.gzone.com.tr\/index.php\/wp-json\/wp\/v2\/users\/1"}],"replies":[{"embeddable":true,"href":"http:\/\/www.gzone.com.tr\/index.php\/wp-json\/wp\/v2\/comments?post=5184"}],"version-history":[{"count":0,"href":"http:\/\/www.gzone.com.tr\/index.php\/wp-json\/wp\/v2\/posts\/5184\/revisions"}],"wp:featuredmedia":[{"embeddable":true,"href":"http:\/\/www.gzone.com.tr\/index.php\/wp-json\/wp\/v2\/media\/3073"}],"wp:attachment":[{"href":"http:\/\/www.gzone.com.tr\/index.php\/wp-json\/wp\/v2\/media?parent=5184"}],"wp:term":[{"taxonomy":"category","embeddable":true,"href":"http:\/\/www.gzone.com.tr\/index.php\/wp-json\/wp\/v2\/categories?post=5184"},{"taxonomy":"post_tag","embeddable":true,"href":"http:\/\/www.gzone.com.tr\/index.php\/wp-json\/wp\/v2\/tags?post=5184"}],"curies":[{"name":"wp","href":"https:\/\/api.w.org\/{rel}","templated":true}]}}