{"id":50924,"date":"2021-05-13T20:55:10","date_gmt":"2021-05-13T17:55:10","guid":{"rendered":"http:\/\/gzone.com.tr\/?p=50924"},"modified":"2021-05-13T20:55:52","modified_gmt":"2021-05-13T17:55:52","slug":"ellen-degeneres-19-yilin-sonunda-sovunu-bitiriyor","status":"publish","type":"post","link":"http:\/\/www.gzone.com.tr\/index.php\/2021\/05\/13\/ellen-degeneres-19-yilin-sonunda-sovunu-bitiriyor\/","title":{"rendered":"ELLEN DEGENERES 19 YILIN SONUNDA TV \u015eOVUNU B\u0130T\u0130R\u0130YOR"},"content":{"rendered":"\n<p>63 ya\u015f\u0131ndaki DeGeneres, 2003 y\u0131l\u0131nda ba\u015flad\u0131\u011f\u0131 program\u0131 2022&#8217;de bitirece\u011fini a\u00e7\u0131klad\u0131. DeGenres, bu karar\u0131n\u0131n arkas\u0131nda The Ellen DeGeneres Show&#8217;un \u00e7al\u0131\u015fma ortam\u0131yla ilgili \u00e7\u0131kan haberlerin olmad\u0131\u011f\u0131n\u0131 da belirtti.<\/p>\n\n\n\n<p>The Hollywood Reporter\u2019a yapt\u0131\u011f\u0131 a\u00e7\u0131klamalarda The Ellen DeGeneres Show\u2019un bitece\u011fi tarihin \u00e7ok \u00f6nceden kararla\u015ft\u0131r\u0131ld\u0131\u011f\u0131n\u0131 belirten komedyen, asl\u0131nda 16. sezon sonunda b\u0131rakmay\u0131 planlad\u0131\u011f\u0131n\u0131 ama \u0131srarlar \u00fczerine bir sezon daha uzatt\u0131\u011f\u0131n\u0131 s\u00f6yledi.<\/p>\n\n\n\n<p>DeGeneres bitirme karar\u0131 ile ilgili ise \u015fu a\u00e7\u0131klamay\u0131 yapt\u0131: \u201cYarat\u0131c\u0131 bir insan oldu\u011funuzda, s\u00fcrekli olarak yeni bir meydan okumaya ihtiya\u00e7 duyars\u0131n\u0131z. Ve bu g\u00f6steri; ne kadar harika, ne kadar e\u011flenceli olursa olsun, art\u0131k bir meydan okuma de\u011fil.\u201d<\/p>\n\n\n\n<p>DeGeneres ABD medyas\u0131n\u0131n en dikkat \u00e7ekici isimlerinden biri. \u015eimdiye kadar program\u0131nda say\u0131s\u0131z \u00fcnl\u00fc ismi a\u011f\u0131rlad\u0131. Ve 1997\u2019de e\u015fcinsel oldu\u011funu a\u00e7\u0131klamas\u0131yla ana ak\u0131m Amerikan tutumlar\u0131n\u0131 de\u011fi\u015ftirmesiyle tan\u0131n\u0131yor.<\/p>\n\n\n\n<p><strong>TOKS\u0130K \u00c7ALI\u015eMA ORTAMI<\/strong><\/p>\n\n\n\n<p>Ellen DeGenres&#8217;in ba\u015far\u0131lar\u0131na g\u00f6lge d\u00fc\u015f\u00fcren olay ise ge\u00e7en y\u0131l ya\u015fand\u0131.<\/p>\n\n\n\n<p>Nezaket ve a\u00e7\u0131k fikirli d\u00fcr\u00fcstl\u00fck konusundaki kamuoyu \u00fcn\u00fc, ge\u00e7en y\u0131l komedyen Kevin T Porter&#8217;\u0131n Twitter\u2019da \u201cya\u015fayan en ac\u0131mas\u0131z insanlardan biri\u201d olarak adland\u0131rmas\u0131yla ba\u015flad\u0131 ve Porter, ellen hakk\u0131nda k\u00f6t\u00fc bir an\u0131s\u0131n\u0131 anlatan herkes i\u00e7in Los Angeles G\u0131da Bankas\u0131&#8217;na 2 dolar ba\u011f\u0131\u015fta bulunaca\u011f\u0131n\u0131 duyurmu\u015ftu.<\/p>\n\n\n\n<p>Porter&#8217;\u0131n payla\u015f\u0131m\u0131n\u0131n hemen ard\u0131ndan Ellen DeGenres Show setinin toksik \u00e7al\u0131\u015fma ortam\u0131 olmas\u0131 ile ilgili soru\u015fturma ba\u015flat\u0131ld\u0131. Raporlar sette k\u00f6t\u00fc bir \u00e7al\u0131\u015fma ortam\u0131 oldu\u011funu da ortaya koyarken programdan \u00fc\u00e7 \u00fcst d\u00fczey y\u00f6netici de ayr\u0131ld\u0131.<\/p>\n\n\n\n<p>DeGeneres, eyl\u00fcl ay\u0131nda \u00e7al\u0131\u015fanlar\u0131ndan ve izleyicilerden \u00f6z\u00fcr dileyerek, yeni sezonun yeni bir ba\u015flang\u0131\u00e7 olaca\u011f\u0131na s\u00f6z verdi. Ancak g\u00fcn ge\u00e7tik\u00e7e reytingleri d\u00fc\u015ft\u00fc.<\/p>\n\n\n\n<p>Ellen DeGenres, bu iddialar nedeniyle \u015fovu bitirme karar\u0131 almad\u0131\u011f\u0131n\u0131 \u015fu \u015fekilde ifade ediyor: \u201cB\u00fct\u00fcn bunlar, g\u00f6steriyi etkiledi. Beni \u00e7ok incitti. Ama bu y\u00fczden \u015fovu b\u0131rak\u0131yor olsayd\u0131m, bu sezon geri gelmezdim.\u201d<\/p>\n\n\n\n<p>Kaynak: S\u00f6zc\u00fc<\/p>\n","protected":false},"excerpt":{"rendered":"<p>63 ya\u015f\u0131ndaki DeGeneres, 2003 y\u0131l\u0131nda ba\u015flad\u0131\u011f\u0131 program\u0131 2022&#8217;de bitirece\u011fini a\u00e7\u0131klad\u0131. DeGenres, bu karar\u0131n\u0131n arkas\u0131nda The Ellen DeGeneres Show&#8217;un \u00e7al\u0131\u015fma ortam\u0131yla ilgili \u00e7\u0131kan haberlerin olmad\u0131\u011f\u0131n\u0131 da belirtti. The Hollywood Reporter\u2019a yapt\u0131\u011f\u0131 a\u00e7\u0131klamalarda The Ellen DeGeneres Show\u2019un bitece\u011fi tarihin \u00e7ok \u00f6nceden kararla\u015ft\u0131r\u0131ld\u0131\u011f\u0131n\u0131 belirten komedyen, asl\u0131nda 16. sezon sonunda b\u0131rakmay\u0131 planlad\u0131\u011f\u0131n\u0131 ama \u0131srarlar \u00fczerine bir sezon daha uzatt\u0131\u011f\u0131n\u0131 &hellip;<\/p>\n","protected":false},"author":1,"featured_media":49879,"comment_status":"closed","ping_status":"open","sticky":false,"template":"","format":"standard","meta":{"footnotes":""},"categories":[28,61],"tags":[],"class_list":["post-50924","post","type-post","status-publish","format-standard","has-post-thumbnail","","category-pop","category-sinematv"],"_links":{"self":[{"href":"http:\/\/www.gzone.com.tr\/index.php\/wp-json\/wp\/v2\/posts\/50924","targetHints":{"allow":["GET"]}}],"collection":[{"href":"http:\/\/www.gzone.com.tr\/index.php\/wp-json\/wp\/v2\/posts"}],"about":[{"href":"http:\/\/www.gzone.com.tr\/index.php\/wp-json\/wp\/v2\/types\/post"}],"author":[{"embeddable":true,"href":"http:\/\/www.gzone.com.tr\/index.php\/wp-json\/wp\/v2\/users\/1"}],"replies":[{"embeddable":true,"href":"http:\/\/www.gzone.com.tr\/index.php\/wp-json\/wp\/v2\/comments?post=50924"}],"version-history":[{"count":1,"href":"http:\/\/www.gzone.com.tr\/index.php\/wp-json\/wp\/v2\/posts\/50924\/revisions"}],"predecessor-version":[{"id":50926,"href":"http:\/\/www.gzone.com.tr\/index.php\/wp-json\/wp\/v2\/posts\/50924\/revisions\/50926"}],"wp:featuredmedia":[{"embeddable":true,"href":"http:\/\/www.gzone.com.tr\/index.php\/wp-json\/wp\/v2\/media\/49879"}],"wp:attachment":[{"href":"http:\/\/www.gzone.com.tr\/index.php\/wp-json\/wp\/v2\/media?parent=50924"}],"wp:term":[{"taxonomy":"category","embeddable":true,"href":"http:\/\/www.gzone.com.tr\/index.php\/wp-json\/wp\/v2\/categories?post=50924"},{"taxonomy":"post_tag","embeddable":true,"href":"http:\/\/www.gzone.com.tr\/index.php\/wp-json\/wp\/v2\/tags?post=50924"}],"curies":[{"name":"wp","href":"https:\/\/api.w.org\/{rel}","templated":true}]}}