{"id":50906,"date":"2021-05-07T22:29:57","date_gmt":"2021-05-07T19:29:57","guid":{"rendered":"http:\/\/gzone.com.tr\/?p=50906"},"modified":"2021-05-07T22:29:59","modified_gmt":"2021-05-07T19:29:59","slug":"bebeklik-fotografini-lgbticocuklarvardir-etiketiyle-paylastigi-icin-ifadeye-cagirildi","status":"publish","type":"post","link":"http:\/\/www.gzone.com.tr\/index.php\/2021\/05\/07\/bebeklik-fotografini-lgbticocuklarvardir-etiketiyle-paylastigi-icin-ifadeye-cagirildi\/","title":{"rendered":"BEBEKL\u0130K FOTO\u011eRAFINI #LGBT\u0130\u00c7OCUKLARVARDIR ET\u0130KET\u0130YLE PAYLA\u015eTI\u011eI \u0130\u00c7\u0130N \u0130FADEYE \u00c7A\u011eIRILDI"},"content":{"rendered":"\n<p>23 Nisan Ulusal Egemenlik ve \u00c7ocuk Bayram\u0131&#8217;nda 2 ya\u015f\u0131ndaki \u00e7ocukluk foto\u011fraf\u0131n\u0131 payla\u015farak &#8220;LGBT\u0130+ \u00e7ocuklar vard\u0131r&#8221; notunu d\u00fc\u015fen LGBT\u0130+, ifadeye \u00e7a\u011fr\u0131ld\u0131.&nbsp;<\/p>\n\n\n\n<p><a rel=\"noreferrer noopener\" href=\"https:\/\/kaosgl.org\/gokkusagi-forumu-kose-yazisi\/hepsi-gececek-biz-kalacagiz\" target=\"_blank\">Avukat\u00a0<strong>Hatice Demir,\u00a0<\/strong>KAOSGL&#8217;de kaleme ald\u0131\u011f\u0131 yaz\u0131s\u0131nda,<\/a>\u00a0bit LGBT\u0130+&#8217;n\u0131n, bebeklik foto\u011fraf\u0131n\u0131 payla\u015fmas\u0131n\u0131n ve alt\u0131na 2020&#8217;nin sosyal medya kampanyas\u0131 olan &#8220;LGBT\u0130+ \u00e7ocuklar vard\u0131r&#8221; notunu d\u00fc\u015fmesinin ard\u0131ndan C\u0130MER&#8217;e yap\u0131lan \u015fikayet \u00fczerine \u201c\u00c7evrimi\u00e7i cinsel istismarla m\u00fccadele b\u00fcrosu&#8221;nda ifade verdi\u011fini yazd\u0131.<\/p>\n\n\n\n<p>Demir, yaz\u0131s\u0131nda ifade s\u00fcreci ve sonras\u0131n\u0131 \u015f\u00f6yle anlatt\u0131:<\/p>\n\n\n\n<p><em>Normalde ifade dahi al\u0131nmadan soru\u015fturmaya yer olmad\u0131\u011f\u0131na karar verilmesi gereken bir dosya; eminiz ki s\u0131rf i\u00e7inde LGBT\u0130+ ge\u00e7ti\u011fi i\u00e7in bu a\u015famaya gelmi\u015f. Odada bulunan herkes durumun anlams\u0131zl\u0131\u011f\u0131n\u0131n fark\u0131nda. Ben sinirimi kontrol edebilmek i\u00e7in, &#8216;Instagram annelerine ya da babalar\u0131na da b\u00f6yle \u015fikayetler oluyor mu?&#8217;, &#8216;Yak\u0131nda bebek bezi reklamlar\u0131n\u0131 da yasaklarlar, orda da bebeklerin \u00fcst\u00fc \u00e7\u0131plak oluyor, m\u00fcstehcenlikse m\u00fcstehcenlik o zaman&#8217; gibi sorular at\u0131yorum ortaya. Muhatab\u0131m belirsiz, daha do\u011frusu muhatab\u0131m o odada de\u011fil. Olsun\u2026 Zaten ama\u00e7 da bir diyalog ba\u015flatmak de\u011fil\u2026<\/em><\/p>\n\n\n\n<p><em>Arkada\u015f\u0131m &#8216;E o zaman bu foto\u011fraf\u0131 \u00e7eken annemi de ben ihbar edeyim&#8217; diye \u015faka yap\u0131yor. Omzunun \u00fcst\u00fcnden e\u011filiyorum: Bence de ihbar edelim annelerimizi, ibne \u00e7ocuklar do\u011furduklar\u0131 i\u00e7in! Diyorum. G\u00fcl\u00fcyoruz\u2026 Sonra odada bulunanlardan biri &#8216;Bazen s\u00fcnnet \u00e7ocuklar\u0131n\u0131n foto\u011fraflar\u0131n\u0131 koyan ailelerle ilgili \u015fikayetler geliyor, ama onlar da ifade bile almadan takipsizlik veriliyor, bunda neden b\u00f6yle oldu ben de anlamad\u0131m&#8217; diyor. Orada daha fazla tutam\u0131yorum kendimi: Biz anl\u0131yoruz, diyorum. Biz anl\u0131yoruz, siz anl\u0131yorsunuz. Herkes her \u015feyi gayet iyi anl\u0131yor\u2026<\/em><\/p>\n\n\n\n<p><em>\u0130fademizi verip \u00e7\u0131k\u0131yoruz.<\/em><\/p>\n\n\n\n<p><em>Uzun y\u0131llard\u0131r LGBT\u0130+ aktivizmi yapan, bir LGBT\u0130+ derne\u011finde \u00e7al\u0131\u015fan, hukuki dan\u0131\u015fmanl\u0131k veren, yani LGBT\u0130+\u2019larla ilgili adliyeye yans\u0131m\u0131\u015f bir\u00e7ok dosyay\u0131 bir \u015fekilde duymu\u015f bir avukat olarak, bu defa her zamankinden daha fazla can\u0131m\u0131 ac\u0131tt\u0131\u011f\u0131n\u0131 hissediyorum. \u00d6nce, kendi bebeklik foto\u011fraf\u0131n\u0131 \u201cLGBT\u0130+ \u00e7ocuklar vard\u0131r\u201d diye payla\u015f\u0131p \u201c\u00e7ocuklar\u0131n kullan\u0131ld\u0131\u011f\u0131 m\u00fcstehcenlik\u201d su\u00e7unu i\u015fledi\u011fi iddia edilen ki\u015fi yak\u0131n\u0131m oldu\u011fu i\u00e7in bu kadar \u00f6fkelendim san\u0131yorum. Sonra fark ediyorum ki, tek bu de\u011fil. Bu alanda \u00e7al\u0131\u015fan bir\u00e7ok meslekta\u015f\u0131m gibi ben de \u015fimdiye kadar maalesef bir\u00e7ok dostumun koluna girip karakola, adliyeye gittim. Sadece son birka\u00e7 y\u0131lda bile; onur y\u00fcr\u00fcy\u00fc\u015fleri sonras\u0131, bayram sokak bask\u0131n\u0131 sonras\u0131, Bo\u011fazi\u00e7i hedef g\u00f6stermeleri sonras\u0131\u2026 Saysam eksik kal\u0131r\u2026<\/em><\/p>\n\n\n\n<p><em>Ama bu kez, varolu\u015fumuzun do\u011frudan bir utanca mal edildi\u011fini fark etmek i\u00e7imi eziyor.<\/em><\/p>\n\n\n\n<p><em>Son niyetine;<\/em><\/p>\n\n\n\n<p><em>Bu dosya elbette ki maruz b\u0131rak\u0131ld\u0131\u011f\u0131m\u0131z bir\u00e7ok su\u00e7lama gibi hukuk d\u00fcnyas\u0131nda bir utan\u00e7 vesikas\u0131 olarak yerini alacak. Bizler, bazen \u00e7ok \u00f6fkelensek ve y\u0131lg\u0131nl\u0131\u011fa kap\u0131lsak da m\u00fccadele etmeye devam edece\u011fiz.\u00a0 \u00c7\u00fcnk\u00fc biz hakl\u0131y\u0131z, bu y\u00fczden ba\u015fka bir ihtimal yok, biz kazanaca\u011f\u0131z.<\/em><\/p>\n\n\n\n<p>G\u00f6rsel temsilidir &#8211; Kaynak: T24 &#8211; Kaos GL<\/p>\n","protected":false},"excerpt":{"rendered":"<p>23 Nisan Ulusal Egemenlik ve \u00c7ocuk Bayram\u0131&#8217;nda 2 ya\u015f\u0131ndaki \u00e7ocukluk foto\u011fraf\u0131n\u0131 payla\u015farak &#8220;LGBT\u0130+ \u00e7ocuklar vard\u0131r&#8221; notunu d\u00fc\u015fen LGBT\u0130+, ifadeye \u00e7a\u011fr\u0131ld\u0131.&nbsp; Avukat\u00a0Hatice Demir,\u00a0KAOSGL&#8217;de kaleme ald\u0131\u011f\u0131 yaz\u0131s\u0131nda,\u00a0bit LGBT\u0130+&#8217;n\u0131n, bebeklik foto\u011fraf\u0131n\u0131 payla\u015fmas\u0131n\u0131n ve alt\u0131na 2020&#8217;nin sosyal medya kampanyas\u0131 olan &#8220;LGBT\u0130+ \u00e7ocuklar vard\u0131r&#8221; notunu d\u00fc\u015fmesinin ard\u0131ndan C\u0130MER&#8217;e yap\u0131lan \u015fikayet \u00fczerine \u201c\u00c7evrimi\u00e7i cinsel istismarla m\u00fccadele b\u00fcrosu&#8221;nda ifade verdi\u011fini yazd\u0131. Demir, &hellip;<\/p>\n","protected":false},"author":1,"featured_media":27640,"comment_status":"closed","ping_status":"open","sticky":false,"template":"","format":"standard","meta":{"footnotes":""},"categories":[91,96],"tags":[],"class_list":["post-50906","post","type-post","status-publish","format-standard","has-post-thumbnail","","category-haberler","category-turkiye"],"_links":{"self":[{"href":"http:\/\/www.gzone.com.tr\/index.php\/wp-json\/wp\/v2\/posts\/50906","targetHints":{"allow":["GET"]}}],"collection":[{"href":"http:\/\/www.gzone.com.tr\/index.php\/wp-json\/wp\/v2\/posts"}],"about":[{"href":"http:\/\/www.gzone.com.tr\/index.php\/wp-json\/wp\/v2\/types\/post"}],"author":[{"embeddable":true,"href":"http:\/\/www.gzone.com.tr\/index.php\/wp-json\/wp\/v2\/users\/1"}],"replies":[{"embeddable":true,"href":"http:\/\/www.gzone.com.tr\/index.php\/wp-json\/wp\/v2\/comments?post=50906"}],"version-history":[{"count":1,"href":"http:\/\/www.gzone.com.tr\/index.php\/wp-json\/wp\/v2\/posts\/50906\/revisions"}],"predecessor-version":[{"id":50907,"href":"http:\/\/www.gzone.com.tr\/index.php\/wp-json\/wp\/v2\/posts\/50906\/revisions\/50907"}],"wp:featuredmedia":[{"embeddable":true,"href":"http:\/\/www.gzone.com.tr\/index.php\/wp-json\/wp\/v2\/media\/27640"}],"wp:attachment":[{"href":"http:\/\/www.gzone.com.tr\/index.php\/wp-json\/wp\/v2\/media?parent=50906"}],"wp:term":[{"taxonomy":"category","embeddable":true,"href":"http:\/\/www.gzone.com.tr\/index.php\/wp-json\/wp\/v2\/categories?post=50906"},{"taxonomy":"post_tag","embeddable":true,"href":"http:\/\/www.gzone.com.tr\/index.php\/wp-json\/wp\/v2\/tags?post=50906"}],"curies":[{"name":"wp","href":"https:\/\/api.w.org\/{rel}","templated":true}]}}