{"id":50649,"date":"2021-03-12T09:22:46","date_gmt":"2021-03-12T06:22:46","guid":{"rendered":"http:\/\/gzone.com.tr\/?p=50649"},"modified":"2021-03-12T09:22:48","modified_gmt":"2021-03-12T06:22:48","slug":"kezzapla-saldiriya-ugrayan-trans-kadin-asya-icin-etiket-emrebozkurttutuklansin","status":"publish","type":"post","link":"http:\/\/www.gzone.com.tr\/index.php\/2021\/03\/12\/kezzapla-saldiriya-ugrayan-trans-kadin-asya-icin-etiket-emrebozkurttutuklansin\/","title":{"rendered":"KEZZAPLA SALDIRIYA U\u011eRAYAN TRANS KADIN ASYA \u0130\u00c7\u0130N ET\u0130KET: #EMREBOZKURTTUTUKLANSIN"},"content":{"rendered":"\n<p>\u00d6nceki g\u00fcn Beyo\u011flu\u2019ndaki evinden \u00e7\u0131karken Emre Bozkurt isimli sald\u0131rgan&nbsp; taraf\u0131ndan y\u00fcz\u00fcne kezzap at\u0131lan Suriyeli m\u00fclteci ve&nbsp;<a href=\"https:\/\/onedio.com\/etiket\/trans\/57baedea300aebaa1b3c779c\">trans<\/a>&nbsp;kad\u0131n Asya, Okmeydan\u0131 Prof. Dr. Cemil Ta\u015fc\u0131o\u011flu \u015eehir Hastanesi\u2019ne kald\u0131r\u0131ld\u0131.&nbsp;<\/p>\n\n\n\n<p>Asya daha sonra,&nbsp;Kocaeli&nbsp;Derince E\u011fitim ve Ara\u015ft\u0131rma Hastanesi\u2019ne sevk edildi.&nbsp;<\/p>\n\n\n\n<p><strong><a rel=\"noreferrer noopener\" href=\"https:\/\/artigercek.com\/haberler\/beyoglu-nda-trans-kadina-kezzapli-saldiri\" target=\"_blank\">Art\u0131 Ger\u00e7ek&#8217;te yer alan habere g\u00f6re<\/a><\/strong>, kad\u0131na sald\u0131ran Emre Bozkurt&#8217;un Asya&#8217;n\u0131n bir s\u00fcre \u00f6nce ayr\u0131ld\u0131\u011f\u0131 erkek oldu\u011fu iddia edildi.<\/p>\n\n\n\n<figure class=\"wp-block-image\"><img decoding=\"async\" src=\"https:\/\/cdn.bursahakimiyet.com.tr\/haber\/2021\/03\/12\/502230-604affb29eaa3.jpg\" alt=\"\"\/><figcaption>Sald\u0131rgan Emre Bozkurt<\/figcaption><\/figure>\n\n\n\n<p>Asya\u2019n\u0131n hastanede \u00e7ekilmi\u015f g\u00f6r\u00fcnt\u00fclerini sosyal medyada payla\u015fan arkada\u015flar\u0131, duyarl\u0131l\u0131k \u00e7a\u011fr\u0131s\u0131 yapt\u0131.<\/p>\n\n\n\n<p>Cinsel kimlik ve cinsel y\u00f6nelim ayr\u0131m\u0131 yap\u0131lmadan her kesin bu t\u00fcr sald\u0131r\u0131lara kar\u015f\u0131 \u00e7\u0131kmas\u0131 ve LGBT\u0130 bireylere sahip \u00e7\u0131k\u0131lmas\u0131 istendi. Ayr\u0131ca sald\u0131rgan Emre Bozkurt&#8217;un tutuklanmas\u0131 istendi. Polisin aktard\u0131\u011f\u0131 bilgiye g\u00f6re sald\u0131rgan Emre Bozkurt g\u00f6zalt\u0131na al\u0131nd\u0131.<\/p>\n\n\n<blockquote class=\"twitter-tweet\">\n<p lang=\"tr\" dir=\"ltr\">\u00d6nemli Bilgi : <\/p>\n<p>Polisin aktard\u0131\u011f\u0131 bilgiye g\u00f6re sald\u0131rgan Emre Bozkurt g\u00f6zalt\u0131na al\u0131nd\u0131.<\/p>\n<p>Failin tutuklanarak bir an \u00f6nce adaletin sa\u011flanmas\u0131n\u0131 istiyoruz.<\/p>\n<p>Trans kad\u0131n Asya&#8217;n\u0131n can ,ya\u015fam ve sa\u011fl\u0131k g\u00fcvencesi hi\u00e7 bir ayr\u0131mc\u0131l\u0131\u011fa u\u011framadan sa\u011flanmal\u0131.<a href=\"https:\/\/twitter.com\/hashtag\/EmreBozkurtTutuklans%C4%B1n?src=hash&amp;ref_src=twsrc%5Etfw\">#EmreBozkurtTutuklans\u0131n<\/a> <a href=\"https:\/\/t.co\/jBSWuAA5Bg\">pic.twitter.com\/jBSWuAA5Bg<\/a><\/p>\n<p>\u2014 Toplumsal Destek Platformu #6284TamUygulans\u0131n (@destplatformu) <a href=\"https:\/\/twitter.com\/destplatformu\/status\/1370144012150190081?ref_src=twsrc%5Etfw\">March 11, 2021<\/a><\/p><\/blockquote>\n<p> <script async=\"\" src=\"https:\/\/platform.twitter.com\/widgets.js\" charset=\"utf-8\"><\/script><\/p>\n\n\n<p><\/p>\n","protected":false},"excerpt":{"rendered":"<p>\u00d6nceki g\u00fcn Beyo\u011flu\u2019ndaki evinden \u00e7\u0131karken Emre Bozkurt isimli sald\u0131rgan&nbsp; taraf\u0131ndan y\u00fcz\u00fcne kezzap at\u0131lan Suriyeli m\u00fclteci ve&nbsp;trans&nbsp;kad\u0131n Asya, Okmeydan\u0131 Prof. Dr. Cemil Ta\u015fc\u0131o\u011flu \u015eehir Hastanesi\u2019ne kald\u0131r\u0131ld\u0131.&nbsp; Asya daha sonra,&nbsp;Kocaeli&nbsp;Derince E\u011fitim ve Ara\u015ft\u0131rma Hastanesi\u2019ne sevk edildi.&nbsp; Art\u0131 Ger\u00e7ek&#8217;te yer alan habere g\u00f6re, kad\u0131na sald\u0131ran Emre Bozkurt&#8217;un Asya&#8217;n\u0131n bir s\u00fcre \u00f6nce ayr\u0131ld\u0131\u011f\u0131 erkek oldu\u011fu iddia edildi. Sald\u0131rgan Emre &hellip;<\/p>\n","protected":false},"author":1,"featured_media":50650,"comment_status":"closed","ping_status":"open","sticky":false,"template":"","format":"standard","meta":{"footnotes":""},"categories":[91,96],"tags":[],"class_list":["post-50649","post","type-post","status-publish","format-standard","has-post-thumbnail","","category-haberler","category-turkiye"],"_links":{"self":[{"href":"http:\/\/www.gzone.com.tr\/index.php\/wp-json\/wp\/v2\/posts\/50649","targetHints":{"allow":["GET"]}}],"collection":[{"href":"http:\/\/www.gzone.com.tr\/index.php\/wp-json\/wp\/v2\/posts"}],"about":[{"href":"http:\/\/www.gzone.com.tr\/index.php\/wp-json\/wp\/v2\/types\/post"}],"author":[{"embeddable":true,"href":"http:\/\/www.gzone.com.tr\/index.php\/wp-json\/wp\/v2\/users\/1"}],"replies":[{"embeddable":true,"href":"http:\/\/www.gzone.com.tr\/index.php\/wp-json\/wp\/v2\/comments?post=50649"}],"version-history":[{"count":1,"href":"http:\/\/www.gzone.com.tr\/index.php\/wp-json\/wp\/v2\/posts\/50649\/revisions"}],"predecessor-version":[{"id":50651,"href":"http:\/\/www.gzone.com.tr\/index.php\/wp-json\/wp\/v2\/posts\/50649\/revisions\/50651"}],"wp:featuredmedia":[{"embeddable":true,"href":"http:\/\/www.gzone.com.tr\/index.php\/wp-json\/wp\/v2\/media\/50650"}],"wp:attachment":[{"href":"http:\/\/www.gzone.com.tr\/index.php\/wp-json\/wp\/v2\/media?parent=50649"}],"wp:term":[{"taxonomy":"category","embeddable":true,"href":"http:\/\/www.gzone.com.tr\/index.php\/wp-json\/wp\/v2\/categories?post=50649"},{"taxonomy":"post_tag","embeddable":true,"href":"http:\/\/www.gzone.com.tr\/index.php\/wp-json\/wp\/v2\/tags?post=50649"}],"curies":[{"name":"wp","href":"https:\/\/api.w.org\/{rel}","templated":true}]}}