{"id":50637,"date":"2021-03-11T16:51:46","date_gmt":"2021-03-11T13:51:46","guid":{"rendered":"http:\/\/gzone.com.tr\/?p=50637"},"modified":"2021-03-12T09:42:13","modified_gmt":"2021-03-12T06:42:13","slug":"tekirda-universitesi-ogretim-uyesinden-lgbtilara-nefret-soylemi","status":"publish","type":"post","link":"http:\/\/www.gzone.com.tr\/index.php\/2021\/03\/11\/tekirda-universitesi-ogretim-uyesinden-lgbtilara-nefret-soylemi\/","title":{"rendered":"TEK\u0130RDA\u011e NAMIK KEMAL \u00dcN\u0130VERS\u0130TES\u0130 \u00d6\u011eRET\u0130M \u00dcYES\u0130NDEN LGBT\u0130+&#8217;LARA NEFRET S\u00d6YLEM\u0130"},"content":{"rendered":"\n<p>Tekirda\u011f Nam\u0131k Kemal \u00dcniversitesi \u00f6\u011fretim \u00fcyesi Mustafa Hakk\u0131 Ertan, verdi\u011fi \u201cAile sosyolojisi\u201d dersinde LGBT\u0130+\u2019lar\u0131 hedef ald\u0131. Verdi\u011fi derste \u201c\u0130ki erkek yan yana \u00e7o\u011fal\u0131r m\u0131?\u201d diye soran Ertan, ailenin temel unsurlar\u0131ndan birini \u00e7o\u011falmak olarak tan\u0131mlad\u0131. LGBT\u0130+ olmay\u0131 \u201cahlaks\u0131zl\u0131k\u201d olarak g\u00f6ren \u00f6\u011fretim \u00fcyesi, &#8220;Aileye ne gerek var alg\u0131s\u0131 yerle\u015ftirilmeye \u00e7al\u0131\u015f\u0131l\u0131yor\u201d diyerek \u015funlar\u0131 s\u00f6yledi:<\/p>\n\n\n\n<h2 class=\"wp-block-heading\">\u2018ARKADA\u015eLAR LGBT NED\u0130R YA?\u2019<\/h2>\n\n\n\n<p>\u201cBireycili\u011fi ve bireyselli\u011fi gen\u00e7 k\u0131zlarda ve erkeklerde onun \u015fahsiyetini \u00f6zg\u00fcrl\u00fck ad\u0131 alt\u0131nda ok\u015fayarak ailesine kar\u015f\u0131 gelmesini, devletine, milletine kar\u015f\u0131 gelmesini\u2026 Arkada\u015flar LGBT nedir ya? B\u00f6yle bir \u015fey olabilir mi arkada\u015flar? Yani gey, lezbiyen vs. vs. biseks\u00fcel, homoseks\u00fcel bunlar\u0131n birle\u015fmesiyle yeni bir alg\u0131yla aileye kar\u015f\u0131 \u00e7\u0131k\u0131l\u0131yor. \u2018\u0130ki erkek bir arada ya\u015f\u0131yorsa bunlar da aile olabilir\u2019i kanunla yerle\u015ftirmeye \u00e7al\u0131\u015f\u0131yorlar. \u0130ki erke\u011fin bir arada ya\u015famas\u0131yla aile mi olur arkada\u015flar? Ahlaks\u0131zl\u0131\u011f\u0131 bize yasal bir zemin gibi sunmaya \u00e7al\u0131\u015fan d\u00fcnyada \u015fu an al\u00e7ak ve \u015ferefsiz bir yap\u0131 var. \u00c7ok \u00f6z\u00fcr diliyorum sizden b\u00f6yle bir ifadeyi kullanmak mecburiyetinde kald\u0131m. B\u00f6yle bir \u015fey olabilir mi arkada\u015flar? B\u00f6yle bir \u015fey olamaz arkada\u015flar. Bir insan kendi tercihi ama bu kendi i\u00e7inde ya\u015farsa ya\u015far ama d\u00fcnya tarihinden beri&#8230; \u0130ki erkek bir arada \u00e7o\u011fal\u0131r m\u0131 arkada\u015flar, iki kad\u0131n yan yana \u00e7o\u011fal\u0131r m\u0131? \u0130nsanl\u0131\u011f\u0131n sonunu getirir bu. \u201d<\/p>\n\n\n\n<h3 class=\"wp-block-heading\">\u2018A\u0130LEN\u0130N TEMEL UNSURLARINDAN B\u0130R\u0130 \u00c7O\u011eALMAKTIR\u2019<\/h3>\n\n\n\n<p>\u00d6\u011fretim \u00fcyesinin bu s\u00f6zlerini kabul etmeyen \u00f6\u011frenciler, Zoom \u00fczerinden ger\u00e7ekle\u015fen dersin sohbet b\u00f6l\u00fcm\u00fcne \u201cNeden olmas\u0131n hocam?\u201d, \u201cBen \u00f6yle d\u00fc\u015f\u00fcnm\u00fcyorum\u201d, \u201cHerkesin aile kavram\u0131 ve beklentisi farkl\u0131 olabilir\u201d, \u201cBir\u00e7ok \u00fclkede iki erkek ya da iki kad\u0131n aile olarak ge\u00e7iyor resmi olarak\u201d ifadeleriyle kar\u015f\u0131l\u0131k verdi. Ertan, bunun \u00fczerine arg\u00fcmanlar\u0131n\u0131n bilimsel oldu\u011funu savunarak \u015f\u00f6yle dedi:<\/p>\n\n\n\n<p>\u201cAilenin temel unsurlar\u0131ndan bir tanesi \u00e7o\u011falmakt\u0131r arkada\u015flar. \u015eimdi bu olaylar\u0131 siyasi d\u00fczlem i\u00e7inde d\u00fc\u015f\u00fcnmeyin. Bu olay\u0131 d\u00fcnya ger\u00e7ekli\u011fi i\u00e7erisinde bilimsel d\u00fczeyde d\u00fc\u015f\u00fcn\u00fcn. Ben her insan\u0131n hayat hakk\u0131na, ya\u015fam hakk\u0131na sayg\u0131 g\u00f6steren bir insan\u0131m ama aile farkl\u0131 bir \u015feydir. Evet, bu tart\u0131\u015fmay\u0131 burada keselim arkada\u015flar.\u201d<\/p>\n\n\n\n<p>\u00c7ok say\u0131da \u00f6\u011frenciyi rahats\u0131z eden bilimsellikten uzak bu yakla\u015f\u0131m sebebiyle, \u00fcniversitede e\u011fitim g\u00f6ren LGBT\u0130+\u2019lar\u0131n d\u0131\u015flanm\u0131\u015f ve \u00f6fkeli hissettikleri belirtildi.&nbsp;<\/p>\n\n\n\n<p>Kaynak: Gazete Duvar<\/p>\n","protected":false},"excerpt":{"rendered":"<p>Tekirda\u011f Nam\u0131k Kemal \u00dcniversitesi \u00f6\u011fretim \u00fcyesi Mustafa Hakk\u0131 Ertan, verdi\u011fi \u201cAile sosyolojisi\u201d dersinde LGBT\u0130+\u2019lar\u0131 hedef ald\u0131. Verdi\u011fi derste \u201c\u0130ki erkek yan yana \u00e7o\u011fal\u0131r m\u0131?\u201d diye soran Ertan, ailenin temel unsurlar\u0131ndan birini \u00e7o\u011falmak olarak tan\u0131mlad\u0131. LGBT\u0130+ olmay\u0131 \u201cahlaks\u0131zl\u0131k\u201d olarak g\u00f6ren \u00f6\u011fretim \u00fcyesi, &#8220;Aileye ne gerek var alg\u0131s\u0131 yerle\u015ftirilmeye \u00e7al\u0131\u015f\u0131l\u0131yor\u201d diyerek \u015funlar\u0131 s\u00f6yledi: \u2018ARKADA\u015eLAR LGBT NED\u0130R YA?\u2019 &hellip;<\/p>\n","protected":false},"author":1,"featured_media":50638,"comment_status":"closed","ping_status":"open","sticky":false,"template":"","format":"standard","meta":{"footnotes":""},"categories":[91,96],"tags":[],"class_list":["post-50637","post","type-post","status-publish","format-standard","has-post-thumbnail","","category-haberler","category-turkiye"],"_links":{"self":[{"href":"http:\/\/www.gzone.com.tr\/index.php\/wp-json\/wp\/v2\/posts\/50637","targetHints":{"allow":["GET"]}}],"collection":[{"href":"http:\/\/www.gzone.com.tr\/index.php\/wp-json\/wp\/v2\/posts"}],"about":[{"href":"http:\/\/www.gzone.com.tr\/index.php\/wp-json\/wp\/v2\/types\/post"}],"author":[{"embeddable":true,"href":"http:\/\/www.gzone.com.tr\/index.php\/wp-json\/wp\/v2\/users\/1"}],"replies":[{"embeddable":true,"href":"http:\/\/www.gzone.com.tr\/index.php\/wp-json\/wp\/v2\/comments?post=50637"}],"version-history":[{"count":1,"href":"http:\/\/www.gzone.com.tr\/index.php\/wp-json\/wp\/v2\/posts\/50637\/revisions"}],"predecessor-version":[{"id":50658,"href":"http:\/\/www.gzone.com.tr\/index.php\/wp-json\/wp\/v2\/posts\/50637\/revisions\/50658"}],"wp:featuredmedia":[{"embeddable":true,"href":"http:\/\/www.gzone.com.tr\/index.php\/wp-json\/wp\/v2\/media\/50638"}],"wp:attachment":[{"href":"http:\/\/www.gzone.com.tr\/index.php\/wp-json\/wp\/v2\/media?parent=50637"}],"wp:term":[{"taxonomy":"category","embeddable":true,"href":"http:\/\/www.gzone.com.tr\/index.php\/wp-json\/wp\/v2\/categories?post=50637"},{"taxonomy":"post_tag","embeddable":true,"href":"http:\/\/www.gzone.com.tr\/index.php\/wp-json\/wp\/v2\/tags?post=50637"}],"curies":[{"name":"wp","href":"https:\/\/api.w.org\/{rel}","templated":true}]}}