{"id":50622,"date":"2021-03-08T14:43:05","date_gmt":"2021-03-08T11:43:05","guid":{"rendered":"http:\/\/gzone.com.tr\/?p=50622"},"modified":"2021-03-08T14:50:56","modified_gmt":"2021-03-08T11:50:56","slug":"ekrem-imamoglu-lgbtilarla-ilgili-hicbir-insani-ayirmam-dedi-ama-acik-escinsel-eski-belediye-calisaninin-magduriyeti-halen-devam-ediyor","status":"publish","type":"post","link":"http:\/\/www.gzone.com.tr\/index.php\/2021\/03\/08\/ekrem-imamoglu-lgbtilarla-ilgili-hicbir-insani-ayirmam-dedi-ama-acik-escinsel-eski-belediye-calisaninin-magduriyeti-halen-devam-ediyor\/","title":{"rendered":"EKREM \u0130MAMO\u011eLU LGBT\u0130+&#8217;LARLA \u0130LG\u0130L\u0130 &#8220;H\u0130\u00c7B\u0130R \u0130NSANI AYIRMAM&#8221; DED\u0130 AMA A\u00c7IK E\u015eC\u0130NSEL ESK\u0130 BELED\u0130YE \u00c7ALI\u015eANININ MA\u011eDUR\u0130YET\u0130 HALEN DEVAM ED\u0130YOR"},"content":{"rendered":"\n<p>\u0130stanbul B\u00fcy\u00fck\u015fehir Belediyesi Ba\u015fkan\u0131 Ekrem \u0130mamo\u011flu, Danla Bili\u00e7\u2019in sundu\u011fu \u201cZor Sor\u201d 8 Mart \u00f6zel yay\u0131n\u0131nda kad\u0131nlar\u0131n sorular\u0131n\u0131 yan\u0131tlad\u0131. Programda Eray \u00d6zg\u00fcner, \u0130mamo\u011flu\u2019na \u201cEviniz olsa LGBT\u0130+\u2019lara kiraya verir misiniz? \u0130BB\u2019de LGBT\u0130+\u2019lara i\u015f imkan\u0131 verir misiniz\u201d diye sordu.<\/p>\n\n\n\n<p>\u0130mamo\u011flu \u015f\u00f6yle yan\u0131tlad\u0131:<\/p>\n\n\n\n<p>\u201cBir kere \u015funu s\u00f6yleyeyim, sorunun tersinden ba\u015flayay\u0131m. \u0130nsana insan g\u00f6z\u00fcyle bakmak kimli\u011fine sahibim bir kere. \u0130ki, benim g\u00f6revim buna mecbur zaten. \u0130nsanlar\u0131 s\u0131n\u0131fland\u0131rmaya ve ayr\u0131mc\u0131l\u0131\u011fa ba\u015flad\u0131\u011f\u0131n\u0131z an bu sefer her konuda ayr\u0131mc\u0131l\u0131\u011fa do\u011fru devam edersiniz. Bu bir yerden ba\u015flar ve devam edersiniz. Dolay\u0131s\u0131yla ben hi\u00e7bir insan\u0131 ay\u0131rmam. Bu bak\u0131mdan bu ki\u015fisel hayat\u0131m i\u00e7in de ge\u00e7erli, toplumsal hayat\u0131m i\u00e7in de ge\u00e7erli ve benim \u015fu an g\u00f6revimin de gere\u011fi bu. Kanun da bana bunu b\u00f6yle emrediyor.\u201d<\/p>\n\n\n\n<p>\u0130mamo\u011flu, \u00d6zg\u00fcner\u2019in pandemide LGBT\u0130+\u2019lar\u0131n ya\u015fad\u0131\u011f\u0131 i\u015f ve kalacak yer sorunlar\u0131n\u0131 hat\u0131rlatmas\u0131, L\u0130STAG\u2019la g\u00f6r\u00fc\u015fmesini rica etmesi, bar\u0131nma evi kurulmas\u0131ndan bahsetmesi \u00fczerine \u015f\u00f6yle devam etti:<\/p>\n\n\n\n<p>\u201cBu konuda inan\u0131n \u00f6n\u00fcme gelmi\u015f bir sorunla ilgili, ya da soruyla ilgili ya da \u00e7\u00f6z\u00fcmle ilgili bir g\u00fcndem gelmedi. Gelirse, bize ba\u015fvuru yaparlarsa, ama i\u015fsizlikle ilgili az \u00f6nce bahsetti\u011fim istihdam ofislerimiz var. \u00d6zel ilgileniriz. Ama bar\u0131nmayla ilgili sorunlar\u0131 varsa gelsinler, bilgilenelim. \u0130nsan haklar\u0131 \u00e7er\u00e7evesinde ilgileniriz s\u00fcre\u00e7le. Ama \u00f6n\u00fcme gelmedi b\u00f6yle bir konu. Ben de \u00f6zel olarak sorgulat\u0131r\u0131m.\u201d<\/p>\n\n\n\n<p>Ekrem \u0130mamo\u011flu&#8217;nun bu yan\u0131t\u0131na ra\u011fmen, 10 Ocak 2020&#8217;de yay\u0131nlanan Kaos GL&#8217;nin haberinde \u0130BB\u2019den cinsel y\u00f6nelimi y\u00fcz\u00fcnden hen\u00fcz e\u011fitim a\u015famas\u0131nda i\u015ften \u00e7\u0131kar\u0131ld\u0131\u011f\u0131n\u0131 s\u00f6yleyen beyaz masa personeli Erkan Altay, i\u015fe iadesi ile ilgili ad\u0131m at\u0131lmad\u0131\u011f\u0131n\u0131 s\u00f6ylemi\u015fti. <\/p>\n\n\n\n<p>Erkan Altay, 31 Aral\u0131k 2019\u2019da \u0130stanbul B\u00fcy\u00fck\u015fehir Belediyesi (\u0130BB) Beyaz Masa\u2019da i\u015fe ba\u015flad\u0131. S\u00f6zle\u015fmesini imzalad\u0131ktan sonra \u0130BB hekimi kendisine askerlikten muafiyet gerek\u00e7esini sordu. Altay, e\u015fcinsel oldu\u011fu i\u00e7in rapor ald\u0131\u011f\u0131n\u0131 s\u00f6yledi. Kendisine bu sorunun sorulmas\u0131n\u0131 ve sonraki s\u00fcrecin tamam\u0131n\u0131n sorunlu oldu\u011funu belirten Altay, bu durumu m\u00fcd\u00fcrleri F.S.\u2019ye aktard\u0131. Ya\u015fananlar\u0131n ard\u0131ndan&nbsp;<a rel=\"noreferrer noopener\" href=\"https:\/\/www.kaosgl.org\/haber\/istanbul-buyuksehir-belediyesi-nde-escinsel-calisan-isten-cikarildi\" target=\"_blank\">6 Ocak\u2019ta ise i\u015fine son verildi.<\/a><\/p>\n\n\n\n<p><br>Altay\u2019\u0131n ya\u015fad\u0131klar\u0131n\u0131 KaosGL.org\u2019 anlatmas\u0131, sosyal medya \u00fczerinde olay\u0131n g\u00fcndem olmas\u0131 ve gelen tepkiler \u00fczerine \u00fcst y\u00f6netim yetkilileri Altay ile ileti\u015fime ge\u00e7ti. Altay, \u00fcst y\u00f6netim yetkililerinin kendisine \u201ci\u015fe iade yap\u0131laca\u011f\u0131n\u0131 ve ya\u015fananlar\u0131n telafisi i\u00e7in 9 Ocak Per\u015fembe g\u00fcn\u00fc \u0130BB taraf\u0131ndan kendisiyle ileti\u015fime ge\u00e7ilece\u011fi\u201d s\u00f6z\u00fcn\u00fcn verildi\u011fini s\u00f6yledi. Ancak Altay\u2019\u0131n aktard\u0131klar\u0131na g\u00f6re kendisiyle ileti\u015fime ge\u00e7ilmedi. Aksine i\u015fyerinin Whatsapp grubundan da \u00e7\u0131kar\u0131ld\u0131\u011f\u0131n\u0131 s\u00f6ylemi\u015fti. Bu haber yap\u0131l\u0131rken (8 Mart 2021) tekrar ileti\u015fim kurdu\u011fumuz Erkan Altay, farkl\u0131 kanallardan vekillerin \u0130BB&#8217;ye bu konuda soru sordu\u011funu ancak \u0130BB&#8217;nin &#8220;e\u015fcinsel oldu\u011fu i\u00e7in i\u015ften \u00e7\u0131kar\u0131lmad\u0131&#8221; diyerek konuyu kapad\u0131\u011f\u0131n\u0131 a\u00e7\u0131klad\u0131. Altay, Canan Kaftanc\u0131o\u011flu&#8217;nun da  ba\u015f kalemi Can Poyraz arac\u0131l\u0131\u011f\u0131 ile geri al\u0131m i\u00e7in s\u00f6z verdi\u011fini ancak geri d\u00f6n\u00fc\u015f yapmad\u0131\u011f\u0131n\u0131 s\u00f6yledi. Bu haberin detaylar\u0131 <strong><a href=\"http:\/\/gzone.com.tr\/ibbden-cinsel-yonelimi-yuzunden-kovulan-erkan-altaya-verilen-ise-iade-sozu-tutulmadi\/\">burada <\/a><\/strong><\/p>\n\n\n<p><em>\u0130mamo\u011flu\u2019nun yan\u0131t\u0131n\u0131 a\u015fa\u011f\u0131daki videoda 40:52\u2019den itibaren izleyebilirsiniz.<\/em><\/p>\n<p><iframe loading=\"lazy\" width=\"560\" height=\"315\" src=\"https:\/\/www.youtube.com\/embed\/29mGGYks4uU\" frameborder=\"0\" allow=\"accelerometer; autoplay; clipboard-write; encrypted-media; gyroscope; picture-in-picture\" allowfullscreen=\"\"><\/iframe><\/p>","protected":false},"excerpt":{"rendered":"<p>\u0130stanbul B\u00fcy\u00fck\u015fehir Belediyesi Ba\u015fkan\u0131 Ekrem \u0130mamo\u011flu, Danla Bili\u00e7\u2019in sundu\u011fu \u201cZor Sor\u201d 8 Mart \u00f6zel yay\u0131n\u0131nda kad\u0131nlar\u0131n sorular\u0131n\u0131 yan\u0131tlad\u0131. Programda Eray \u00d6zg\u00fcner, \u0130mamo\u011flu\u2019na \u201cEviniz olsa LGBT\u0130+\u2019lara kiraya verir misiniz? \u0130BB\u2019de LGBT\u0130+\u2019lara i\u015f imkan\u0131 verir misiniz\u201d diye sordu. \u0130mamo\u011flu \u015f\u00f6yle yan\u0131tlad\u0131: \u201cBir kere \u015funu s\u00f6yleyeyim, sorunun tersinden ba\u015flayay\u0131m. \u0130nsana insan g\u00f6z\u00fcyle bakmak kimli\u011fine sahibim bir kere. \u0130ki, &hellip;<\/p>\n","protected":false},"author":1,"featured_media":50623,"comment_status":"closed","ping_status":"open","sticky":false,"template":"","format":"standard","meta":{"footnotes":""},"categories":[91,96],"tags":[],"class_list":["post-50622","post","type-post","status-publish","format-standard","has-post-thumbnail","","category-haberler","category-turkiye"],"_links":{"self":[{"href":"http:\/\/www.gzone.com.tr\/index.php\/wp-json\/wp\/v2\/posts\/50622","targetHints":{"allow":["GET"]}}],"collection":[{"href":"http:\/\/www.gzone.com.tr\/index.php\/wp-json\/wp\/v2\/posts"}],"about":[{"href":"http:\/\/www.gzone.com.tr\/index.php\/wp-json\/wp\/v2\/types\/post"}],"author":[{"embeddable":true,"href":"http:\/\/www.gzone.com.tr\/index.php\/wp-json\/wp\/v2\/users\/1"}],"replies":[{"embeddable":true,"href":"http:\/\/www.gzone.com.tr\/index.php\/wp-json\/wp\/v2\/comments?post=50622"}],"version-history":[{"count":1,"href":"http:\/\/www.gzone.com.tr\/index.php\/wp-json\/wp\/v2\/posts\/50622\/revisions"}],"predecessor-version":[{"id":50628,"href":"http:\/\/www.gzone.com.tr\/index.php\/wp-json\/wp\/v2\/posts\/50622\/revisions\/50628"}],"wp:featuredmedia":[{"embeddable":true,"href":"http:\/\/www.gzone.com.tr\/index.php\/wp-json\/wp\/v2\/media\/50623"}],"wp:attachment":[{"href":"http:\/\/www.gzone.com.tr\/index.php\/wp-json\/wp\/v2\/media?parent=50622"}],"wp:term":[{"taxonomy":"category","embeddable":true,"href":"http:\/\/www.gzone.com.tr\/index.php\/wp-json\/wp\/v2\/categories?post=50622"},{"taxonomy":"post_tag","embeddable":true,"href":"http:\/\/www.gzone.com.tr\/index.php\/wp-json\/wp\/v2\/tags?post=50622"}],"curies":[{"name":"wp","href":"https:\/\/api.w.org\/{rel}","templated":true}]}}