{"id":50440,"date":"2021-02-03T11:08:08","date_gmt":"2021-02-03T08:08:08","guid":{"rendered":"http:\/\/gzone.com.tr\/?p=50440"},"modified":"2021-02-03T11:08:10","modified_gmt":"2021-02-03T08:08:10","slug":"twitterdan-sonra-facebook-da-bakan-soylunun-nefret-soylemlerine-dur-dedi","status":"publish","type":"post","link":"http:\/\/www.gzone.com.tr\/index.php\/2021\/02\/03\/twitterdan-sonra-facebook-da-bakan-soylunun-nefret-soylemlerine-dur-dedi\/","title":{"rendered":"TWITTER&#8217;DAN SONRA FACEBOOK DA BAKAN SOYLU&#8217;NUN NEFRET S\u00d6YLEMLER\u0130NE &#8220;DUR&#8221; DED\u0130"},"content":{"rendered":"\n<p>\u0130\u00e7i\u015fleri bakan\u0131 S\u00fcleyman Soylu&#8217;nun LGBT\u0130 bireylere kar\u015f\u0131 nefret s\u00f6ylemleri Facebook taraf\u0131ndan kald\u0131r\u0131ld\u0131. Soylu LGBT bireylere kar\u015f\u0131 &#8216;sapk\u0131n&#8217; ifadesini kullanm\u0131\u015ft\u0131.<\/p>\n\n\n\n<p><br>Bakan Soylu&#8217;nun\u00a0 bo\u011fazi\u00e7i eylemlerine kat\u0131lan LGBT bireyleri hedef alan nefret s\u00f6ylemleri\u00a0 \u00f6nceki g\u00fcn TW\u0130TTER taraf\u0131ndan k\u0131s\u0131tland\u0131 ve &#8216;kamu yarar\u0131&#8217; olabilece\u011fi uyar\u0131s\u0131 ile k\u0131s\u0131t kald\u0131rma se\u00e7ene\u011fi konuldu. Ayn\u0131 nefret s\u00f6ylemli i\u00e7erikleri Facebook \u00fczerinden de payla\u015fan i\u00e7i\u015fleri bakan\u0131na FACEBOOK&#8217;tan ise sert yapt\u0131r\u0131m geldi. \u0130lgili i\u00e7erikleri tamamen kald\u0131ran Facebook topluluk kurallar\u0131n\u0131n ihlal edildi\u011fini tespit etti. LGBT&#8217;lere y\u00f6nelik nefret s\u00f6ylemine kar\u015f\u0131 hesap kapatmaya kadar \u00f6nlem alma tedbirleri bulunan sosyal medya platformuna kar\u015f\u0131 Soylu\u00a0taraf\u0131ndan hen\u00fcz yan\u0131t gelmedi. <\/p>\n\n\n\n<figure class=\"wp-block-image\"><img loading=\"lazy\" decoding=\"async\" width=\"757\" height=\"1600\" src=\"http:\/\/gzone.com.tr\/wp-content\/uploads\/2021\/02\/WhatsApp-Image-2021-02-02-at-21.22.42.jpeg\" alt=\"\" class=\"wp-image-50441\" srcset=\"http:\/\/www.gzone.com.tr\/wp-content\/uploads\/2021\/02\/WhatsApp-Image-2021-02-02-at-21.22.42.jpeg 757w, http:\/\/www.gzone.com.tr\/wp-content\/uploads\/2021\/02\/WhatsApp-Image-2021-02-02-at-21.22.42-142x300.jpeg 142w, http:\/\/www.gzone.com.tr\/wp-content\/uploads\/2021\/02\/WhatsApp-Image-2021-02-02-at-21.22.42-156x330.jpeg 156w, http:\/\/www.gzone.com.tr\/wp-content\/uploads\/2021\/02\/WhatsApp-Image-2021-02-02-at-21.22.42-696x1471.jpeg 696w, http:\/\/www.gzone.com.tr\/wp-content\/uploads\/2021\/02\/WhatsApp-Image-2021-02-02-at-21.22.42-199x420.jpeg 199w\" sizes=\"auto, (max-width: 757px) 100vw, 757px\" \/><\/figure>\n\n\n\n<p>Twitter&#8217;daki k\u0131s\u0131tlama i\u00e7in ise bakan\u0131n tepkisi,\u00a0<strong>&#8216;Twitt*r s*ns\u00fcr uyg*luy*r Telegr*m* gel*r mis*nizTwitt*r s*ns\u00fcr uyg*luy*r Telegr*m* gel*r mis*niz&#8217;<\/strong>\u00a0ile s\u0131n\u0131rl\u0131 kald\u0131.<\/p>\n\n\n\n<p>Haber: Erkan Altay <\/p>\n","protected":false},"excerpt":{"rendered":"<p>\u0130\u00e7i\u015fleri bakan\u0131 S\u00fcleyman Soylu&#8217;nun LGBT\u0130 bireylere kar\u015f\u0131 nefret s\u00f6ylemleri Facebook taraf\u0131ndan kald\u0131r\u0131ld\u0131. Soylu LGBT bireylere kar\u015f\u0131 &#8216;sapk\u0131n&#8217; ifadesini kullanm\u0131\u015ft\u0131. Bakan Soylu&#8217;nun\u00a0 bo\u011fazi\u00e7i eylemlerine kat\u0131lan LGBT bireyleri hedef alan nefret s\u00f6ylemleri\u00a0 \u00f6nceki g\u00fcn TW\u0130TTER taraf\u0131ndan k\u0131s\u0131tland\u0131 ve &#8216;kamu yarar\u0131&#8217; olabilece\u011fi uyar\u0131s\u0131 ile k\u0131s\u0131t kald\u0131rma se\u00e7ene\u011fi konuldu. Ayn\u0131 nefret s\u00f6ylemli i\u00e7erikleri Facebook \u00fczerinden de payla\u015fan i\u00e7i\u015fleri bakan\u0131na &hellip;<\/p>\n","protected":false},"author":1,"featured_media":47300,"comment_status":"closed","ping_status":"open","sticky":false,"template":"","format":"standard","meta":{"footnotes":""},"categories":[91,96],"tags":[],"class_list":["post-50440","post","type-post","status-publish","format-standard","has-post-thumbnail","","category-haberler","category-turkiye"],"_links":{"self":[{"href":"http:\/\/www.gzone.com.tr\/index.php\/wp-json\/wp\/v2\/posts\/50440","targetHints":{"allow":["GET"]}}],"collection":[{"href":"http:\/\/www.gzone.com.tr\/index.php\/wp-json\/wp\/v2\/posts"}],"about":[{"href":"http:\/\/www.gzone.com.tr\/index.php\/wp-json\/wp\/v2\/types\/post"}],"author":[{"embeddable":true,"href":"http:\/\/www.gzone.com.tr\/index.php\/wp-json\/wp\/v2\/users\/1"}],"replies":[{"embeddable":true,"href":"http:\/\/www.gzone.com.tr\/index.php\/wp-json\/wp\/v2\/comments?post=50440"}],"version-history":[{"count":1,"href":"http:\/\/www.gzone.com.tr\/index.php\/wp-json\/wp\/v2\/posts\/50440\/revisions"}],"predecessor-version":[{"id":50442,"href":"http:\/\/www.gzone.com.tr\/index.php\/wp-json\/wp\/v2\/posts\/50440\/revisions\/50442"}],"wp:featuredmedia":[{"embeddable":true,"href":"http:\/\/www.gzone.com.tr\/index.php\/wp-json\/wp\/v2\/media\/47300"}],"wp:attachment":[{"href":"http:\/\/www.gzone.com.tr\/index.php\/wp-json\/wp\/v2\/media?parent=50440"}],"wp:term":[{"taxonomy":"category","embeddable":true,"href":"http:\/\/www.gzone.com.tr\/index.php\/wp-json\/wp\/v2\/categories?post=50440"},{"taxonomy":"post_tag","embeddable":true,"href":"http:\/\/www.gzone.com.tr\/index.php\/wp-json\/wp\/v2\/tags?post=50440"}],"curies":[{"name":"wp","href":"https:\/\/api.w.org\/{rel}","templated":true}]}}