{"id":49635,"date":"2020-07-18T11:56:25","date_gmt":"2020-07-18T08:56:25","guid":{"rendered":"http:\/\/gzone.com.tr\/?p=49635"},"modified":"2020-07-18T11:56:32","modified_gmt":"2020-07-18T08:56:32","slug":"yurtdisinda-en-buyuk-lgbti-destekcilerinden-biri-olan-netflix-turkiyede-gokkusagindan-cok-uzakta","status":"publish","type":"post","link":"http:\/\/www.gzone.com.tr\/index.php\/2020\/07\/18\/yurtdisinda-en-buyuk-lgbti-destekcilerinden-biri-olan-netflix-turkiyede-gokkusagindan-cok-uzakta\/","title":{"rendered":"YURTDI\u015eINDA EN B\u00dcY\u00dcK LGBT\u0130+ DESTEK\u00c7\u0130LER\u0130NDEN B\u0130R\u0130 OLAN NETFLIX, T\u00dcRK\u0130YE&#8217;DE G\u00d6KKU\u015eA\u011eINDAN \u00c7OK UZAKTA"},"content":{"rendered":"\n<p>Yurtd\u0131\u015f\u0131nda LGBT\u0130+&#8217;lara verdi\u011fi b\u00fcy\u00fck desteklerle bilinen Netflix markas\u0131 T\u00fcrkiye&#8217;deki sans\u00fcrc\u00fc y\u00f6netimi y\u00fcz\u00fcnden her ge\u00e7en g\u00fcn bu imaj\u0131ndan uzakla\u015f\u0131yor.<\/p>\n\n\n\n<p>A\u011fustos 2019&#8217;da y\u00fcr\u00fcrl\u00fc\u011fe giren ilgili yasa ve y\u00f6netmelik ile Netflix, BluTV ve Puhutv gibi dijital platformlar RT\u00dcK denetimi kapsam\u0131na girdi ancak Netflix T\u00fcrkiye y\u00f6netimi, yay\u0131nda olduklar\u0131 Ocak 2016&#8217;da beri, hatta LGBT\u0130+ Onur Haftas\u0131&#8217;nda da, global marka y\u00f6netiminin aksine T\u00fcrkiye&#8217;de sessiz kalm\u0131\u015f ve bu toplulu\u011fu g\u00f6rmezden geldi. Bu konuda sorulan sorulara ve getirilen ele\u015ftirilere de sessiz kald\u0131lar. <\/p>\n\n\n\n<p><strong>Netflix<\/strong>\u2019in\u00a0<em>Hakan: Muhaf\u0131z (The Protector)<\/em>\u00a0ve\u00a0<em>Atiye (The Gift)<\/em>\u00a0sonras\u0131nda haz\u0131rlad\u0131\u011f\u0131 \u00fc\u00e7\u00fcnc\u00fc T\u00fcrk i\u015fi dizi olan\u00a0<em><strong>A\u015fk 101,<\/strong><\/em>\u00a0bir s\u00fcredir tan\u0131t\u0131m faaliyetlerine h\u0131z vermi\u015fti. Nisan sonunda yay\u0131nlanan dizideki Osman karakterinin e\u015fcinsel oldu\u011fu iddialar\u0131na <em>&#8220;Yeni orijinal dizimiz A\u015fk 101 i\u00e7in \u00e7ok heyecanl\u0131y\u0131z! Maalesef dizinin ad\u0131 kullan\u0131larak a\u00e7\u0131lan sahte hesaplardan \u00e7ok fazla yanl\u0131\u015f bilgi yay\u0131l\u0131yor. Bu nedenle \u00f6nemli bir not: Dizi ve karakterler hakk\u0131nda sadece benden duyduklar\u0131n\u0131za inan\u0131n, s\u00f6ylentilere de\u011fil.\u201d<\/em> diye yan\u0131t veren Netflix&#8217;in yalan s\u00f6yledi\u011fi ge\u00e7ti\u011fimiz g\u00fcnlerde ortaya \u00e7\u0131kt\u0131.<\/p>\n\n\n\n<p>9 Temmuz 2020 tarihinde BBC T\u00fcrk\u00e7e&#8217;ye a\u00e7\u0131klama yapan, isminin a\u00e7\u0131klanmas\u0131n\u0131 istemeyen \u00fcst d\u00fczey bir RT\u00dcK yetkilisi, &#8220;\u0130kili g\u00f6r\u00fc\u015fmelerle o karakter konusundaki s\u0131k\u0131nt\u0131 giderilmi\u015ftir&#8221; dedi. Ge\u00e7ti\u011fimiz g\u00fcnlerde C\u00fcneyt \u00d6zdemir&#8217;in yay\u0131n\u0131na kat\u0131lan Adalet ve Kalk\u0131nma Partisi Genel Ba\u015fkan Yard\u0131mc\u0131s\u0131 Mahir \u00dcnal da bu hafta i\u00e7erisinde Netflix&#8217;te yay\u0131nlanan A\u015fk 101 dizisindeki Osman karakterinin ba\u015flang\u0131\u00e7ta e\u015fcinsel olarak kurguland\u0131\u011f\u0131n\u0131 a\u00e7\u0131klam\u0131\u015ft\u0131. Ay Yap\u0131m taraf\u0131ndan Netflix T\u00fcrkiye i\u00e7in haz\u0131rlanan dizideki Osman adl\u0131 karakterin e\u015fcinsel bir birey olarak kurguland\u0131\u011f\u0131 ancak daha sonra senaryonun de\u011fi\u015ftirildi\u011fi iddialar\u0131 da do\u011frulanm\u0131\u015f oldu. <\/p>\n\n\n\n<p>D\u00fcn al\u0131nan habere g\u00f6re Netflix T\u00fcrkiye bu kez de, \u00d6zge \u00d6zpirin\u00e7ci&#8217;nin ba\u015frol\u00fcn\u00fc Birkan Sokullu ve Burak Yamant\u00fcrk&#8217;le payla\u015faca\u011f\u0131 ve \u00c7a\u011fan Irmak&#8217;\u0131n y\u00f6netti\u011fi &#8220;\u015eimdiki Akl\u0131m Olsayd\u0131&#8221; adl\u0131 projesini i\u00e7indeki e\u015fcinsel karakterlerin sahneleri y\u00fcz\u00fcnden son dakika karar\u0131yla iptal etti.<\/p>\n\n\n\n<p><strong>PATRONUN TAVRI A\u00c7IK VE NET: LGBT\u0130+ i\u00e7erikli filmimizi kald\u0131rmay\u0131z!<\/strong><\/p>\n\n\n\n<p>T\u00fcrkiye&#8217;deki ekibi taraf\u0131ndan orijinal yap\u0131mlar\u0131ndaki LGBT\u0130+ karakterleri sans\u00fcrlese de Netflix&#8217;in patronu Reed Hastings 2019&#8217;un Kas\u0131m ay\u0131nda New York Times gazetesinin d\u00fczenledi\u011fi <strong>\u201cBizim belli \u00e7izgilerimiz vard\u0131r. Bir h\u00fck\u00fcmet LGBT\u0130+ i\u00e7erikli bir filmimizin kald\u0131r\u0131lmas\u0131n\u0131 isterse bunu kabul etmeyiz ve yay\u0131na devam ederiz&#8230;\u201d<\/strong> demi\u015fti.<\/p>\n\n\n\n<figure class=\"wp-block-image\"><img decoding=\"async\" src=\"https:\/\/www.advocate.com\/sites\/advocate.com\/files\/2019\/06\/05\/netflix_750x422.jpg\" alt=\"\"\/><\/figure>\n\n\n\n<p><strong>YURTDI\u015eINDA LGBT\u0130+&#8217;YA EN B\u00dcY\u00dcK  DESTEK VEREN MARKALARDAN B\u0130R\u0130<\/strong><\/p>\n\n\n\n<p>Orange Is The New Black, Tales Of The City, Queer Eye ve daha pek \u00e7ok LGBT\u0130+ destekleyen i\u00e7eri\u011fi bizzat finanse eden, yurtd\u0131\u015f\u0131ndaki Onur Haftalar\u0131ndaki g\u00f6r\u00fcn\u00fcrl\u00fc\u011f\u00fcne \u00f6nem veren ve hatta di\u011fer t\u00fcm dizilerinde LGBT\u0130+ karakterlerin olmas\u0131 i\u00e7in \u00f6zel bir \u00e7e\u015fitlilik politikas\u0131 y\u00fcr\u00fcten, bu konuda kural tan\u0131mayan Netflix&#8217;in global y\u00f6netiminin T\u00fcrkiye&#8217;deki sans\u00fcrc\u00fc ekibiyle ilgili alaca\u011f\u0131 tav\u0131r merak konusu!<\/p>\n\n\n\n<figure class=\"wp-block-image\"><img decoding=\"async\" src=\"https:\/\/i.ytimg.com\/vi\/ka2t7Cw5oO0\/maxresdefault.jpg\" alt=\"\"\/><\/figure>\n\n\n\n<figure class=\"wp-block-image\"><img decoding=\"async\" src=\"https:\/\/www.collater.al\/wp-content\/uploads\/2018\/06\/Rainbow-is-the-New-Black-per-il-Pride-di-Milano-Collater.al-5-790x530.png\" alt=\"\"\/><\/figure>\n","protected":false},"excerpt":{"rendered":"<p>Yurtd\u0131\u015f\u0131nda LGBT\u0130+&#8217;lara verdi\u011fi b\u00fcy\u00fck desteklerle bilinen Netflix markas\u0131 T\u00fcrkiye&#8217;deki sans\u00fcrc\u00fc y\u00f6netimi y\u00fcz\u00fcnden her ge\u00e7en g\u00fcn bu imaj\u0131ndan uzakla\u015f\u0131yor. A\u011fustos 2019&#8217;da y\u00fcr\u00fcrl\u00fc\u011fe giren ilgili yasa ve y\u00f6netmelik ile Netflix, BluTV ve Puhutv gibi dijital platformlar RT\u00dcK denetimi kapsam\u0131na girdi ancak Netflix T\u00fcrkiye y\u00f6netimi, yay\u0131nda olduklar\u0131 Ocak 2016&#8217;da beri, hatta LGBT\u0130+ Onur Haftas\u0131&#8217;nda da, global marka y\u00f6netiminin &hellip;<\/p>\n","protected":false},"author":1,"featured_media":49636,"comment_status":"closed","ping_status":"open","sticky":false,"template":"","format":"standard","meta":{"footnotes":""},"categories":[28,61],"tags":[629],"class_list":["post-49635","post","type-post","status-publish","format-standard","has-post-thumbnail","","category-pop","category-sinematv","tag-netflix"],"_links":{"self":[{"href":"http:\/\/www.gzone.com.tr\/index.php\/wp-json\/wp\/v2\/posts\/49635","targetHints":{"allow":["GET"]}}],"collection":[{"href":"http:\/\/www.gzone.com.tr\/index.php\/wp-json\/wp\/v2\/posts"}],"about":[{"href":"http:\/\/www.gzone.com.tr\/index.php\/wp-json\/wp\/v2\/types\/post"}],"author":[{"embeddable":true,"href":"http:\/\/www.gzone.com.tr\/index.php\/wp-json\/wp\/v2\/users\/1"}],"replies":[{"embeddable":true,"href":"http:\/\/www.gzone.com.tr\/index.php\/wp-json\/wp\/v2\/comments?post=49635"}],"version-history":[{"count":1,"href":"http:\/\/www.gzone.com.tr\/index.php\/wp-json\/wp\/v2\/posts\/49635\/revisions"}],"predecessor-version":[{"id":49637,"href":"http:\/\/www.gzone.com.tr\/index.php\/wp-json\/wp\/v2\/posts\/49635\/revisions\/49637"}],"wp:featuredmedia":[{"embeddable":true,"href":"http:\/\/www.gzone.com.tr\/index.php\/wp-json\/wp\/v2\/media\/49636"}],"wp:attachment":[{"href":"http:\/\/www.gzone.com.tr\/index.php\/wp-json\/wp\/v2\/media?parent=49635"}],"wp:term":[{"taxonomy":"category","embeddable":true,"href":"http:\/\/www.gzone.com.tr\/index.php\/wp-json\/wp\/v2\/categories?post=49635"},{"taxonomy":"post_tag","embeddable":true,"href":"http:\/\/www.gzone.com.tr\/index.php\/wp-json\/wp\/v2\/tags?post=49635"}],"curies":[{"name":"wp","href":"https:\/\/api.w.org\/{rel}","templated":true}]}}