{"id":49618,"date":"2020-07-18T09:55:04","date_gmt":"2020-07-18T06:55:04","guid":{"rendered":"http:\/\/gzone.com.tr\/?p=49618"},"modified":"2020-07-18T10:32:58","modified_gmt":"2020-07-18T07:32:58","slug":"seyfi-dursunoglunun-ardindan-unlulerden-mesajlar-huysuz-virjinin-katilleri-hala-aramizda","status":"publish","type":"post","link":"http:\/\/www.gzone.com.tr\/index.php\/2020\/07\/18\/seyfi-dursunoglunun-ardindan-unlulerden-mesajlar-huysuz-virjinin-katilleri-hala-aramizda\/","title":{"rendered":"SEYF\u0130 DURSUNO\u011eLU&#8217;NUN ARDINDAN \u00dcNL\u00dcLERDEN TAZ\u0130YE MESAJLARI: HUYSUZ V\u0130RJ\u0130N&#8217;\u0130N KAT\u0130LLER\u0130 HALA ARAMIZDA!"},"content":{"rendered":"\n<p>D\u00fcn hayat\u0131n\u0131 kaybeden 88 ya\u015f\u0131ndaki \u015fov duayeni, T\u00fcrkiye&#8217;nin ilk drag performans sanat\u00e7\u0131s\u0131 Seyfi Dursuno\u011flu&#8217;nun ard\u0131ndan sosyal medya ve \u00fcnl\u00fcler \u00fcz\u00fcnt\u00fcye bo\u011fuldu. \u0130\u015fte onun ard\u0131ndan yay\u0131nlanan taziye mesajlar\u0131ndan baz\u0131lar\u0131. <\/p>\n\n\n\n<h3 class=\"wp-block-heading\">FEHM\u0130 DALSALDI<br>Ustam Seyfi Dursuno\u011flu eceliyle hayata g\u00f6zlerini yumdu, Huysuz Virjin&#8217;in katilleri ise h\u00e2l\u00e2 aram\u0131zda! Ac\u0131m\u0131z da b\u00fcy\u00fck, haf\u0131zam\u0131z da. Unutmayaca\u011f\u0131m, unutturmayaca\u011f\u0131m.&nbsp;<a href=\"https:\/\/www.instagram.com\/explore\/tags\/seyfidursunog%CC%86lu\/\">#seyfidursuno\u011flu<\/a><a href=\"https:\/\/www.instagram.com\/explore\/tags\/huysuzvirjin\/\">#huysuzvirjin<\/a><\/h3>\n\n\n\n<h3 class=\"wp-block-heading\">MABEL MAT\u0130Z<br>Muhte\u015femsin huysuz, sana tan\u0131k olmak da muhte\u015femdi. Ruhun \u015fad olsun. Seni seviyorum.?<\/h3>\n\n\n\n<h3 class=\"wp-block-heading\">AY\u00c7A \u015eEN<br>Seyfi Dursunu\u011flu; modernist elitlerin kibirli muhafazakarl\u0131\u011f\u0131n\u0131n i\u00e7inde aslanlar gibi kendini ifade edip ger\u00e7ekle\u015ftirmi\u015f, keskin zekas\u0131 ile her s\u0131n\u0131fa duyguda\u015f olmu\u015f,son nefesine kadar da mahalle \u00e7ocu\u011fu f\u0131rlamal\u0131\u011f\u0131n\u0131 bize \u00f6\u011fretmi\u015ftir. B\u00fcy\u00fck usta; yolun a\u00e7\u0131k olsun<\/h3>\n\n\n\n<h3 class=\"wp-block-heading\">B\u00dcLENT EMRAH PARLAK<br>O \u00e7oook SEVD\u0130\u011e\u0130M\u0130Z Huysuz Virjin\u2019e ambargo uyguland\u0131\u011f\u0131nda-Katina\u2019n\u0131n elindeki makas\u0131 ald\u0131klar\u0131nda-birlik olup kar\u015f\u0131 gelemedik, HAYIR diyemedik.Bu da bize dert olsun! \u015eimdi en iyi yapt\u0131\u011f\u0131m\u0131z \u015feyi yap\u0131p, \u00d6RG\u00dcTL\u00dc bir \u015fekilde a\u011flayabiliriz. Hakk\u0131n\u0131 hel\u00e2l et Huysuz.<\/h3>\n\n\n\n<h2 class=\"wp-block-heading\">G\u00d6KHAN \u00d6ZO\u011eUZ&nbsp;&nbsp;<\/h2>\n\n\n\n<h3 class=\"wp-block-heading\">Her yans\u0131ma Kendi gibi sorgusuz sualsiz Do\u011fas\u0131 gere\u011fi olmas\u0131 gerekti\u011fi gibi Devam eder yolculu\u011funa&#8230;<\/h3>\n\n\n\n<h2 class=\"wp-block-heading\">KEMAL KILI\u00c7DARO\u011eLU&nbsp;<\/h2>\n\n\n\n<h3 class=\"wp-block-heading\">Sanat d\u00fcnyam\u0131z\u0131n sevilen ismi, tiplemeleriyle halk\u0131n sevgisini kazanan usta sanat\u00e7\u0131 Seyfi Dursuno\u011flu\u2019nun vefat\u0131ndan dolay\u0131 derin \u00fcz\u00fcnt\u00fc duydum. Kendisine Allah\u2019tan rahmet, t\u00fcm sevenlerine ba\u015fsa\u011fl\u0131\u011f\u0131 ve sab\u0131r diliyorum.<\/h3>\n\n\n\n<h2 class=\"wp-block-heading\">MUHARREM \u0130NCE&nbsp;<\/h2>\n\n\n\n<h3 class=\"wp-block-heading\">Seyfi Dursuno\u011flu zekas\u0131yla, mizah\u0131yla, muazzam T\u00fcrk\u00e7esiyle sanat d\u00fcnyam\u0131zda fark yaratan bir sanat\u00e7\u0131yd\u0131. Y\u0131llarca hepimizi g\u00fcld\u00fcrd\u00fc, e\u011flendirdi. Kendisine Allah\u2019tan rahmet, ailesine ve sevenlerine sab\u0131r ve ba\u015fsa\u011fl\u0131\u011f\u0131 diliyorum.<\/h3>\n\n\n\n<h2 class=\"wp-block-heading\">TARKAN&nbsp;<\/h2>\n\n\n\n<h3 class=\"wp-block-heading\">Seyfi Dursuno\u011flu&#8230; Nam-\u0131 di\u011fer Huysuz Virjin\u2019i, ya\u015fayan bir efsaneyi kaybettik bug\u00fcn. Nur i\u00e7inde yats\u0131n. Allah rahmet eylesin. T\u00fcm sevenlerine, aile ve yak\u0131nlar\u0131na ba\u015f sa\u011fl\u0131\u011f\u0131 dilerim. Kendisini hi\u00e7 unutmayaca\u011f\u0131z&#8230;<\/h3>\n\n\n\n<h2 class=\"wp-block-heading\">AJDA PEKKAN&nbsp;<\/h2>\n\n\n\n<h3 class=\"wp-block-heading\">Sen memur olmay\u0131 reddedip kendini dinledin ve bir efsane oldun, \u0130\u00e7imizdeki ses oldun, cesaret oldun, \u00f6zg\u00fcrl\u00fck oldun. Sanata, sahneye, tiyatroya katt\u0131klar\u0131n\u0131, g\u00fczel dostlu\u011funu ve nezaketini asla unutmayaca\u011f\u0131m. Nurlar i\u00e7inde uyu k\u0131ymetli dostum&#8230;<\/h3>\n\n\n\n<h2 class=\"wp-block-heading\">DEMET AKBA\u011e&nbsp;<\/h2>\n\n\n\n<h3 class=\"wp-block-heading\">Kendi stilinde tekti. Ve sahne \u00fczerinde d\u00fcnyan\u0131n en zeki insanlar\u0131ndan biriydi. Bir devir kapand\u0131, \u00e7ok \u00fczg\u00fcn\u00fcm&#8230; Allah rahmet eylesin.<\/h3>\n\n\n\n<h2 class=\"wp-block-heading\">MELEK BAYKAL&nbsp;<\/h2>\n\n\n\n<h3 class=\"wp-block-heading\">T\u00fcrkiye\u2019nin ba\u015f\u0131 sa\u011folsun. Ger\u00e7ekten e\u011flence televizyon d\u00fcnyas\u0131n\u0131n \u00f6nemli bir ismini kaybettik. Huzur i\u00e7inde uyu.<\/h3>\n\n\n\n<h2 class=\"wp-block-heading\">\u015eEHRAZAT&nbsp;<\/h2>\n\n\n\n<h3 class=\"wp-block-heading\">Can\u0131m Seyficim. Mekan\u0131n cennet olsun vatan perver Seyficim.<\/h3>\n\n\n\n<h2 class=\"wp-block-heading\">G\u00dcL\u015eEN&nbsp;<\/h2>\n\n\n\n<h3 class=\"wp-block-heading\">Seyfi Dursuno\u011flu\u2019na Allah\u2019tan rahmet yak\u0131nlar\u0131na ve t\u00fcm sevenlerine ba\u015f sa\u011fl\u0131\u011f\u0131 diliyorum. Yerin hi\u00e7 bir zaman dolmayacak b\u00fcy\u00fck usta. Mekan\u0131n cennet olsun.<\/h3>\n\n\n\n<h2 class=\"wp-block-heading\">AY\u015eEG\u00dcL ALD\u0130N\u00c7&nbsp;<\/h2>\n\n\n\n<h3 class=\"wp-block-heading\">Seyfi Dursuno\u011flu, Huysuz\u2019lu\u011fuyla bize ne\u015fe ve mutlulu\u011fu, bedeniyle de t\u0131p \u00f6\u011frencilerine e\u011fitim katk\u0131s\u0131 ba\u011f\u0131\u015flayabilecek duyarl\u0131l\u0131kta bir \u0130stanbul beyefendisiydi. Yeri asla dolmayacak&#8230;<\/h3>\n\n\n\n<h2 class=\"wp-block-heading\">G\u00dcLBEN ERGEN&nbsp;<\/h2>\n\n\n\n<h3 class=\"wp-block-heading\">E\u015fi benzeri olmayan can\u0131m #seyfidursuno\u011flu. Kelimler o kadar yetersiz ki. Yerin asla dolmayacak.<\/h3>\n\n\n\n<h2 class=\"wp-block-heading\">CEM YILMAZ&nbsp;<\/h2>\n\n\n\n<h3 class=\"wp-block-heading\">E\u011flence d\u00fcnyas\u0131nda 60 y\u0131l\u0131 a\u015fk\u0131n eme\u011fi olan #seyfidursuno\u011flu mekan\u0131n cennet olsun. Seni \u00e7ok sevdik,seninle \u00e7ok g\u00fcld\u00fck hakk\u0131n\u0131 helal et.<\/h3>\n\n\n\n<h2 class=\"wp-block-heading\">EDA ECE&nbsp;<\/h2>\n\n\n\n<h3 class=\"wp-block-heading\">Ne kadar \u00e7ok severim, \u00e7ok g\u00fclerim, hala izlerim&#8230; Seni \u00e7ok \u00f6zleyece\u011fiz #SeyfiDursuno\u011flu \u0131\u015f\u0131klar i\u00e7inde uyu, iyi ki ge\u00e7tin bu d\u00fcnyadan&#8230;<\/h3>\n","protected":false},"excerpt":{"rendered":"<p>D\u00fcn hayat\u0131n\u0131 kaybeden 88 ya\u015f\u0131ndaki \u015fov duayeni, T\u00fcrkiye&#8217;nin ilk drag performans sanat\u00e7\u0131s\u0131 Seyfi Dursuno\u011flu&#8217;nun ard\u0131ndan sosyal medya ve \u00fcnl\u00fcler \u00fcz\u00fcnt\u00fcye bo\u011fuldu. \u0130\u015fte onun ard\u0131ndan yay\u0131nlanan taziye mesajlar\u0131ndan baz\u0131lar\u0131. FEHM\u0130 DALSALDIUstam Seyfi Dursuno\u011flu eceliyle hayata g\u00f6zlerini yumdu, Huysuz Virjin&#8217;in katilleri ise h\u00e2l\u00e2 aram\u0131zda! Ac\u0131m\u0131z da b\u00fcy\u00fck, haf\u0131zam\u0131z da. Unutmayaca\u011f\u0131m, unutturmayaca\u011f\u0131m.&nbsp;#seyfidursuno\u011flu#huysuzvirjin MABEL MAT\u0130ZMuhte\u015femsin huysuz, sana tan\u0131k olmak &hellip;<\/p>\n","protected":false},"author":1,"featured_media":49624,"comment_status":"closed","ping_status":"open","sticky":false,"template":"","format":"standard","meta":{"footnotes":""},"categories":[28,7592,61],"tags":[],"class_list":["post-49618","post","type-post","status-publish","format-standard","has-post-thumbnail","","category-pop","category-seyfi-dursunoglu-ozel","category-sinematv"],"_links":{"self":[{"href":"http:\/\/www.gzone.com.tr\/index.php\/wp-json\/wp\/v2\/posts\/49618","targetHints":{"allow":["GET"]}}],"collection":[{"href":"http:\/\/www.gzone.com.tr\/index.php\/wp-json\/wp\/v2\/posts"}],"about":[{"href":"http:\/\/www.gzone.com.tr\/index.php\/wp-json\/wp\/v2\/types\/post"}],"author":[{"embeddable":true,"href":"http:\/\/www.gzone.com.tr\/index.php\/wp-json\/wp\/v2\/users\/1"}],"replies":[{"embeddable":true,"href":"http:\/\/www.gzone.com.tr\/index.php\/wp-json\/wp\/v2\/comments?post=49618"}],"version-history":[{"count":1,"href":"http:\/\/www.gzone.com.tr\/index.php\/wp-json\/wp\/v2\/posts\/49618\/revisions"}],"predecessor-version":[{"id":49630,"href":"http:\/\/www.gzone.com.tr\/index.php\/wp-json\/wp\/v2\/posts\/49618\/revisions\/49630"}],"wp:featuredmedia":[{"embeddable":true,"href":"http:\/\/www.gzone.com.tr\/index.php\/wp-json\/wp\/v2\/media\/49624"}],"wp:attachment":[{"href":"http:\/\/www.gzone.com.tr\/index.php\/wp-json\/wp\/v2\/media?parent=49618"}],"wp:term":[{"taxonomy":"category","embeddable":true,"href":"http:\/\/www.gzone.com.tr\/index.php\/wp-json\/wp\/v2\/categories?post=49618"},{"taxonomy":"post_tag","embeddable":true,"href":"http:\/\/www.gzone.com.tr\/index.php\/wp-json\/wp\/v2\/tags?post=49618"}],"curies":[{"name":"wp","href":"https:\/\/api.w.org\/{rel}","templated":true}]}}