{"id":49280,"date":"2020-05-03T20:02:06","date_gmt":"2020-05-03T17:02:06","guid":{"rendered":"http:\/\/gzone.com.tr\/?p=49280"},"modified":"2020-05-03T20:02:08","modified_gmt":"2020-05-03T17:02:08","slug":"iste-gzonela-bu-hafta-4-11-mayis-evdeyizaskim-diyen-konuklar","status":"publish","type":"post","link":"http:\/\/www.gzone.com.tr\/index.php\/2020\/05\/03\/iste-gzonela-bu-hafta-4-11-mayis-evdeyizaskim-diyen-konuklar\/","title":{"rendered":"\u0130\u015eTE GZONE&#8217;LA BU HAFTA (4-11 MAYIS) #EVDEY\u0130ZA\u015eKIM D\u0130YEN KONUKLAR"},"content":{"rendered":"\n<p>Herkesin zorunlu olarak evde oldu\u011fu \u015fu g\u00fcnlerde GZone, yay\u0131n y\u00f6netmenimiz Sencer Piyanc\u0131 ve m\u00fczik edit\u00f6r\u00fcm\u00fcz Mert Bell\u2019in sundu\u011fu, s\u00fcrpriz konuklarla dolu Instagram canl\u0131 yay\u0131nlar\u0131n\u0131 Pazar ve Pazartesi hari\u00e7 her ak\u015fam 22.00\u2019de hayata ge\u00e7iriyor.<\/p>\n\n\n\n<p><strong><a href=\"https:\/\/www.instagram.com\/gzonemag\/\">Canl\u0131 yay\u0131nlar\u0131m\u0131z\u0131 GZone\u2019un Instagram adresinden takip edebilir, eski yay\u0131nlar\u0131m\u0131z\u0131n \u00f6zetlerini IG TV\u2019mizden izleyebilirsiniz.<\/a><\/strong><\/p>\n\n\n\n<p>5 May\u0131s Sal\u0131 saat 22.00\u2019de T\u00fcrk\u00e7e Pop&#8217;un en b\u00fcy\u00fck isimlerinden, dobra a\u00e7\u0131klamalar\u0131yla dikkat \u00e7eken <strong>YE\u015e\u0130M SALKIM<\/strong> konu\u011fumuz oluyor<\/p>\n\n\n\n<p>6 May\u0131s \u00c7ar\u015famba saat 22.00\u2019de Mert Bell\u2019in konu\u011fu, \u015fark\u0131lar\u0131yla son d\u00f6nemin en sevilen kad\u0131n \u015fark\u0131c\u0131lar\u0131ndan <strong>G\u00dcL\u0130Z AYLA,<\/strong><\/p>\n\n\n\n<p>7 May\u0131s Per\u015fembe gecesi saat 22.00\u2019de kuir sahnelerin aranan isimlerinden <strong>J\u0130LET SEBAHAT<\/strong>\u00a0canl\u0131 yay\u0131nda sizinle bulu\u015fuyor.<\/p>\n\n\n\n<p>8 May\u0131s Cuma g\u00fcn\u00fc saat 22.00\u2019de son d\u00f6nemde hem m\u00fczi\u011fi hem duru\u015fuyla kitleleri pe\u015finden s\u00fcr\u00fckleyen \u015fark\u0131c\u0131 <strong>CEYLAN ERTEM<\/strong> konu\u011fumuz oluyor.<\/p>\n\n\n\n<p>9 May\u0131s Cumartesi g\u00fcn\u00fc saat 16.00\u2019da, GZone ya\u015fam yazarlar\u0131ndan <strong>YE\u015eER SARIYILDIZ ile SOSYAL MEDYADA L\u0130N\u00c7<\/strong> konusunun derinine iniyoruz. <\/p>\n\n\n\n<p>9 May\u0131s Cumartesi g\u00fcn\u00fc ise saat 22.00\u2019de DB BERDAN markas\u0131yla yurtd\u0131\u015f\u0131nda bizleri temsil eden BEG\u00dcM BERDAN yay\u0131n\u0131m\u0131za konuk oluyor. Markan\u0131n annesi DEN\u0130Z BERDAN yay\u0131na s\u00fcrpriz ba\u011flant\u0131 yap\u0131yor.<\/p>\n\n\n\n<figure class=\"wp-block-image\"><img loading=\"lazy\" decoding=\"async\" width=\"1080\" height=\"1920\" src=\"http:\/\/gzone.com.tr\/wp-content\/uploads\/2020\/05\/evdeyiz-askim-haftalik-story-4-11-Mayis.jpg\" alt=\"\" class=\"wp-image-49282\" srcset=\"http:\/\/www.gzone.com.tr\/wp-content\/uploads\/2020\/05\/evdeyiz-askim-haftalik-story-4-11-Mayis.jpg 1080w, http:\/\/www.gzone.com.tr\/wp-content\/uploads\/2020\/05\/evdeyiz-askim-haftalik-story-4-11-Mayis-169x300.jpg 169w, http:\/\/www.gzone.com.tr\/wp-content\/uploads\/2020\/05\/evdeyiz-askim-haftalik-story-4-11-Mayis-768x1365.jpg 768w, http:\/\/www.gzone.com.tr\/wp-content\/uploads\/2020\/05\/evdeyiz-askim-haftalik-story-4-11-Mayis-186x330.jpg 186w, http:\/\/www.gzone.com.tr\/wp-content\/uploads\/2020\/05\/evdeyiz-askim-haftalik-story-4-11-Mayis-696x1237.jpg 696w, http:\/\/www.gzone.com.tr\/wp-content\/uploads\/2020\/05\/evdeyiz-askim-haftalik-story-4-11-Mayis-1068x1899.jpg 1068w, http:\/\/www.gzone.com.tr\/wp-content\/uploads\/2020\/05\/evdeyiz-askim-haftalik-story-4-11-Mayis-236x420.jpg 236w\" sizes=\"auto, (max-width: 1080px) 100vw, 1080px\" \/><\/figure>\n\n\n\n<p><strong><a href=\"https:\/\/www.instagram.com\/gzonemag\/\">Canl\u0131 yay\u0131nlar\u0131m\u0131z\u0131 GZone\u2019un Instagram adresinden takip edebilir, eski yay\u0131nlar\u0131m\u0131z\u0131n \u00f6zetlerini IG TV\u2019mizden izleyebilirsiniz.<\/a><\/strong><\/p>\n","protected":false},"excerpt":{"rendered":"<p>Herkesin zorunlu olarak evde oldu\u011fu \u015fu g\u00fcnlerde GZone, yay\u0131n y\u00f6netmenimiz Sencer Piyanc\u0131 ve m\u00fczik edit\u00f6r\u00fcm\u00fcz Mert Bell\u2019in sundu\u011fu, s\u00fcrpriz konuklarla dolu Instagram canl\u0131 yay\u0131nlar\u0131n\u0131 Pazar ve Pazartesi hari\u00e7 her ak\u015fam 22.00\u2019de hayata ge\u00e7iriyor. Canl\u0131 yay\u0131nlar\u0131m\u0131z\u0131 GZone\u2019un Instagram adresinden takip edebilir, eski yay\u0131nlar\u0131m\u0131z\u0131n \u00f6zetlerini IG TV\u2019mizden izleyebilirsiniz. 5 May\u0131s Sal\u0131 saat 22.00\u2019de T\u00fcrk\u00e7e Pop&#8217;un en b\u00fcy\u00fck &hellip;<\/p>\n","protected":false},"author":1,"featured_media":49281,"comment_status":"closed","ping_status":"open","sticky":false,"template":"","format":"standard","meta":{"footnotes":""},"categories":[91],"tags":[],"class_list":["post-49280","post","type-post","status-publish","format-standard","has-post-thumbnail","","category-haberler"],"_links":{"self":[{"href":"http:\/\/www.gzone.com.tr\/index.php\/wp-json\/wp\/v2\/posts\/49280","targetHints":{"allow":["GET"]}}],"collection":[{"href":"http:\/\/www.gzone.com.tr\/index.php\/wp-json\/wp\/v2\/posts"}],"about":[{"href":"http:\/\/www.gzone.com.tr\/index.php\/wp-json\/wp\/v2\/types\/post"}],"author":[{"embeddable":true,"href":"http:\/\/www.gzone.com.tr\/index.php\/wp-json\/wp\/v2\/users\/1"}],"replies":[{"embeddable":true,"href":"http:\/\/www.gzone.com.tr\/index.php\/wp-json\/wp\/v2\/comments?post=49280"}],"version-history":[{"count":1,"href":"http:\/\/www.gzone.com.tr\/index.php\/wp-json\/wp\/v2\/posts\/49280\/revisions"}],"predecessor-version":[{"id":49283,"href":"http:\/\/www.gzone.com.tr\/index.php\/wp-json\/wp\/v2\/posts\/49280\/revisions\/49283"}],"wp:featuredmedia":[{"embeddable":true,"href":"http:\/\/www.gzone.com.tr\/index.php\/wp-json\/wp\/v2\/media\/49281"}],"wp:attachment":[{"href":"http:\/\/www.gzone.com.tr\/index.php\/wp-json\/wp\/v2\/media?parent=49280"}],"wp:term":[{"taxonomy":"category","embeddable":true,"href":"http:\/\/www.gzone.com.tr\/index.php\/wp-json\/wp\/v2\/categories?post=49280"},{"taxonomy":"post_tag","embeddable":true,"href":"http:\/\/www.gzone.com.tr\/index.php\/wp-json\/wp\/v2\/tags?post=49280"}],"curies":[{"name":"wp","href":"https:\/\/api.w.org\/{rel}","templated":true}]}}