{"id":49245,"date":"2020-04-28T13:46:10","date_gmt":"2020-04-28T10:46:10","guid":{"rendered":"http:\/\/gzone.com.tr\/?p=49245"},"modified":"2020-04-28T13:46:14","modified_gmt":"2020-04-28T10:46:14","slug":"fatih-altayli-lanetlenen-escinsellerden-vergi-de-almayin-o-zaman","status":"publish","type":"post","link":"http:\/\/www.gzone.com.tr\/index.php\/2020\/04\/28\/fatih-altayli-lanetlenen-escinsellerden-vergi-de-almayin-o-zaman\/","title":{"rendered":"FAT\u0130H ALTAYLI: LANETLENEN E\u015eC\u0130NSELLERDEN VERG\u0130 DE ALMAYIN O ZAMAN!"},"content":{"rendered":"\n<p>HaberT\u00fcrk gazetesi yazar\u0131&nbsp;<strong>Fatih Altayl\u0131<\/strong>, Diyanet \u0130\u015fleri Ba\u015fkan\u0131&nbsp;<strong>Ali Erba\u015f<\/strong>&#8216;\u0131n &#8220;Lutili\u011fi, e\u015fcinselli\u011fi lanetliyor. Nedir bunun hikmeti? Hastal\u0131klar\u0131 beraberinde getirmesi ve nesli \u00e7\u00fcr\u00fctmesidir bunun hikmeti&#8221; s\u00f6zlerine ili\u015fkin, &#8220;Kiliseler devletin b\u00fct\u00e7esinden para almazlar. Bizde ise Diyanet\u2019in b\u00fct\u00e7esi de vergilerimizden olu\u015fur. Yani i\u00e7inde lanetlenen e\u015fcinsellerin de vergisi olan bir paradan. Yanl\u0131\u015f olan, iki y\u00fczl\u00fc olan bu taraf\u0131d\u0131r i\u015fin. Hakl\u0131s\u0131n\u0131z ama vergisini de almay\u0131n o zaman&#8221; d\u00fc\u015f\u00fcncesini dile getirdi.&nbsp;<\/p>\n\n\n\n<p>Altayl\u0131, &#8220;Diyanet \u0130\u015fleri Ba\u015fkan\u0131\u2019n\u0131n e\u015fcinsellik ile ilgili s\u00f6zleri kimseyi \u015fa\u015f\u0131rtmad\u0131 bence.<br>E\u015fcinsellerin de bu s\u00f6zlerden al\u0131nd\u0131\u011f\u0131n\u0131 zannetmiyorum. \u00c7\u00fcnk\u00fc d\u00fcnyan\u0131n her yerinde \u201cdin adamlar\u0131ndan\u201d beklenen davran\u0131\u015f modeli budur. S\u0131radan bir papa da, papaz da, genel olarak kilise de benzer s\u00f6ylemler i\u00e7indedir. E\u015fcinselli\u011fin de pedofilinin de kiliselerde dibine kadar ya\u015fan\u0131yor olmas\u0131 papay\u0131 da kiliseleri de bu s\u00f6ylemden uzak tutmaz. &#8216;Ulan bunun a\u011fa babas\u0131 kiliselerde \u00fcstelik de zorla&#8217; demez hi\u00e7bir piskopos.<br>O y\u00fczden din kurumlar\u0131n\u0131n ba\u015f\u0131ndaki ki\u015filerin b\u00f6yle s\u00f6ylemleri \u00e7ok \u00f6nemsenmez. Laf\u0131n gere\u011fidir o. T\u00fcrkiye\u2019de da buna \u015fa\u015f\u0131rmamak laz\u0131m.&#8221; ifadesini kulland\u0131.<\/p>\n\n\n\n<p>Altayl\u0131, &#8220;Ancak \u015funu da unutmamak laz\u0131m ki, kiliseler devletin b\u00fct\u00e7esinden para almazlar.Bizde ise Diyanet\u2019in b\u00fct\u00e7esi de vergilerimizden olu\u015fur. Yani i\u00e7inde lanetlenen e\u015fcinsellerin de vergisi olan bir paradan. Yanl\u0131\u015f olan, iki y\u00fczl\u00fc olan bu taraf\u0131d\u0131r i\u015fin. Ama &#8216;Milli Sanat G\u00fcne\u015fi&#8217;ne ve &#8216;Han\u0131mefendi Sanat\u00e7\u0131s\u0131&#8217;na bakt\u0131\u011f\u0131m\u0131z zaman bu toplumda bu kadar ikiy\u00fczl\u00fcl\u00fck de normaldir herhalde.&#8221; g\u00f6r\u00fc\u015f\u00fcn\u00fc savundu.\u00a0<\/p>\n\n\n\n<p>Kaynak: <a href=\"https:\/\/t24.com.tr\/haber\/fatih-altayli-dan-diyanet-e-lanetlenen-escinsellerden-de-vergisini-almayin-o-zaman,875432\">T24 <\/a><\/p>\n","protected":false},"excerpt":{"rendered":"<p>HaberT\u00fcrk gazetesi yazar\u0131&nbsp;Fatih Altayl\u0131, Diyanet \u0130\u015fleri Ba\u015fkan\u0131&nbsp;Ali Erba\u015f&#8216;\u0131n &#8220;Lutili\u011fi, e\u015fcinselli\u011fi lanetliyor. Nedir bunun hikmeti? Hastal\u0131klar\u0131 beraberinde getirmesi ve nesli \u00e7\u00fcr\u00fctmesidir bunun hikmeti&#8221; s\u00f6zlerine ili\u015fkin, &#8220;Kiliseler devletin b\u00fct\u00e7esinden para almazlar. Bizde ise Diyanet\u2019in b\u00fct\u00e7esi de vergilerimizden olu\u015fur. Yani i\u00e7inde lanetlenen e\u015fcinsellerin de vergisi olan bir paradan. Yanl\u0131\u015f olan, iki y\u00fczl\u00fc olan bu taraf\u0131d\u0131r i\u015fin. Hakl\u0131s\u0131n\u0131z ama &hellip;<\/p>\n","protected":false},"author":1,"featured_media":49246,"comment_status":"closed","ping_status":"open","sticky":false,"template":"","format":"standard","meta":{"footnotes":""},"categories":[91,96],"tags":[7580],"class_list":["post-49245","post","type-post","status-publish","format-standard","has-post-thumbnail","","category-haberler","category-turkiye","tag-fatih-altayli"],"_links":{"self":[{"href":"http:\/\/www.gzone.com.tr\/index.php\/wp-json\/wp\/v2\/posts\/49245","targetHints":{"allow":["GET"]}}],"collection":[{"href":"http:\/\/www.gzone.com.tr\/index.php\/wp-json\/wp\/v2\/posts"}],"about":[{"href":"http:\/\/www.gzone.com.tr\/index.php\/wp-json\/wp\/v2\/types\/post"}],"author":[{"embeddable":true,"href":"http:\/\/www.gzone.com.tr\/index.php\/wp-json\/wp\/v2\/users\/1"}],"replies":[{"embeddable":true,"href":"http:\/\/www.gzone.com.tr\/index.php\/wp-json\/wp\/v2\/comments?post=49245"}],"version-history":[{"count":1,"href":"http:\/\/www.gzone.com.tr\/index.php\/wp-json\/wp\/v2\/posts\/49245\/revisions"}],"predecessor-version":[{"id":49247,"href":"http:\/\/www.gzone.com.tr\/index.php\/wp-json\/wp\/v2\/posts\/49245\/revisions\/49247"}],"wp:featuredmedia":[{"embeddable":true,"href":"http:\/\/www.gzone.com.tr\/index.php\/wp-json\/wp\/v2\/media\/49246"}],"wp:attachment":[{"href":"http:\/\/www.gzone.com.tr\/index.php\/wp-json\/wp\/v2\/media?parent=49245"}],"wp:term":[{"taxonomy":"category","embeddable":true,"href":"http:\/\/www.gzone.com.tr\/index.php\/wp-json\/wp\/v2\/categories?post=49245"},{"taxonomy":"post_tag","embeddable":true,"href":"http:\/\/www.gzone.com.tr\/index.php\/wp-json\/wp\/v2\/tags?post=49245"}],"curies":[{"name":"wp","href":"https:\/\/api.w.org\/{rel}","templated":true}]}}