{"id":48993,"date":"2020-03-10T11:32:34","date_gmt":"2020-03-10T08:32:34","guid":{"rendered":"http:\/\/gzone.com.tr\/?p=48993"},"modified":"2020-03-10T11:32:37","modified_gmt":"2020-03-10T08:32:37","slug":"jonathan-van-nessten-escinsel-olarak-acilan-homofobik-politikaciya-tepki","status":"publish","type":"post","link":"http:\/\/www.gzone.com.tr\/index.php\/2020\/03\/10\/jonathan-van-nessten-escinsel-olarak-acilan-homofobik-politikaciya-tepki\/","title":{"rendered":"JONATHAN VAN NESS&#8217;TEN E\u015eC\u0130NSEL OLARAK A\u00c7ILAN HOMOFOB\u0130K POL\u0130T\u0130KACIYA TEPK\u0130"},"content":{"rendered":"\n<p>ABD\u2019de Cumhuriyet\u00e7i Parti\u2019nin eski milletvekillerinden, homofobik a\u00e7\u0131klamalar\u0131yla bilinen Aaron Schock, ge\u00e7ti\u011fimiz sene Coachella m\u00fczik festivalinde bir erkek ile \u00f6p\u00fc\u015f\u00fcrken g\u00f6r\u00fcnt\u00fclenmi\u015fti. <\/p>\n\n\n\n<figure class=\"wp-block-image\"><img decoding=\"async\" src=\"https:\/\/media-cdn.t24.com.tr\/media\/library\/2019\/04\/1555594283677-ekran-resmi-2019-04-18-16.31\" alt=\"\"\/><\/figure>\n\n\n\n<p>Illinois\u2019de cumhuriyet temsilcili\u011fini yapan Schock, 2015 y\u0131l\u0131nda kamu ve kampanya fonlar\u0131n\u0131 k\u00f6t\u00fcye kulland\u0131\u011f\u0131 iddias\u0131n\u0131n ard\u0131ndan istifa etmi\u015f ancak g\u00f6revi s\u0131ras\u0131nda LGBTi+ nefretini saklamaktan ka\u00e7\u0131nmam\u0131\u015ft\u0131. Orduda LGBT\u0130+\u2019lar\u0131n g\u00f6rev almas\u0131n\u0131 engelleyen yasan\u0131n kald\u0131r\u0131lmamas\u0131 ve nefret su\u00e7lar\u0131na kar\u015f\u0131 verilecek cezalar\u0131n azalt\u0131lmas\u0131 i\u00e7in oy kullanm\u0131\u015ft\u0131. <\/p>\n\n\n\n<p>Schock ge\u00e7ti\u011fimiz g\u00fcnlerde, Instagram\u2019da ve resmi internet sitesi \u00fczerinde e\u015fcinsel olarak a\u00e7\u0131ld\u0131 ancak ge\u00e7mi\u015fte LGBT\u0130+&#8217;lara verdi\u011fi zarar y\u00fcz\u00fcnden \u00f6z\u00fcr dilemedi. Schock sadece <strong><em>&#8220;Baz\u0131 siyasi yakla\u015f\u0131mlar\u0131m\u0131n LGBTi+\u2019nin ana ak\u0131m\u0131na ters d\u00fc\u015ft\u00fc\u011f\u00fcn\u00fcn fark\u0131nday\u0131m ve bu farkl\u0131l\u0131klara sayg\u0131 duyuyorum. Umar\u0131m insanlar da bana sayg\u0131 duyar<\/em><\/strong>&#8221; demekle yetindi.<\/p>\n\n\n\n<p>Netflix program\u0131 Queer Eye&#8217;\u0131n en sevilen isimlerinden Jonathan Van Ness, Aaron Schock&#8217;a tepki g\u00f6sterdi. Van Ness, Schock&#8217;un a\u00e7\u0131lmas\u0131n\u0131n \u00e7ok az insan\u0131 \u015fa\u015f\u0131rtt\u0131\u011f\u0131n\u0131 \u00e7\u00fcnk\u00fc zaten pek \u00e7ok gay club&#8217;da ve hatta Coachella&#8217;da bir erke\u011fe mast\u00fcrbasyon yaparken g\u00f6r\u00fcnt\u00fclendi\u011fini hat\u0131rlatt\u0131. Aaron Schock&#8217;un yapt\u0131klar\u0131 i\u00e7in \u00f6z\u00fcr dilememesine tepki g\u00f6steren Van Ness,  Shock&#8217;un e\u015fcinsel oldu\u011fu i\u00e7in kendisinin kurban oldu\u011funu ve tepki ald\u0131\u011f\u0131n\u0131 d\u00fc\u015f\u00fcnmesine ise <strong><em>&#8220;Kavgam\u0131za kat\u0131ld\u0131\u011f\u0131na sevindim, umar\u0131m yapt\u0131\u011f\u0131n \u00e7irkin \u015feyleri d\u00fczeltmek i\u00e7in u\u011fra\u015f\u0131rs\u0131n&#8221; <\/em><\/strong>ifadesini kulland\u0131.<\/p>\n\n\n\n<p>   <\/p>\n","protected":false},"excerpt":{"rendered":"<p>ABD\u2019de Cumhuriyet\u00e7i Parti\u2019nin eski milletvekillerinden, homofobik a\u00e7\u0131klamalar\u0131yla bilinen Aaron Schock, ge\u00e7ti\u011fimiz sene Coachella m\u00fczik festivalinde bir erkek ile \u00f6p\u00fc\u015f\u00fcrken g\u00f6r\u00fcnt\u00fclenmi\u015fti. Illinois\u2019de cumhuriyet temsilcili\u011fini yapan Schock, 2015 y\u0131l\u0131nda kamu ve kampanya fonlar\u0131n\u0131 k\u00f6t\u00fcye kulland\u0131\u011f\u0131 iddias\u0131n\u0131n ard\u0131ndan istifa etmi\u015f ancak g\u00f6revi s\u0131ras\u0131nda LGBTi+ nefretini saklamaktan ka\u00e7\u0131nmam\u0131\u015ft\u0131. Orduda LGBT\u0130+\u2019lar\u0131n g\u00f6rev almas\u0131n\u0131 engelleyen yasan\u0131n kald\u0131r\u0131lmamas\u0131 ve nefret su\u00e7lar\u0131na kar\u015f\u0131 &hellip;<\/p>\n","protected":false},"author":1,"featured_media":48994,"comment_status":"closed","ping_status":"open","sticky":false,"template":"","format":"standard","meta":{"footnotes":""},"categories":[92,91,28,61],"tags":[],"class_list":["post-48993","post","type-post","status-publish","format-standard","has-post-thumbnail","","category-dunya","category-haberler","category-pop","category-sinematv"],"_links":{"self":[{"href":"http:\/\/www.gzone.com.tr\/index.php\/wp-json\/wp\/v2\/posts\/48993","targetHints":{"allow":["GET"]}}],"collection":[{"href":"http:\/\/www.gzone.com.tr\/index.php\/wp-json\/wp\/v2\/posts"}],"about":[{"href":"http:\/\/www.gzone.com.tr\/index.php\/wp-json\/wp\/v2\/types\/post"}],"author":[{"embeddable":true,"href":"http:\/\/www.gzone.com.tr\/index.php\/wp-json\/wp\/v2\/users\/1"}],"replies":[{"embeddable":true,"href":"http:\/\/www.gzone.com.tr\/index.php\/wp-json\/wp\/v2\/comments?post=48993"}],"version-history":[{"count":1,"href":"http:\/\/www.gzone.com.tr\/index.php\/wp-json\/wp\/v2\/posts\/48993\/revisions"}],"predecessor-version":[{"id":48995,"href":"http:\/\/www.gzone.com.tr\/index.php\/wp-json\/wp\/v2\/posts\/48993\/revisions\/48995"}],"wp:featuredmedia":[{"embeddable":true,"href":"http:\/\/www.gzone.com.tr\/index.php\/wp-json\/wp\/v2\/media\/48994"}],"wp:attachment":[{"href":"http:\/\/www.gzone.com.tr\/index.php\/wp-json\/wp\/v2\/media?parent=48993"}],"wp:term":[{"taxonomy":"category","embeddable":true,"href":"http:\/\/www.gzone.com.tr\/index.php\/wp-json\/wp\/v2\/categories?post=48993"},{"taxonomy":"post_tag","embeddable":true,"href":"http:\/\/www.gzone.com.tr\/index.php\/wp-json\/wp\/v2\/tags?post=48993"}],"curies":[{"name":"wp","href":"https:\/\/api.w.org\/{rel}","templated":true}]}}