{"id":48930,"date":"2020-03-04T12:51:57","date_gmt":"2020-03-04T09:51:57","guid":{"rendered":"http:\/\/gzone.com.tr\/?p=48930"},"modified":"2020-03-04T12:51:59","modified_gmt":"2020-03-04T09:51:59","slug":"lgbti-onur-yuruyusunde-gozaltina-alinan-aktivist-actigi-davayi-kazandi","status":"publish","type":"post","link":"http:\/\/www.gzone.com.tr\/index.php\/2020\/03\/04\/lgbti-onur-yuruyusunde-gozaltina-alinan-aktivist-actigi-davayi-kazandi\/","title":{"rendered":"LGBT\u0130+ ONUR Y\u00dcR\u00dcY\u00dc\u015e\u00dc&#8217;NDE G\u00d6ZALTINA ALINAN AKT\u0130V\u0130ST A\u00c7TI\u011eI DAVAYI KAZANDI"},"content":{"rendered":"\n<p>Asl\u0131 Yasemin, 25 Haziran 2017\u2019de d\u00fczenlenen \u0130stanbul LGBT\u0130+ Onur Y\u00fcr\u00fcy\u00fc\u015f\u00fc\u2019nde g\u00f6zalt\u0131na al\u0131nanlar aras\u0131ndayd\u0131. Polis g\u00f6zalt\u0131na al\u0131rken \u015fiddet uygulad\u0131, k\u00f6t\u00fc muameleye maruz b\u0131rak\u0131ld\u0131.<br>Asl\u0131 Yasemin ayn\u0131 gece serbest b\u0131rak\u0131ld\u0131 ancak hakk\u0131nda dava a\u00e7\u0131ld\u0131. Onur Y\u00fcr\u00fcy\u00fc\u015f\u00fc s\u0131ras\u0131nda polis \u015fiddetiyle g\u00f6zalt\u0131na al\u0131nanlar, 2911 say\u0131l\u0131 Toplant\u0131 ve G\u00f6steri Y\u00fcr\u00fcy\u00fc\u015fleri Kanunu\u2019na muhalefetten yarg\u0131land\u0131. 7 May\u0131s 2019\u2019da \u0130stanbul 48. Asliye Ceza Mahkemesi beraat karar\u0131 verdi. Karar, 14 Ekim 2019\u2019da kesinle\u015fti.<\/p>\n\n\n\n<h3 class=\"wp-block-heading\"><strong>Tazminat \u00f6denecek<\/strong><\/h3>\n\n\n\n<p>Karar\u0131n kesinle\u015fmesinin ard\u0131ndan Asl\u0131 Yasemin avukat\u0131 B\u00fclent \u00c7oban arac\u0131l\u0131\u011f\u0131yla tazminat davas\u0131 a\u00e7t\u0131. Maliye Hazinesi\u2019ne a\u00e7\u0131lan davada Asl\u0131 Yasemin; g\u00f6zalt\u0131nda kald\u0131\u011f\u0131 s\u00fcre\u00e7 boyunca manevi olarak zarar g\u00f6rd\u00fc\u011f\u00fcn\u00fc, g\u00f6revlilerin keyfi, sert ve hukuk d\u0131\u015f\u0131 tutumlar\u0131 nedeniyle sa\u011fl\u0131\u011f\u0131nda olumsuz etkiler olu\u015ftu\u011funu belirtti. Haks\u0131z olarak g\u00f6zalt\u0131nda kald\u0131\u011f\u0131 s\u00fcre, toplumsal konumu, haks\u0131z yakalama ve g\u00f6zalt\u0131na al\u0131nman\u0131n \u00fczerinde b\u0131rakt\u0131\u011f\u0131 olumsuz etkiler dikkate al\u0131narak 6 bin TL manevi tazminat ve yarg\u0131lama gideri ve vekalet \u00fccretinin hazine \u00fczerine b\u0131rak\u0131lmas\u0131n\u0131 talep etti.<\/p>\n\n\n\n<p>Ankara 5. A\u011f\u0131r Ceza Mahkemesi, Asl\u0131 Yasemin\u2019in manevi tazminat talebini k\u0131smen kabul ederek 600 TL tazminat \u00f6denmesine karar verdi. Mahkeme vekalet \u00fccretinin de Hazine taraf\u0131ndan \u00f6denmesine h\u00fckmetti. Asl\u0131 Yasemin ve avukat\u0131 tazminat miktar\u0131 d\u00fc\u015f\u00fck oldu\u011fu i\u00e7in bir \u00fcst mahkemeye itiraz edecek.<\/p>\n\n\n\n<h3 class=\"wp-block-heading\"><strong>\u201cHaks\u0131z g\u00f6zalt\u0131 ve k\u00f6t\u00fc muamele oldu\u011fu kabul g\u00f6rm\u00fc\u015f oldu\u201d<\/strong><\/h3>\n\n\n\n<p>Asl\u0131 Yasemin, bu karar\u0131 KaosGL.org\u2019a \u015f\u00f6yle de\u011ferlendirdi:<\/p>\n\n\n\n<p>\u201cBenim i\u00e7in sevindirici bir haber. Davay\u0131 a\u00e7arken e\u011fer kazan\u0131rsam bir LGBT\u0130+ derne\u011fine ba\u011f\u0131\u015flamay\u0131 d\u00fc\u015f\u00fcn\u00fcyordum zaten. Bu karar ile haks\u0131z bir \u015fekilde g\u00f6zalt\u0131na al\u0131nd\u0131\u011f\u0131m\u0131z, g\u00f6zalt\u0131nda k\u00f6t\u00fc muameleye maruz b\u0131rak\u0131ld\u0131\u011f\u0131m\u0131z kabul g\u00f6rm\u00fc\u015f oldu. Bu sebeple mutluyum. Tabi ki bu kararla \u00fclkede bir \u015fey de\u011fi\u015fmeyecek ancak haks\u0131zl\u0131k oldu\u011funun mahkeme taraf\u0131ndan da onaylanmas\u0131 iyi bir geli\u015fme. Talep etti\u011fimizin ancak y\u00fczde 10\u2019unu verdiler ancak burada \u00f6nemli olan mebla\u011f de\u011fil. Talep etti\u011fimiz tazminat\u0131 verseler de yeterli olmayacakt\u0131. Neyin kar\u015f\u0131l\u0131\u011f\u0131 olacakt\u0131 ki? Benim i\u00e7in k\u0131smen de olsa kabul edilmi\u015f olmas\u0131 \u00f6nemli.\u201d<\/p>\n\n\n\n<h3 class=\"wp-block-heading\"><strong>Y\u00fcr\u00fcy\u00fc\u015fte ne olmu\u015ftu?<\/strong><\/h3>\n\n\n\n<p>\u0130stanbul Valili\u011fi 2017 LGBT\u0130+ Onur Y\u00fcr\u00fcy\u00fc\u015f\u00fc\u2019ne \u201cizin verilmeyece\u011fini\u201d a\u00e7\u0131klad\u0131. Valilik internet sitesinden yapt\u0131\u011f\u0131 son dakika a\u00e7\u0131klamas\u0131yla 25 Haziran LGBT\u0130+ Onur Y\u00fcr\u00fcy\u00fc\u015f\u00fc\u2019ne izin verilmeyece\u011fini s\u00f6yledi. A\u00e7\u0131klamada \u201cBu \u00e7a\u011fr\u0131ya kar\u015f\u0131 toplumun farkl\u0131 kesimlerinden \u00e7ok ciddi tepki g\u00f6sterildi\u011fi g\u00f6r\u00fclmektedir\u201d, \u201cturistlerin g\u00fcvenli\u011fi ve kamu d\u00fczeni g\u00f6zetilerek an\u0131lan g\u00fcn ve \u00f6ncesi ve sonras\u0131nda toplant\u0131 ve g\u00f6steri y\u00fcr\u00fcy\u00fc\u015f\u00fc d\u00fczenlenmesine izin verilmeyecektir\u201d ifadeleri yer ald\u0131.<\/p>\n\n\n\n<p>Polis ve milliyet\u00e7i, \u0130slamc\u0131 gruplar 15. LGBT\u0130+ Onur Y\u00fcr\u00fcy\u00fc\u015f\u00fc\u2019ne sald\u0131rd\u0131. \u0130stiklal Caddesi\u2019ni kapatan polis \u00fczerinde g\u00f6kku\u015fa\u011f\u0131 sembol\u00fc ta\u015f\u0131yan veya y\u00fcr\u00fcy\u00fc\u015fe kat\u0131laca\u011f\u0131n\u0131 \u201cd\u00fc\u015f\u00fcnd\u00fc\u011f\u00fc\u201d ki\u015filerin caddeye girmesine izin vermedi. B\u00fct\u00fcn sald\u0131r\u0131lara ra\u011fmen Beyo\u011flu\u2019nun \u00e7e\u015fitli yerlerinde eylemler yap\u0131ld\u0131.<\/p>\n\n\n\n<p>Polis g\u00fcn\u00fcn erken saatlerinde \u0130stiklal Caddesi\u2019ni kapatt\u0131. G\u00fcn boyunca keyfi bir \u015fekilde ge\u00e7i\u015f sa\u011flad\u0131. Kimin neye g\u00f6re ge\u00e7ti\u011fini soranlara ise, \u201csezgilerimize g\u00f6re\u201d gibi cevap verdi. G\u00f6zalt\u0131ndaki aktivistlerden baz\u0131lar\u0131 kendilerine \u201cKuran dinletildi\u011fini\u201d belirtti. \u00c7o\u011fu ki\u015fi g\u00f6zalt\u0131na al\u0131n\u0131rken darp edildi. Polis, bir i\u015fkence metodu olarak ters kelep\u00e7e yapt\u0131. Onur Haftas\u0131&#8217;na hukuki destek veren 4 avukat da zorla g\u00f6zalt\u0131na al\u0131nd\u0131. Yakla\u015f\u0131k bir saat s\u00fcren g\u00f6zalt\u0131n\u0131n ard\u0131ndan avukatlar serbest b\u0131rak\u0131ld\u0131.<\/p>\n\n\n\n<p>Onur Y\u00fcr\u00fcy\u00fc\u015f\u00fc\u2019ne sald\u0131ran milliyet\u00e7i ve \u0130slamc\u0131 gruplar g\u00fcn boyunca Taksim \u00e7evresindeydi. Sald\u0131rganlar\u0131n baz\u0131lar\u0131 polis taraf\u0131ndan g\u00f6zalt\u0131na al\u0131n\u0131rken, LGBT\u0130+ aktivistleri baz\u0131 yerlerde polisin sald\u0131rganlar\u0131n ba\u015f\u0131n\u0131 ok\u015fad\u0131\u011f\u0131n\u0131, yak\u0131n pozlar verdi\u011fini g\u00f6zlemledi.<\/p>\n\n\n\n<p>Kaynak: KAOS GL<\/p>\n","protected":false},"excerpt":{"rendered":"<p>Asl\u0131 Yasemin, 25 Haziran 2017\u2019de d\u00fczenlenen \u0130stanbul LGBT\u0130+ Onur Y\u00fcr\u00fcy\u00fc\u015f\u00fc\u2019nde g\u00f6zalt\u0131na al\u0131nanlar aras\u0131ndayd\u0131. Polis g\u00f6zalt\u0131na al\u0131rken \u015fiddet uygulad\u0131, k\u00f6t\u00fc muameleye maruz b\u0131rak\u0131ld\u0131.Asl\u0131 Yasemin ayn\u0131 gece serbest b\u0131rak\u0131ld\u0131 ancak hakk\u0131nda dava a\u00e7\u0131ld\u0131. Onur Y\u00fcr\u00fcy\u00fc\u015f\u00fc s\u0131ras\u0131nda polis \u015fiddetiyle g\u00f6zalt\u0131na al\u0131nanlar, 2911 say\u0131l\u0131 Toplant\u0131 ve G\u00f6steri Y\u00fcr\u00fcy\u00fc\u015fleri Kanunu\u2019na muhalefetten yarg\u0131land\u0131. 7 May\u0131s 2019\u2019da \u0130stanbul 48. Asliye Ceza Mahkemesi &hellip;<\/p>\n","protected":false},"author":1,"featured_media":41575,"comment_status":"closed","ping_status":"open","sticky":false,"template":"","format":"standard","meta":{"footnotes":""},"categories":[91,96],"tags":[],"class_list":["post-48930","post","type-post","status-publish","format-standard","has-post-thumbnail","","category-haberler","category-turkiye"],"_links":{"self":[{"href":"http:\/\/www.gzone.com.tr\/index.php\/wp-json\/wp\/v2\/posts\/48930","targetHints":{"allow":["GET"]}}],"collection":[{"href":"http:\/\/www.gzone.com.tr\/index.php\/wp-json\/wp\/v2\/posts"}],"about":[{"href":"http:\/\/www.gzone.com.tr\/index.php\/wp-json\/wp\/v2\/types\/post"}],"author":[{"embeddable":true,"href":"http:\/\/www.gzone.com.tr\/index.php\/wp-json\/wp\/v2\/users\/1"}],"replies":[{"embeddable":true,"href":"http:\/\/www.gzone.com.tr\/index.php\/wp-json\/wp\/v2\/comments?post=48930"}],"version-history":[{"count":1,"href":"http:\/\/www.gzone.com.tr\/index.php\/wp-json\/wp\/v2\/posts\/48930\/revisions"}],"predecessor-version":[{"id":48931,"href":"http:\/\/www.gzone.com.tr\/index.php\/wp-json\/wp\/v2\/posts\/48930\/revisions\/48931"}],"wp:featuredmedia":[{"embeddable":true,"href":"http:\/\/www.gzone.com.tr\/index.php\/wp-json\/wp\/v2\/media\/41575"}],"wp:attachment":[{"href":"http:\/\/www.gzone.com.tr\/index.php\/wp-json\/wp\/v2\/media?parent=48930"}],"wp:term":[{"taxonomy":"category","embeddable":true,"href":"http:\/\/www.gzone.com.tr\/index.php\/wp-json\/wp\/v2\/categories?post=48930"},{"taxonomy":"post_tag","embeddable":true,"href":"http:\/\/www.gzone.com.tr\/index.php\/wp-json\/wp\/v2\/tags?post=48930"}],"curies":[{"name":"wp","href":"https:\/\/api.w.org\/{rel}","templated":true}]}}