{"id":48773,"date":"2020-02-10T10:17:18","date_gmt":"2020-02-10T07:17:18","guid":{"rendered":"http:\/\/gzone.com.tr\/?p=48773"},"modified":"2020-02-10T10:17:20","modified_gmt":"2020-02-10T07:17:20","slug":"edis-soner-sarikabadayi-davasi-sonuclandi","status":"publish","type":"post","link":"http:\/\/www.gzone.com.tr\/index.php\/2020\/02\/10\/edis-soner-sarikabadayi-davasi-sonuclandi\/","title":{"rendered":"ED\u0130S-SONER SARIKABADAYI DAVASI SONU\u00c7LANDI"},"content":{"rendered":"\n<p>PDND M\u00fczik\u2019in sahibi Soner Sar\u0131kabaday\u0131, aralar\u0131ndaki s\u00f6zle\u015fme devam etmesine ra\u011fmen, ba\u015fka m\u00fczik \u015firketiyle anla\u015ft\u0131\u011f\u0131 iddias\u0131yla Edis\u2019e tazminat davas\u0131 a\u00e7m\u0131\u015ft\u0131. <\/p>\n\n\n\n<p>Mahkeme, karar duru\u015fmas\u0131nda; anla\u015fma \u015fartlar\u0131n\u0131n a\u011f\u0131r ve \u201ckelep\u00e7e s\u00f6zle\u015fme\u201d niteli\u011finde oldu\u011funu belirterek davan\u0131n reddine karar verdi.<\/p>\n\n\n\n<p>Edis&#8217;in seslendirdi\u011fi &#8220;Benim Ol&#8221; ve &#8220;Dudak&#8221; gibi \u015fark\u0131lar\u0131n sahibi olan Soner Sar\u0131kabaday\u0131,  sanat\u00e7\u0131n\u0131n m\u00fczik kariyerinin ilk y\u0131llar\u0131na b\u00fcy\u00fck katk\u0131da bulunmu\u015ftu. <\/p>\n\n\n\n<figure class=\"wp-block-image\"><img decoding=\"async\" src=\"https:\/\/i.medyatava.com\/storage\/files\/images\/2020\/02\/09\/2-jFhF.jpg\" alt=\"\"\/><\/figure>\n","protected":false},"excerpt":{"rendered":"<p>PDND M\u00fczik\u2019in sahibi Soner Sar\u0131kabaday\u0131, aralar\u0131ndaki s\u00f6zle\u015fme devam etmesine ra\u011fmen, ba\u015fka m\u00fczik \u015firketiyle anla\u015ft\u0131\u011f\u0131 iddias\u0131yla Edis\u2019e tazminat davas\u0131 a\u00e7m\u0131\u015ft\u0131. Mahkeme, karar duru\u015fmas\u0131nda; anla\u015fma \u015fartlar\u0131n\u0131n a\u011f\u0131r ve \u201ckelep\u00e7e s\u00f6zle\u015fme\u201d niteli\u011finde oldu\u011funu belirterek davan\u0131n reddine karar verdi. Edis&#8217;in seslendirdi\u011fi &#8220;Benim Ol&#8221; ve &#8220;Dudak&#8221; gibi \u015fark\u0131lar\u0131n sahibi olan Soner Sar\u0131kabaday\u0131, sanat\u00e7\u0131n\u0131n m\u00fczik kariyerinin ilk y\u0131llar\u0131na b\u00fcy\u00fck katk\u0131da bulunmu\u015ftu.<\/p>\n","protected":false},"author":1,"featured_media":48774,"comment_status":"closed","ping_status":"open","sticky":false,"template":"","format":"standard","meta":{"footnotes":""},"categories":[39,28],"tags":[],"class_list":["post-48773","post","type-post","status-publish","format-standard","has-post-thumbnail","","category-muzik","category-pop"],"_links":{"self":[{"href":"http:\/\/www.gzone.com.tr\/index.php\/wp-json\/wp\/v2\/posts\/48773","targetHints":{"allow":["GET"]}}],"collection":[{"href":"http:\/\/www.gzone.com.tr\/index.php\/wp-json\/wp\/v2\/posts"}],"about":[{"href":"http:\/\/www.gzone.com.tr\/index.php\/wp-json\/wp\/v2\/types\/post"}],"author":[{"embeddable":true,"href":"http:\/\/www.gzone.com.tr\/index.php\/wp-json\/wp\/v2\/users\/1"}],"replies":[{"embeddable":true,"href":"http:\/\/www.gzone.com.tr\/index.php\/wp-json\/wp\/v2\/comments?post=48773"}],"version-history":[{"count":1,"href":"http:\/\/www.gzone.com.tr\/index.php\/wp-json\/wp\/v2\/posts\/48773\/revisions"}],"predecessor-version":[{"id":48775,"href":"http:\/\/www.gzone.com.tr\/index.php\/wp-json\/wp\/v2\/posts\/48773\/revisions\/48775"}],"wp:featuredmedia":[{"embeddable":true,"href":"http:\/\/www.gzone.com.tr\/index.php\/wp-json\/wp\/v2\/media\/48774"}],"wp:attachment":[{"href":"http:\/\/www.gzone.com.tr\/index.php\/wp-json\/wp\/v2\/media?parent=48773"}],"wp:term":[{"taxonomy":"category","embeddable":true,"href":"http:\/\/www.gzone.com.tr\/index.php\/wp-json\/wp\/v2\/categories?post=48773"},{"taxonomy":"post_tag","embeddable":true,"href":"http:\/\/www.gzone.com.tr\/index.php\/wp-json\/wp\/v2\/tags?post=48773"}],"curies":[{"name":"wp","href":"https:\/\/api.w.org\/{rel}","templated":true}]}}