{"id":48390,"date":"2019-11-18T12:45:27","date_gmt":"2019-11-18T09:45:27","guid":{"rendered":"http:\/\/gzone.com.tr\/?p=48390"},"modified":"2019-11-18T12:45:30","modified_gmt":"2019-11-18T09:45:30","slug":"fransa-protestan-klisesi-escinsel-evlilikleri-de-kutsayacak","status":"publish","type":"post","link":"http:\/\/www.gzone.com.tr\/index.php\/2019\/11\/18\/fransa-protestan-klisesi-escinsel-evlilikleri-de-kutsayacak\/","title":{"rendered":"FRANSA PROTESTAN KL\u0130SES\u0130 E\u015eC\u0130NSEL EVL\u0130L\u0130KLER\u0130 DE KUTSAYACAK"},"content":{"rendered":"\n<p>Fransa&#8217;n\u0131n Strazburg kentinde toplanan Protestan Kilisesi Birli\u011fi (UEPAL), kilise cemaatinin onay\u0131 ile rahiplerin e\u015fcinsel \u00e7iftleri kutsamas\u0131na imkan k\u0131lan karar\u0131 13&#8217;e kar\u015f\u0131 36 oyla kabul etti.<\/p>\n\n\n\n<p>UEPAL Ba\u015fkan\u0131 Christian Albecker, &#8220;Kilise y\u00f6netimi ve rahibin de onay\u0131 oldu\u011fu durumlarda bu imkan\u0131 sa\u011flamaya karar verdik. Buna g\u00f6re (e\u015fcinsel evliliklerin tan\u0131nmas\u0131) baz\u0131 yerlerde m\u00fcmk\u00fcn olacak, baz\u0131lar\u0131nda ise m\u00fcmk\u00fcn olmayacak&#8221; a\u00e7\u0131klamas\u0131n\u0131 yapt\u0131.<\/p>\n\n\n\n<p><strong>&#8220;Protestanl\u0131k yeniliklere a\u00e7\u0131kt\u0131r&#8221;<\/strong><\/p>\n\n\n\n<p>Euronews\u2019in haberine g\u00f6re a\u00e7\u0131klamada Prostanl\u0131k&#8217;ta evlili\u011fin dini bir t\u00f6ren olmad\u0131\u011f\u0131 ve belediyede imzalanan &#8220;insani ve sosyal bir s\u00f6zle\u015fme&#8221; oldu\u011fu hat\u0131rlat\u0131larak bu &#8220;hayat projesinin&#8221; daha sonra bir rahip taraf\u0131ndan kutsanabilece\u011fi belirtildi. Albecker konu hakk\u0131nda, &#8220;Protestanl\u0131k&#8217;\u0131n \u00f6zellikleri aras\u0131nda yeniliklere a\u00e7\u0131k olmas\u0131 ve toplumun \u00f6ne s\u00fcrd\u00fc\u011f\u00fc sorunlarla y\u00fczle\u015fmesi vard\u0131r&#8221; ifadelerini kulland\u0131.<\/p>\n\n\n\n<p>Almanya ve Fransa aras\u0131nda y\u0131llarca el de\u011fi\u015ftiren Alsas-Loren b\u00f6lgesi, 1905 y\u0131l\u0131nda devlet ile Kilise&#8217;nin ayr\u0131m\u0131 \u00fczerine yasa \u00e7\u0131kar\u0131ld\u0131\u011f\u0131 s\u0131ras\u0131nda Almanya kontrol\u00fc alt\u0131nda bulundu\u011fu i\u00e7in bu yasadan etkilenmedi. Bu b\u00f6lgede bulunan kiliseler, \u00fclkenin geri kalan\u0131ndan farkl\u0131 olarak Frans\u0131z h\u00fck\u00fcmeti taraf\u0131ndan finanse ediliyor.<\/p>\n\n\n\n<p>Alsas-Loren b\u00f6lgesinden ayr\u0131 olan Fransa Protestan Kilisesi Birli\u011fi (EPUdF) ise 2015 y\u0131l\u0131nda benzer bir karara imza atarak kiliselere e\u015fcinsel evlilikleri tan\u0131ma imkan\u0131 sunmu\u015ftu. Fransa&#8217;da bir dini kurum taraf\u0131ndan bu y\u00f6nde ilk kez al\u0131nan karar tart\u0131\u015fmalara yol a\u00e7m\u0131\u015ft\u0131.<\/p>\n","protected":false},"excerpt":{"rendered":"<p>Fransa&#8217;n\u0131n Strazburg kentinde toplanan Protestan Kilisesi Birli\u011fi (UEPAL), kilise cemaatinin onay\u0131 ile rahiplerin e\u015fcinsel \u00e7iftleri kutsamas\u0131na imkan k\u0131lan karar\u0131 13&#8217;e kar\u015f\u0131 36 oyla kabul etti. UEPAL Ba\u015fkan\u0131 Christian Albecker, &#8220;Kilise y\u00f6netimi ve rahibin de onay\u0131 oldu\u011fu durumlarda bu imkan\u0131 sa\u011flamaya karar verdik. Buna g\u00f6re (e\u015fcinsel evliliklerin tan\u0131nmas\u0131) baz\u0131 yerlerde m\u00fcmk\u00fcn olacak, baz\u0131lar\u0131nda ise m\u00fcmk\u00fcn olmayacak&#8221; &hellip;<\/p>\n","protected":false},"author":1,"featured_media":42419,"comment_status":"closed","ping_status":"open","sticky":false,"template":"","format":"standard","meta":{"footnotes":""},"categories":[92,91],"tags":[1609],"class_list":["post-48390","post","type-post","status-publish","format-standard","has-post-thumbnail","","category-dunya","category-haberler","tag-kilise"],"_links":{"self":[{"href":"http:\/\/www.gzone.com.tr\/index.php\/wp-json\/wp\/v2\/posts\/48390","targetHints":{"allow":["GET"]}}],"collection":[{"href":"http:\/\/www.gzone.com.tr\/index.php\/wp-json\/wp\/v2\/posts"}],"about":[{"href":"http:\/\/www.gzone.com.tr\/index.php\/wp-json\/wp\/v2\/types\/post"}],"author":[{"embeddable":true,"href":"http:\/\/www.gzone.com.tr\/index.php\/wp-json\/wp\/v2\/users\/1"}],"replies":[{"embeddable":true,"href":"http:\/\/www.gzone.com.tr\/index.php\/wp-json\/wp\/v2\/comments?post=48390"}],"version-history":[{"count":1,"href":"http:\/\/www.gzone.com.tr\/index.php\/wp-json\/wp\/v2\/posts\/48390\/revisions"}],"predecessor-version":[{"id":48391,"href":"http:\/\/www.gzone.com.tr\/index.php\/wp-json\/wp\/v2\/posts\/48390\/revisions\/48391"}],"wp:featuredmedia":[{"embeddable":true,"href":"http:\/\/www.gzone.com.tr\/index.php\/wp-json\/wp\/v2\/media\/42419"}],"wp:attachment":[{"href":"http:\/\/www.gzone.com.tr\/index.php\/wp-json\/wp\/v2\/media?parent=48390"}],"wp:term":[{"taxonomy":"category","embeddable":true,"href":"http:\/\/www.gzone.com.tr\/index.php\/wp-json\/wp\/v2\/categories?post=48390"},{"taxonomy":"post_tag","embeddable":true,"href":"http:\/\/www.gzone.com.tr\/index.php\/wp-json\/wp\/v2\/tags?post=48390"}],"curies":[{"name":"wp","href":"https:\/\/api.w.org\/{rel}","templated":true}]}}