{"id":48279,"date":"2019-11-10T13:09:31","date_gmt":"2019-11-10T10:09:31","guid":{"rendered":"http:\/\/gzone.com.tr\/?p=48279"},"modified":"2019-11-12T11:38:56","modified_gmt":"2019-11-12T08:38:56","slug":"ozel-roportaj-mert-demir","status":"publish","type":"post","link":"http:\/\/www.gzone.com.tr\/index.php\/2019\/11\/10\/ozel-roportaj-mert-demir\/","title":{"rendered":"\u00d6ZEL R\u00d6PORTAJ: MERT DEM\u0130R"},"content":{"rendered":"\n<p><strong><em>Seni 2017\u2019de, yay\u0131nlad\u0131\u011f\u0131n ilk \u015fark\u0131n m\u0131yd\u0131 bilmiyorum, \u201cUyan\u201d ile tan\u0131m\u0131\u015f oldum ve o zamandan beri yapt\u0131\u011f\u0131n m\u00fczi\u011fi b\u00fcy\u00fck bir ilgiyle takip ediyorum. Peki sen ne zamandan beri m\u00fczi\u011fini yap\u0131yorsun, hikayeni biraz ba\u015fa alal\u0131m m\u0131?<\/em><\/strong><br>Genelde bu soruya daha felsefik cevaplar veriyorum ama bu sefer \u00f6yle yapmayaca\u011f\u0131m. 15ya\u015f\u0131mdayken annemin ald\u0131\u011f\u0131 bir gitarla beraber elimde olmayan bi \u015fekilde m\u00fczi\u011fe yo\u011funla\u015ft\u0131m. Bu durum lisede s\u0131n\u0131fta kalmama bile sebep oldu. Onun \u00f6ncesinde hayat\u0131mda m\u00fczik yok muydu? Tabii ki vard\u0131 ama herkesin ki kadar. O hediyeyle beraber i\u015fler de\u011fi\u015fti.<\/p>\n\n\n\n<p><br><strong><em>Asl\u0131nda senin bir de \u201cO Ses T\u00fcrkiye\u201d maceran var. Hangi motivasyonla gittin oraya ve bitti\u011finde neler oldu?<\/em><\/strong> Yar\u0131\u015fmaya 19 ya\u015f\u0131mda kat\u0131ld\u0131m. Hayat\u0131mdaki b\u00fcy\u00fck tecr\u00fcbelerden birisi. Bir aray\u0131\u015f, yard\u0131m, ben de burday\u0131m deme \u015fekliydi. Her insan o ya\u015flarda kaybolmadan ya da kaybolmu\u015f bi \u015fekilde gelece\u011fe a\u00e7\u0131lan bir kap\u0131 ar\u0131yor. Bu aray\u0131\u015f\u0131n sonucu oraya kat\u0131lmak oldu. Yar\u0131\u015fma s\u00fcrecinde ve bittikten sonra belli bir d\u00f6nem \u00e7ok fazla teklifle kar\u015f\u0131la\u015f\u0131yorsun tabii ki ama benim iste\u011fim yar\u0131\u015fman\u0131n hemen ard\u0131ndan bir alb\u00fcm yapmak de\u011fildi, ben konuya tam anlam\u0131yla hakim olmak istiyordum, ki bunu ilk alb\u00fcm\u00fcm\u00fc yar\u0131\u015fmadan 6 sene sonra yapmamdan anlayabiliriz \ud83d\ude42<\/p>\n\n\n\n<p><strong><em>\u015eark\u0131lar\u0131n\u0131 genelde kendin yaz\u0131yor ve yine kendin aranje ediyorsun. T\u00fcm bu yarat\u0131m s\u00fcreci sende geli\u015fiyor? Yazd\u0131klar\u0131n illa ya\u015fad\u0131klar\u0131ndan m\u0131 geliyor? Yoksa, kafadan at\u0131yorum, sevdi\u011fin bir beat \u00fczerine \u015fark\u0131 yazd\u0131\u011f\u0131n da oluyor mu?<\/em><\/strong> S\u00fcrekli de\u011fi\u015fiyorum bu y\u00fczden \u015fark\u0131 yapmakla ilgili bir metod s\u00f6ylemek \u00e7ok zor fakat bir hayli metod denedim. Benim fikrim d\u00f6n\u00fcp bakt\u0131\u011f\u0131n\u0131zda arkas\u0131nda durabilece\u011finiz bir eser yapma yoluna giden metodu bulmal\u0131s\u0131n\u0131z. Prod\u00fcksyon a\u015famas\u0131n\u0131n her noktas\u0131nda var\u0131m, benim mutlulu\u011fum oralardan ge\u00e7iyor.&nbsp;<\/p>\n\n\n\n<figure class=\"wp-block-image\"><img decoding=\"async\" src=\"https:\/\/i.postimg.cc\/ydNPnRB5\/IMG-20191104-220517-403.jpg\" alt=\"\"\/><\/figure>\n\n\n\n<p><br><strong><em>Y\u0131l ba\u015f\u0131ndan yay\u0131nlanan ilk alb\u00fcm\u00fcn \u201cBak Kollar\u0131m Burada\u201dn\u0131n olu\u015fum s\u00fcrecinden bahseder misin? Ne noktada \u201ctamam bu \u015fark\u0131lar alb\u00fcm olacak\u201d dedin? Ortaya \u00e7\u0131kan i\u015fte ne kadar yarat\u0131c\u0131 kontrole sahiptin?<\/em><\/strong> Metodla ili\u015fkili bir soru oldu. Alb\u00fcm\u00fc yaparken as\u0131l d\u00fc\u015f\u00fcncem \u015fark\u0131lar\u0131n ya\u015famas\u0131yd\u0131. \u015eark\u0131lar\u0131n kendi aralar\u0131nda m\u00fczikal-lirikal olarak birbirini tutmas\u0131 ve ortalama ayn\u0131 \u015feylerden bahsetmesinden \u00e7ok, ya\u015famas\u0131 ve bana bi\u015fi hissettirmesiyle ilgilendim. Herbirinin i\u00e7inde somut an\u0131lar var. Bu \u00f6zelli\u011fi kazand\u0131ramad\u0131\u011f\u0131m hi\u00e7bir \u015fark\u0131y\u0131 alb\u00fcme koymad\u0131m. Alb\u00fcm ne yapt\u0131\u011f\u0131n\u0131 bildi\u011fin bir noktada yap\u0131lmas\u0131 gereken bir\u015fey gibi geliyor bana, \u00e7\u00fcnk\u00fc bilin\u00e7sizce yap\u0131lan bir alb\u00fcm ilerleyen zamanlarda \u00f6zellikle psikolojik olarak ayak ba\u011f\u0131 olabiliyor. Bu noktay\u0131 ge\u00e7ti\u011fimi hissetti\u011fimde alb\u00fcm yapmal\u0131y\u0131m dedim.<\/p>\n\n\n\n<p><br><strong><em>Alb\u00fcm\u00fcnde \u00e7ok ilgi g\u00f6ren par\u00e7alardan biri \u201cBeyaz Giyme\u201d t\u00fcrk\u00fcs\u00fcn\u00fcn yorumu, bu ve di\u011fer yapt\u0131\u011f\u0131n \u015fark\u0131larda da anadolu-arabesk etkilerini elektronik m\u00fczi\u011fe yedirme arzusu hissediliyor. Bu f\u00fczyon en ba\u015f\u0131ndan kafanda tasarlad\u0131\u011f\u0131n bir \u015fey miydi yoksa \u015fark\u0131larla birlikte organik olarak m\u0131 ortaya \u00e7\u0131kt\u0131?<\/em><\/strong> Ben bir f\u00fczyonun i\u00e7ine do\u011fdum zaten. Kendi tercihimle olan bir \u015fey de\u011fil. Belli bir ya\u015fa kadar b\u00fcy\u00fcd\u00fc\u011f\u00fcm yer, arkada\u015flar\u0131m, ailem ve kendi ki\u015fili\u011fim alttan alta hep \u00e7at\u0131\u015fma i\u00e7indeydi. Bu \u00e7at\u0131\u015fma sen istesen de istemesen de ortaya bi f\u00fczyon \u00e7\u0131kar\u0131yor. Yani k\u0131sacas\u0131 Ba\u011fc\u0131lar&#8217;da do\u011fup b\u00fcy\u00fcd\u00fcysen arabeskten ka\u00e7amazs\u0131n. Ancak kendini kand\u0131rabilirsin.<\/p>\n\n\n\n<p><br><strong><em>Instagram hesab\u0131ndan anlad\u0131\u011f\u0131m kadar\u0131yla vaktini s\u0131k\u00e7a st\u00fcdyoda ge\u00e7iriyorsun. Bu s\u00fcrekli \u015fark\u0131 haz\u0131rlad\u0131\u011f\u0131n anlam\u0131na m\u0131 geliyor<\/em><\/strong>? Bir\u00e7ok anlama geliyor asl\u0131nda. Kendimi uzun bir s\u00fcredir st\u00fcdyoda geli\u015ftirmeye adad\u0131m. Bir\u00e7ok \u00f6nemli alb\u00fcm\u00fc prod\u00fcksyon a\u015famas\u0131nda inceleme f\u0131rsat\u0131 buldum. Baz\u0131lar\u0131nda g\u00f6rev ald\u0131m. St\u00fcdyo benim i\u00e7in kar\u015f\u0131l\u0131\u011f\u0131n\u0131n\u0131n madden hi\u00e7bir \u015fekilde \u00f6denemeyece\u011fi b\u00fcy\u00fck bir okuldu.<\/p>\n\n\n\n<figure class=\"wp-block-image\"><img decoding=\"async\" src=\"https:\/\/i.postimg.cc\/Y2sXndvx\/1998-CAM-2019-11-06-15-11-03-FN.jpg\" alt=\"\"\/><\/figure>\n\n\n\n<p><strong><em>Sahnede olmak ve \u015fark\u0131lar\u0131 videolarla g\u00f6rselle\u015ftirmek; bunlar senin i\u00e7in ne anlam ifade ediyor? \u015eark\u0131lar\u0131n ger\u00e7ekle\u015fmesi i\u00e7in bunlar gerekli mi?<\/em> <\/strong>Sadece benim i\u00e7in de\u011fil t\u00fcm \u015fark\u0131c\u0131lar, sanat\u00e7\u0131lar, m\u00fczisyenler i\u00e7in g\u00f6rsel d\u00fcnya \u00e7ok \u00f6nemli. Bunu nekadar ba\u015farabiliyoruz oras\u0131 tart\u0131\u015f\u0131l\u0131r \u00e7\u00fcnk\u00fc \u00f6nem s\u0131ras\u0131nda oraya gelene kadar bir\u00e7ok \u015fey zaten s\u0131k\u0131nt\u0131l\u0131 ilerliyor. \u00d6rne\u011fin \u015fark\u0131y\u0131 yapmadan onun g\u00f6rsel d\u00fcnyas\u0131na ge\u00e7emeyiz. Benim g\u00f6zlemledi\u011fim biz daha birincil g\u00f6revimiz olan \u015fark\u0131y\u0131 yap\u0131p bitirme konusunda s\u0131k\u0131nt\u0131lar ya\u015f\u0131yoruz.<\/p>\n\n\n\n<p><br><strong><em>Bu y\u0131l dinledi\u011fim en h\u0131rpalay\u0131c\u0131 \u015fark\u0131lardan biri olan \u201cBenden Kimseye Hay\u0131r Yok\u201dtan konu\u015fal\u0131m. Sana ne bu \u015fark\u0131y\u0131 yazd\u0131rd\u0131 merak i\u00e7indeyim \ud83d\ude42 Bu \u015fark\u0131 yeni alb\u00fcm\u00fcn \u00f6nc\u00fcs\u00fc m\u00fc yoksa bir ara proje mi?<\/em><\/strong> &#8220;Benden Kimseye Hay\u0131r Yok&#8221; \u015fu ana kadar yap\u0131m-yay\u0131n aras\u0131 en k\u0131sa s\u00fcren \u015fark\u0131m. Her \u015fey bir anda oldu. O an hissetti\u011fim \u015feyleri tam olarak ka\u011f\u0131da d\u00f6kt\u00fcm piyanonun ba\u015f\u0131na oturup bir kere s\u00f6yledim ve video \u00e7ekip youtube a koydum. Bu y\u00fczden en ger\u00e7ek \u015fark\u0131lar\u0131mdan biri. Alb\u00fcm\u00fcn habercisi bir single de\u011fil tamamen geli\u015fine yay\u0131nlad\u0131\u011f\u0131m bir \u015fark\u0131.<\/p>\n\n\n\n<figure class=\"wp-block-image\"><img decoding=\"async\" src=\"https:\/\/i.postimg.cc\/fRxBbZBH\/IMG-7808.jpg\" alt=\"\"\/><\/figure>\n\n\n\n<p><br><strong><em>M\u00fczik d\u0131\u015f\u0131nda u\u011fra\u015flar\u0131n var m\u0131? G\u00fcnl\u00fck rutininde seni neler mutlu ediyor? <\/em><\/strong>Uzunca bir s\u00fcredir m\u00fczikle yat\u0131p kalkm\u0131\u015f olman\u0131n verdi\u011fi d\u00f6nemsel bir yorgunlu\u011fun i\u00e7indeyim o y\u00fczden \u015fu s\u0131ralar m\u00fczik minimum m\u00fczi\u011fi besleyen her\u015fey maksimum durumunda. Film, kitap, partilemek, ailemle vakit ge\u00e7irmek gibi gibi<\/p>\n\n\n\n<p><br><strong><em>T\u00fcrkiye\u2019de LGBTIQ hareketinin gidi\u015fat\u0131, kat etti\u011fi yolla ilgili ne d\u00fc\u015f\u00fcn\u00fcyorsun? Kendi sekt\u00f6r\u00fcndeki homofobi ve cinsiyet\u00e7ilikle ilgili \u00f6zele\u015ftiri yapabilir misin?<\/em><\/strong>  Sekt\u00f6rel bazda bakmak belki biraz yanl\u0131\u015f olabilir. Ben genel sorunumuzun tahamm\u00fcls\u00fczl\u00fck oldu\u011funa inan\u0131yorum. Farkl\u0131l\u0131klar yenilikleri, yenilikler kendini ke\u015ffetmeyi, kendini ke\u015ffetmek bu d\u00fcnyada ne yapt\u0131\u011f\u0131n\u0131, ne i\u015fe yarad\u0131\u011f\u0131n\u0131 anlamana yard\u0131mc\u0131 oluyor. \u00d6zg\u00fcr olman\u0131n tan\u0131m\u0131n\u0131 yanl\u0131\u015f \u00f6\u011fretti\u011fimiz i\u00e7in herkes kafas\u0131ndaki kendi \u00f6zg\u00fcrl\u00fc\u011f\u00fcyle ilgilenip ba\u015fkas\u0131n\u0131n \u00f6zg\u00fcrl\u00fc\u011f\u00fcn\u00fc \u00f6nemsemiyor. T\u00fcm farkl\u0131l\u0131klara sayg\u0131 duydu\u011fumuz, \u00f6zg\u00fcrl\u00fck anlay\u0131\u015f\u0131n\u0131 \u00f6\u011frendi\u011fimiz, hep beraber mutlu mesut ya\u015fad\u0131\u011f\u0131m\u0131z g\u00fcnlerin gelmesini diliyorum.&nbsp;<\/p>\n\n\n\n<figure class=\"wp-block-embed-spotify wp-block-embed is-type-rich is-provider-spotify wp-embed-aspect-9-16 wp-has-aspect-ratio\"><div class=\"wp-block-embed__wrapper\">\n<iframe title=\"Spotify Embed: Mert Demir\" style=\"border-radius: 12px\" width=\"100%\" height=\"352\" frameborder=\"0\" allowfullscreen allow=\"autoplay; clipboard-write; encrypted-media; fullscreen; picture-in-picture\" loading=\"lazy\" src=\"https:\/\/open.spotify.com\/embed\/artist\/1Zj4GtouAnxHq4qw7ooLfm?utm_source=oembed\"><\/iframe>\n<\/div><\/figure>\n","protected":false},"excerpt":{"rendered":"<p>Seni 2017\u2019de, yay\u0131nlad\u0131\u011f\u0131n ilk \u015fark\u0131n m\u0131yd\u0131 bilmiyorum, \u201cUyan\u201d ile tan\u0131m\u0131\u015f oldum ve o zamandan beri yapt\u0131\u011f\u0131n m\u00fczi\u011fi b\u00fcy\u00fck bir ilgiyle takip ediyorum. Peki sen ne zamandan beri m\u00fczi\u011fini yap\u0131yorsun, hikayeni biraz ba\u015fa alal\u0131m m\u0131?Genelde bu soruya daha felsefik cevaplar veriyorum ama bu sefer \u00f6yle yapmayaca\u011f\u0131m. 15ya\u015f\u0131mdayken annemin ald\u0131\u011f\u0131 bir gitarla beraber elimde olmayan bi \u015fekilde &hellip;<\/p>\n","protected":false},"author":1,"featured_media":48280,"comment_status":"closed","ping_status":"open","sticky":false,"template":"","format":"standard","meta":{"footnotes":""},"categories":[1777,1079,7559,39,28,1080],"tags":[],"class_list":["post-48279","post","type-post","status-publish","format-standard","has-post-thumbnail","","category-bu-ay-gzone-dergide","category-gzone-ozel","category-kasim-aralik-2019","category-muzik","category-pop","category-roportajlar"],"_links":{"self":[{"href":"http:\/\/www.gzone.com.tr\/index.php\/wp-json\/wp\/v2\/posts\/48279","targetHints":{"allow":["GET"]}}],"collection":[{"href":"http:\/\/www.gzone.com.tr\/index.php\/wp-json\/wp\/v2\/posts"}],"about":[{"href":"http:\/\/www.gzone.com.tr\/index.php\/wp-json\/wp\/v2\/types\/post"}],"author":[{"embeddable":true,"href":"http:\/\/www.gzone.com.tr\/index.php\/wp-json\/wp\/v2\/users\/1"}],"replies":[{"embeddable":true,"href":"http:\/\/www.gzone.com.tr\/index.php\/wp-json\/wp\/v2\/comments?post=48279"}],"version-history":[{"count":1,"href":"http:\/\/www.gzone.com.tr\/index.php\/wp-json\/wp\/v2\/posts\/48279\/revisions"}],"predecessor-version":[{"id":48332,"href":"http:\/\/www.gzone.com.tr\/index.php\/wp-json\/wp\/v2\/posts\/48279\/revisions\/48332"}],"wp:featuredmedia":[{"embeddable":true,"href":"http:\/\/www.gzone.com.tr\/index.php\/wp-json\/wp\/v2\/media\/48280"}],"wp:attachment":[{"href":"http:\/\/www.gzone.com.tr\/index.php\/wp-json\/wp\/v2\/media?parent=48279"}],"wp:term":[{"taxonomy":"category","embeddable":true,"href":"http:\/\/www.gzone.com.tr\/index.php\/wp-json\/wp\/v2\/categories?post=48279"},{"taxonomy":"post_tag","embeddable":true,"href":"http:\/\/www.gzone.com.tr\/index.php\/wp-json\/wp\/v2\/tags?post=48279"}],"curies":[{"name":"wp","href":"https:\/\/api.w.org\/{rel}","templated":true}]}}