{"id":47723,"date":"2019-09-05T16:01:45","date_gmt":"2019-09-05T13:01:45","guid":{"rendered":"http:\/\/gzone.com.tr\/?p=47723"},"modified":"2019-09-05T16:01:47","modified_gmt":"2019-09-05T13:01:47","slug":"12-lgbti-orgutunden-kayyum-atamalarina-tepki-bildirisi","status":"publish","type":"post","link":"http:\/\/www.gzone.com.tr\/index.php\/2019\/09\/05\/12-lgbti-orgutunden-kayyum-atamalarina-tepki-bildirisi\/","title":{"rendered":"12 LGBT\u0130+ \u00d6RG\u00dcT\u00dcNDEN KAYYUM ATAMALARINA TEPK\u0130 B\u0130LD\u0130R\u0130S\u0130"},"content":{"rendered":"\n<p>19 A\u011fustos\u2019ta \u0130\u00e7i\u015fleri Bakanl\u0131\u011f\u0131 karar\u0131yla HDP\u2019li Diyarbak\u0131r, Van ve Mardin b\u00fcy\u00fck\u015fehir belediye e\u015fba\u015fkanlar\u0131 Adnan Sel\u00e7uk M\u0131zrakl\u0131, Bedia \u00d6zg\u00f6k\u00e7e Ertan ve Ahmet T\u00fcrk\u2019\u00fcn g\u00f6revden al\u0131n\u0131p yerlerine kayyum atanmas\u0131na ili\u015fkin tepkiler gelmeye devam ediyor.<\/p>\n\n\n\n<p>Konuya ili\u015fkin bir tepki de LGBT\u0130+ \u00f6rg\u00fctlerinden geldi.<\/p>\n\n\n\n<p>12 \u00f6rg\u00fct taraf\u0131ndan kayyum atamalar\u0131na kar\u015f\u0131 yap\u0131lan yaz\u0131l\u0131 a\u00e7\u0131klamada, \u201cBelediyelere kayy\u0131m atanmas\u0131, siyasi darbedir\u201d denildi.<\/p>\n\n\n\n<p>Antidemokratik uygulamalara dikkat \u00e7ekilen a\u00e7\u0131klamada, \u201cBu siyasi darbe, saray rejiminin antidemokratik uygulamalarla halk\u0131n iradesini gasp etmesidir. Demokratik bir hukuk devletinde olmas\u0131 gereken ise devletin taraf oldu\u011fu temel hak ve \u00f6zg\u00fcrl\u00fckleri d\u00fczenleyen s\u00f6zle\u015fmelerdeki y\u00fck\u00fcml\u00fcl\u00fcklerine uygun olarak anti demokratik uygulamalarla m\u00fccadele etmesidir\u201d ifadeleri kullan\u0131ld\u0131.<\/p>\n\n\n\n<p>A\u00e7\u0131klaman\u0131n devam\u0131 ise \u015f\u00f6yle:<\/p>\n\n\n\n<h5 class=\"wp-block-heading\">\u201cOHAL\u2019in hukuksuz uygulamalar\u0131 sonucu hi\u00e7bir somut delil g\u00f6sterilmeden siyasi saiklerle ve keyfi uygulamalarla binlerce ki\u015fi KHK\u2019lerle ihra\u00e7 edilmi\u015f, tutuklanm\u0131\u015f, hapsedilmi\u015f ve hatta sivil \u00f6l\u00fcme s\u00fcr\u00fcklenmi\u015fti. B\u00f6lgedeki 98 belediyeye kayy\u0131m atanm\u0131\u015f ve halk\u0131n iradesiyle se\u00e7ilmi\u015f belediye ba\u015fkanlar\u0131 g\u00f6revlerinden uzakla\u015ft\u0131r\u0131lm\u0131\u015ft\u0131.\u201d<\/h5>\n\n\n\n<h5 class=\"wp-block-heading\">\u201cKayy\u0131m d\u00f6neminde LGBT\u0130+\u2019lar\u0131n kazan\u0131mlar\u0131na sald\u0131r\u0131lar artm\u0131\u015f ve yerel y\u00f6netimle kurulan homofobi ve transfobi kar\u015f\u0131t\u0131 ilke temelli t\u00fcm ileti\u015fim ve ili\u015fkinin \u00f6n\u00fc kesilmi\u015fti. Daha \u00f6nce LGBT\u0130+\u2019lar\u0131n kullan\u0131m\u0131na a\u00e7\u0131k pek \u00e7ok mekan devletin kurumlar\u0131na tahsil edilmi\u015fti. LGBT\u0130+\u2019lar\u0131n sosyalle\u015fti\u011fi ve etkinliklerini d\u00fczenledi\u011fi mekanlar polis ablukas\u0131na al\u0131nm\u0131\u015f, kad\u0131n merkezleri kapat\u0131lm\u0131\u015f, i\u015flevsiz hale getirilmi\u015fti.\u201d<\/h5>\n\n\n\n<h5 class=\"wp-block-heading\">\u201cBedenimiz ve cinselli\u011fimizden endi\u015fe etti\u011fini belirten \u0130\u00e7i\u015fleri Bakan\u0131 S\u00fcleyman Soylu\u2019nun LGBT\u0130+\u2019larla ilgili nefret s\u00f6ylemiyle belediyelere atanan kayy\u0131m aras\u0131ndaki ili\u015fki g\u00f6r\u00fcnmez de\u011fildir. Son d\u00f6nemde 2019 Onur Y\u00fcr\u00fcy\u00fc\u015flerine m\u00fcdahale edilmesi, Munzur Festivalinde ger\u00e7ekle\u015ftirilmesi planlanan LGBT\u0130+ etkinli\u011finin valilik taraf\u0131ndan yasaklanmas\u0131, Diyanet \u0130\u015fleri Ba\u015fkanl\u0131\u011f\u0131\u2019n\u0131n, LGBT\u0130+\u2019lar\u0131n \u201csapk\u0131nl\u0131k ve ahlaki bozulma\u201d i\u00e7inde olduklar\u0131na dair verdi\u011fi fetva LGBT\u0130+\u2019lara y\u00f6nelik nefret su\u00e7lar\u0131n\u0131 te\u015fvik etmi\u015ftir.\u201d<\/h5>\n\n\n\n<h5 class=\"wp-block-heading\">\u201cKayy\u0131m atamalar\u0131yla LGBT\u0130+\u2019lara sald\u0131r\u0131lar\u0131n ayn\u0131 d\u00f6neme denk gelmesi tesad\u00fcf de\u011fildir. Belediye ba\u015fkanlar\u0131n\u0131n g\u00f6revden al\u0131nmalar\u0131 ve kayy\u0131m atamalar\u0131 bedenlerimizi denetim almaya \u00e7al\u0131\u015fan saray rejiminin ve kal\u0131c\u0131la\u015ft\u0131r\u0131lm\u0131\u015f OHAL sisteminin tezah\u00fcr\u00fcd\u00fcr. LGBT\u0130+ varolu\u015fu yerel y\u00f6netimlerin merkezi y\u00f6netime ba\u011flanmas\u0131yla bilin\u00e7li ve sistemli olarak yok olu\u015fa s\u00fcr\u00fcklenmek istenmektedir.\u201d<\/h5>\n\n\n\n<h5 class=\"wp-block-heading\">\u201cBununla birlikte kayy\u0131m\u0131n atanmas\u0131na kar\u015f\u0131 toplant\u0131 ve g\u00f6steri y\u00fcr\u00fcy\u00fc\u015f\u00fc hakk\u0131n\u0131 bar\u0131\u015f\u00e7\u0131l y\u00f6ntemlerle kullanan yurtta\u015flar biber gaz\u0131, plastik mermi ve tazyikli su kullan\u0131larak darp edilmi\u015f ve g\u00f6zalt\u0131na al\u0131nm\u0131\u015ft\u0131r. \u00c7ocuklara ters kelep\u00e7e tak\u0131lm\u0131\u015ft\u0131r. Temel hak ve \u00f6zg\u00fcrl\u00fckleri d\u00fczenleyen uluslararas\u0131 metinlerde hi\u00e7bir s\u0131n\u0131rlamaya tabi tutulmayan i\u015fkence yasa\u011f\u0131 ihlal edilmi\u015f, bu i\u015fkence g\u00f6r\u00fcnt\u00fcleri medyaya yans\u0131m\u0131\u015ft\u0131r.\u201d<\/h5>\n\n\n\n<h5 class=\"wp-block-heading\">\u201cT\u00fcrkiye\u2019de son y\u0131llarda Gezi Direni\u015fi, Onur Y\u00fcr\u00fcy\u00fc\u015fleri, 8 Mart Gece Y\u00fcr\u00fcy\u00fc\u015fleri, 1 May\u0131s Y\u00fcr\u00fcy\u00fc\u015fleri gibi bar\u0131\u015f\u00e7\u0131l g\u00f6steri ve toplant\u0131 y\u00fcr\u00fcy\u00fc\u015flerine yap\u0131lan orant\u0131s\u0131z m\u00fcdahaleler yap\u0131sal bir sorun haline gelmi\u015f ve pek \u00e7ok yurtta\u015f\u0131n ba\u015fta ya\u015fam hakk\u0131 olmak \u00fczere temel hak ve \u00f6zg\u00fcrl\u00fckleri ihlal edilmi\u015ftir.\u201d<\/h5>\n\n\n\n<h5 class=\"wp-block-heading\">\u201cWalter Benjamin\u2019in deyi\u015fiyle, \u201cezilenlerin gelene\u011fi, bug\u00fcn ya\u015fad\u0131\u011f\u0131m\u0131z \u2018ola\u011fan\u00fcst\u00fc halin\u2019 kural oldu\u011funu g\u00f6steriyor bize. Bizim yapmam\u0131z gereken de hakiki ola\u011fan\u00fcst\u00fc hali a\u00e7\u0131\u011fa \u00e7\u0131karmak ve b\u00f6ylece fa\u015fizm kar\u015f\u0131s\u0131ndaki konumumuzu g\u00fc\u00e7lendirmektedir.\u201d<\/h5>\n\n\n\n<h5 class=\"wp-block-heading\">\u201cBizler a\u015fa\u011f\u0131da imzalar\u0131 bulunan LGBT\u0130+ \u00f6rg\u00fctleri olarak kayy\u0131ma ve yasak\u00e7\u0131 ba\u015fkanl\u0131k sisteminin antidemokratik uygulamalar\u0131na kar\u015f\u0131 sessiz kalmayaca\u011f\u0131m\u0131z\u0131 ve m\u00fccadelemizi bar\u0131\u015f\u00e7\u0131l yollarla \u015fimdiye dek nas\u0131l s\u00fcrd\u00fcrd\u00fcysek bundan sonra da art\u0131rarak devam ettirece\u011fimizi bildiriyoruz.\u201d<\/h5>\n\n\n\n<h4 class=\"wp-block-heading\"><strong>\u0130mzac\u0131lar \u015f\u00f6yle:<\/strong><\/h4>\n\n\n\n<p>B\u0130Z Antalya Cinsel Y\u00f6nelim ve Cinsiyet Kimli\u011fi Ara\u015ft\u0131rmalar\u0131 Derne\u011fi, \u00c7anakkale LGBT\u0130+ \u0130nisiyatifi, Gaziantep ZeugMAD\u0130 LGBT\u0130, Hacettepe Queer Deer, \u0130HD Antalya LGBT\u0130+ Komisyonu, KeSKeSoR Amed LGBT\u0130+ Olu\u015fumu, K\u0131z\u0131l Okyanus LGBT\u0130+, Kocaeli LGBT\u0130+ \u0130nisiyatifi, Kuir Eski\u015fehir LGBT\u0130, Lavender LGBT\u0130Q+ Ege \u00dcniversitesi Toplumsal Cinsiyet Ara\u015ft\u0131rmalar\u0131 Toplulu\u011fu, \u015fugarmekanlar, Queer Anka<\/p>\n","protected":false},"excerpt":{"rendered":"<p>19 A\u011fustos\u2019ta \u0130\u00e7i\u015fleri Bakanl\u0131\u011f\u0131 karar\u0131yla HDP\u2019li Diyarbak\u0131r, Van ve Mardin b\u00fcy\u00fck\u015fehir belediye e\u015fba\u015fkanlar\u0131 Adnan Sel\u00e7uk M\u0131zrakl\u0131, Bedia \u00d6zg\u00f6k\u00e7e Ertan ve Ahmet T\u00fcrk\u2019\u00fcn g\u00f6revden al\u0131n\u0131p yerlerine kayyum atanmas\u0131na ili\u015fkin tepkiler gelmeye devam ediyor. Konuya ili\u015fkin bir tepki de LGBT\u0130+ \u00f6rg\u00fctlerinden geldi. 12 \u00f6rg\u00fct taraf\u0131ndan kayyum atamalar\u0131na kar\u015f\u0131 yap\u0131lan yaz\u0131l\u0131 a\u00e7\u0131klamada, \u201cBelediyelere kayy\u0131m atanmas\u0131, siyasi darbedir\u201d denildi. &hellip;<\/p>\n","protected":false},"author":1,"featured_media":41575,"comment_status":"closed","ping_status":"open","sticky":false,"template":"","format":"standard","meta":{"footnotes":""},"categories":[91,96],"tags":[],"class_list":["post-47723","post","type-post","status-publish","format-standard","has-post-thumbnail","","category-haberler","category-turkiye"],"_links":{"self":[{"href":"http:\/\/www.gzone.com.tr\/index.php\/wp-json\/wp\/v2\/posts\/47723","targetHints":{"allow":["GET"]}}],"collection":[{"href":"http:\/\/www.gzone.com.tr\/index.php\/wp-json\/wp\/v2\/posts"}],"about":[{"href":"http:\/\/www.gzone.com.tr\/index.php\/wp-json\/wp\/v2\/types\/post"}],"author":[{"embeddable":true,"href":"http:\/\/www.gzone.com.tr\/index.php\/wp-json\/wp\/v2\/users\/1"}],"replies":[{"embeddable":true,"href":"http:\/\/www.gzone.com.tr\/index.php\/wp-json\/wp\/v2\/comments?post=47723"}],"version-history":[{"count":1,"href":"http:\/\/www.gzone.com.tr\/index.php\/wp-json\/wp\/v2\/posts\/47723\/revisions"}],"predecessor-version":[{"id":47724,"href":"http:\/\/www.gzone.com.tr\/index.php\/wp-json\/wp\/v2\/posts\/47723\/revisions\/47724"}],"wp:featuredmedia":[{"embeddable":true,"href":"http:\/\/www.gzone.com.tr\/index.php\/wp-json\/wp\/v2\/media\/41575"}],"wp:attachment":[{"href":"http:\/\/www.gzone.com.tr\/index.php\/wp-json\/wp\/v2\/media?parent=47723"}],"wp:term":[{"taxonomy":"category","embeddable":true,"href":"http:\/\/www.gzone.com.tr\/index.php\/wp-json\/wp\/v2\/categories?post=47723"},{"taxonomy":"post_tag","embeddable":true,"href":"http:\/\/www.gzone.com.tr\/index.php\/wp-json\/wp\/v2\/tags?post=47723"}],"curies":[{"name":"wp","href":"https:\/\/api.w.org\/{rel}","templated":true}]}}