{"id":47592,"date":"2019-07-31T11:57:09","date_gmt":"2019-07-31T08:57:09","guid":{"rendered":"http:\/\/gzone.com.tr\/?p=47592"},"modified":"2019-07-31T11:57:11","modified_gmt":"2019-07-31T08:57:11","slug":"gericilerin-yeni-fantezisi-canan-kaftancioglunun-odasinda-lgbti-renklerinden-olusan-bir-ataturk-portresi-mi-var","status":"publish","type":"post","link":"http:\/\/www.gzone.com.tr\/index.php\/2019\/07\/31\/gericilerin-yeni-fantezisi-canan-kaftancioglunun-odasinda-lgbti-renklerinden-olusan-bir-ataturk-portresi-mi-var\/","title":{"rendered":"GER\u0130C\u0130LER\u0130N YEN\u0130 FANTEZ\u0130S\u0130: CANAN KAFTANCIO\u011eLU&#8217;NUN ODASINDA LGBT\u0130+ RENKLER\u0130NDEN OLU\u015eAN B\u0130R ATAT\u00dcRK PORTRES\u0130 M\u0130 VAR?"},"content":{"rendered":"\n<p>Medyan\u0131n utan\u00e7 kayna\u011f\u0131 Yeni Akit, CHP \u0130stanbul \u0130l Ba\u015fkan\u0131 Canan Kaftanc\u0131o\u011flu odas\u0131na LGBT\u0130+ bayra\u011f\u0131n\u0131 temsil eden renklere sahip bir Atat\u00fcrk portresi ast\u0131\u011f\u0131n\u0131 iddia etti. Teyit.org bu iddiay\u0131 ara\u015ft\u0131rd\u0131.<\/p>\n\n\n\n<p>Sosyal medyada ve\u00a0<a rel=\"noreferrer noopener\" href=\"http:\/\/teyit.link\/siByOEA\" target=\"_blank\">Yeni Akit<\/a>\u2019te yer alan bir foto\u011fraf\u0131n Cumhuriyet Halk Partisi (CHP) \u0130stanbul \u0130l Ba\u015fkan\u0131 Canan Kaftanc\u0131o\u011flu\u2019nun odas\u0131na ast\u0131\u011f\u0131 \u201cLGBT\u0130 renklerinden\u201d olu\u015fan bir Mustafa Kemal Atat\u00fcrk portresini g\u00f6sterdi\u011fi iddia edildi. \u0130ddia\u00a0<strong>Teyit<\/strong>\u2019e ihbar olarak da iletildi.<\/p>\n\n\n\n<figure class=\"wp-block-image\"><img decoding=\"async\" src=\"https:\/\/teyit.fra1.cdn.digitaloceanspaces.com\/wp-content\/uploads\/2019\/07\/canan-kaftancioglu-ataturk-lgbti-tablo-iddia-gorsel-min.png\" alt=\"\"\/><\/figure>\n\n\n\n<p>Facebook\u2019taki bir sayfa taraf\u0131ndan 27 Temmuz 2019\u2019da payla\u015f\u0131lan\u00a0<a rel=\"noreferrer noopener\" href=\"http:\/\/teyit.link\/TVNZpIc\" target=\"_blank\">iddia<\/a>\u00a0\u015fimdiye kadar yakla\u015f\u0131k 450 payla\u015f\u0131m ve 604 be\u011feni ald\u0131.<\/p>\n\n\n\n<p>Ancak iddiaya konu olan Mustafa Kemal Atat\u00fcrk portresi Canan Kaftanc\u0131o\u011flu\u2019nun de\u011fil, Ordu G\u00fclyal\u0131 Belediye Ba\u015fkan\u0131 Ula\u015f Tepe\u2019nin odas\u0131nda as\u0131l\u0131. Portre, 1990\u2019l\u0131 y\u0131llarda Endonezyal\u0131 sanat\u00e7\u0131 Wedha Abdul Rashid taraf\u0131ndan geli\u015ftirilen ve Andy Warhol\u2019un pop art ak\u0131m\u0131ndan etkilenildi\u011fi bilinen bir ak\u0131m olan Wedha\u2019s Pop Art Portrait (WPAP) ak\u0131m\u0131n\u0131 yans\u0131tan bir par\u00e7a. T\u00fcrkiye\u2019de Atat\u00fcrk\u2019\u00fcn WPAP tarz\u0131 portresini yapan bir\u00e7ok ki\u015fi bulunuyor.<br><\/p>\n\n\n\n<figure class=\"wp-block-image\"><img decoding=\"async\" src=\"https:\/\/teyit.fra1.cdn.digitaloceanspaces.com\/wp-content\/uploads\/2019\/07\/wpap-portre-min-1.png\" alt=\"\"\/><\/figure>\n","protected":false},"excerpt":{"rendered":"<p>Medyan\u0131n utan\u00e7 kayna\u011f\u0131 Yeni Akit, CHP \u0130stanbul \u0130l Ba\u015fkan\u0131 Canan Kaftanc\u0131o\u011flu odas\u0131na LGBT\u0130+ bayra\u011f\u0131n\u0131 temsil eden renklere sahip bir Atat\u00fcrk portresi ast\u0131\u011f\u0131n\u0131 iddia etti. Teyit.org bu iddiay\u0131 ara\u015ft\u0131rd\u0131. Sosyal medyada ve\u00a0Yeni Akit\u2019te yer alan bir foto\u011fraf\u0131n Cumhuriyet Halk Partisi (CHP) \u0130stanbul \u0130l Ba\u015fkan\u0131 Canan Kaftanc\u0131o\u011flu\u2019nun odas\u0131na ast\u0131\u011f\u0131 \u201cLGBT\u0130 renklerinden\u201d olu\u015fan bir Mustafa Kemal Atat\u00fcrk portresini &hellip;<\/p>\n","protected":false},"author":1,"featured_media":47593,"comment_status":"closed","ping_status":"open","sticky":false,"template":"","format":"standard","meta":{"footnotes":""},"categories":[91,96],"tags":[],"class_list":["post-47592","post","type-post","status-publish","format-standard","has-post-thumbnail","","category-haberler","category-turkiye"],"_links":{"self":[{"href":"http:\/\/www.gzone.com.tr\/index.php\/wp-json\/wp\/v2\/posts\/47592","targetHints":{"allow":["GET"]}}],"collection":[{"href":"http:\/\/www.gzone.com.tr\/index.php\/wp-json\/wp\/v2\/posts"}],"about":[{"href":"http:\/\/www.gzone.com.tr\/index.php\/wp-json\/wp\/v2\/types\/post"}],"author":[{"embeddable":true,"href":"http:\/\/www.gzone.com.tr\/index.php\/wp-json\/wp\/v2\/users\/1"}],"replies":[{"embeddable":true,"href":"http:\/\/www.gzone.com.tr\/index.php\/wp-json\/wp\/v2\/comments?post=47592"}],"version-history":[{"count":1,"href":"http:\/\/www.gzone.com.tr\/index.php\/wp-json\/wp\/v2\/posts\/47592\/revisions"}],"predecessor-version":[{"id":47594,"href":"http:\/\/www.gzone.com.tr\/index.php\/wp-json\/wp\/v2\/posts\/47592\/revisions\/47594"}],"wp:featuredmedia":[{"embeddable":true,"href":"http:\/\/www.gzone.com.tr\/index.php\/wp-json\/wp\/v2\/media\/47593"}],"wp:attachment":[{"href":"http:\/\/www.gzone.com.tr\/index.php\/wp-json\/wp\/v2\/media?parent=47592"}],"wp:term":[{"taxonomy":"category","embeddable":true,"href":"http:\/\/www.gzone.com.tr\/index.php\/wp-json\/wp\/v2\/categories?post=47592"},{"taxonomy":"post_tag","embeddable":true,"href":"http:\/\/www.gzone.com.tr\/index.php\/wp-json\/wp\/v2\/tags?post=47592"}],"curies":[{"name":"wp","href":"https:\/\/api.w.org\/{rel}","templated":true}]}}