{"id":47469,"date":"2019-07-08T12:27:24","date_gmt":"2019-07-08T09:27:24","guid":{"rendered":"http:\/\/gzone.com.tr\/?p=47469"},"modified":"2019-07-08T12:27:37","modified_gmt":"2019-07-08T09:27:37","slug":"londra-onur-yuruyusune-rekor-katilim-ve-gulben-ergenin-paylasimi","status":"publish","type":"post","link":"http:\/\/www.gzone.com.tr\/index.php\/2019\/07\/08\/londra-onur-yuruyusune-rekor-katilim-ve-gulben-ergenin-paylasimi\/","title":{"rendered":"LONDRA ONUR Y\u00dcR\u00dcY\u00dc\u015e\u00dc&#8217;NE REKOR KATILIM VE G\u00dcLBEN ERGEN&#8217;\u0130N PAYLA\u015eIMI"},"content":{"rendered":"\n<p>Londra&#8217;da hafta sonu ger\u00e7ekle\u015fen geleneksel LGBT\u0130+ Onur Y\u00fcr\u00fcy\u00fc\u015f\u00fc etkinliklerine resmi rakamlara g\u00f6re bir bu\u00e7uk milyon ki\u015fi kat\u0131ld\u0131.<\/p>\n\n\n\n<p>M\u00fcsl\u00fcman bir politikac\u0131n\u0131n ayr\u0131mc\u0131l\u0131\u011fa kar\u015f\u0131 verdi\u011fi m\u00fccadele ve e\u015fcinsel evlili\u011fe verdi\u011fi destekle \u00f6nyarg\u0131lar\u0131 k\u0131ran Londra Belediye Ba\u015fkan\u0131 Sadiq Khan da her sene oldu\u011fu gibi y\u00fcr\u00fcy\u00fc\u015fe kat\u0131ld\u0131.\u00a0<\/p>\n\n\n\n<p>E\u015fcinsel evlilikleri savunmas\u0131 ve i\u00e7ki i\u00e7memesine ra\u011fmen kampanyas\u0131n\u0131 bir barda ba\u015flatmas\u0131 gibi \u00f6zellikleriyle Khan, Londral\u0131 se\u00e7menler i\u00e7in M\u00fcsl\u00fcmanlara kar\u015f\u0131 \u00f6nyarg\u0131lar\u0131 y\u0131kan bir profil \u00e7iziyor.<\/p>\n\n\n\n<figure class=\"wp-block-image\"><img decoding=\"async\" src=\"http:\/\/www.detaykibris.com\/d\/news\/85404.jpg\" alt=\"\"\/><\/figure>\n\n\n\n<p>Muhafazakar Parti lideri se\u00e7ilmesi durumunda ba\u015fbakan g\u00f6revine gelecek olan Boris Johnson\u2019\u0131n ge\u00e7mi\u015fteki homofobik s\u00f6ylemlerini ele\u015ftiren Khan, etkinlikte \u201cLGBT\u0130+ \u00fcyelerinden hangisiyle konu\u015fursan\u0131z konu\u015fun size maruz kald\u0131klar\u0131 homofobik nefret s\u00f6ylemlerinden bahsedecektir. Gelecek ba\u015fbakan\u0131m\u0131z kim olursa olsun \u2013ki Boris Johnson olacak gibi duruyor- bu nefret s\u00f6ylemlerinin fark\u0131nda olmas\u0131n\u0131 diliyorum\u201d ifadelerini kulland\u0131\u011f\u0131 bir konu\u015fma yapt\u0131.Muhafazakar Parti lideri se\u00e7ilmesi durumunda ba\u015fbakan g\u00f6revine gelecek olan Boris Johnson\u2019\u0131n ge\u00e7mi\u015fteki homofobik s\u00f6ylemlerini ele\u015ftiren Khan, etkinlikte \u201cLGBT\u0130+ \u00fcyelerinden hangisiyle konu\u015fursan\u0131z konu\u015fun size maruz kald\u0131klar\u0131 homofobik nefret s\u00f6ylemlerinden bahsedecektir. Gelecek ba\u015fbakan\u0131m\u0131z kim olursa olsun \u2013ki Boris Johson olacak gibi duruyor- bu nefret s\u00f6ylemlerinin fark\u0131nda olmas\u0131n\u0131 diliyorum\u201d ifadelerini kulland\u0131\u011f\u0131 bir konu\u015fma yapt\u0131.<\/p>\n\n\n\n<p>Belediye Ba\u015fkan\u0131 oldu\u011fu d\u00f6nemden Onur Y\u00fcr\u00fcy\u00fc\u015f\u00fc\u2019ne kat\u0131ld\u0131\u011f\u0131 bir foto\u011fraf\u0131n\u0131 payla\u015farak \u201cBa\u015fbakan olursam Britanya LGBT\u0130+ toplulu\u011fu i\u00e7in e\u015fitlik merkezi olacak,\u201d diyen Boris Johnson, ge\u00e7mi\u015f y\u0131llarda dile getirdi\u011fi homofobik s\u00f6ylemler hat\u0131rlat\u0131larak a\u011f\u0131r ele\u015ftiriler ald\u0131.90\u2019l\u0131 y\u0131llarda yazd\u0131\u011f\u0131 k\u00f6\u015fe yaz\u0131lar\u0131nda a\u011f\u0131r homofobik s\u00f6ylemlerde bulunan Boris Johnson bir yaz\u0131s\u0131nda \u201c\u0130ki adam\u0131n evlenmesini kabul edersek \u00fc\u00e7 adam\u0131n birlikteli\u011fini de sorgulamamam\u0131z gerekir \u2013hatta \u00fc\u00e7 adam ve bir k\u00f6pe\u011fin bile!\u201d demi\u015fti.Britanya Ba\u015fbakanl\u0131\u011f\u0131 g\u00f6revinden istifa eden ve g\u00f6revinin bitmesine haftalar kalan Theresa May de Onur Y\u00fcr\u00fcy\u00fc\u015f\u00fc\u2019n\u00fc destekledi\u011fi bir a\u00e7\u0131klamas\u0131n\u0131 \u201cSadece birka\u00e7 hafta daha ba\u015fbakan\u0131n\u0131z olaca\u011f\u0131m ama hayat\u0131m\u0131n sonuna kadar dostunuz kalaca\u011f\u0131m.\u201d Diyerek LGBT\u0130+ toplulu\u011funa destek verdi.<\/p>\n\n\n\n<p>Y\u00fcr\u00fcy\u00fc\u015f ger\u00e7ekle\u015fti\u011finde Londra\u2019da bulunan G\u00fclben Ergen\u2019in de 2015\u2019ten beri T\u00fcrkiye\u2019de yap\u0131lmas\u0131 yasaklanan ve sert m\u00fcdahalelerin oldu\u011fu LGBT\u0130+ y\u00fcr\u00fcy\u00fc\u015f\u00fcne kat\u0131lmas\u0131 ve foto\u011fraf payla\u015fmas\u0131 dikkati \u00e7ekti. <\/p>\n\n\n\n<figure class=\"wp-block-embed-instagram wp-block-embed is-type-rich is-provider-instagram\"><div class=\"wp-block-embed__wrapper\">\nhttps:\/\/www.instagram.com\/p\/BzkybI4hJYX\/\n<\/div><\/figure>\n\n\n\n<p>\u015eark\u0131c\u0131, trans birey Diren Co\u015fkun&#8217;un cezaevindeki m\u00fccadelesine de destek vermi\u015f, Co\u015fkun \u00f6l\u00fcm orucundayken \u015funlar\u0131 s\u00f6ylemi\u015fti:&nbsp;<\/p>\n\n\n\n<p>&#8220;Bir insan\u0131n cinsiyet kimli\u011fi sebebiyle insani haklardan #mahrumb\u0131rak\u0131lmas\u0131 insanl\u0131k su\u00e7udur. #DireneSesOl Bu vesileyle Hande&#8217;ye, Eyl\u00fcl&#8217;e ve nicelerine #selam olsun. Sizi #unutmad\u0131k&#8230; #Trans bireyler vard\u0131r ve haklar\u0131 herkesinki kadard\u0131r.. Her y\u00fcrek \u00f6nce #insan d\u0131r #can d\u0131r.&#8221; <\/p>\n\n\n\n<p>Kaynak: Bianet <\/p>\n","protected":false},"excerpt":{"rendered":"<p>Londra&#8217;da hafta sonu ger\u00e7ekle\u015fen geleneksel LGBT\u0130+ Onur Y\u00fcr\u00fcy\u00fc\u015f\u00fc etkinliklerine resmi rakamlara g\u00f6re bir bu\u00e7uk milyon ki\u015fi kat\u0131ld\u0131. M\u00fcsl\u00fcman bir politikac\u0131n\u0131n ayr\u0131mc\u0131l\u0131\u011fa kar\u015f\u0131 verdi\u011fi m\u00fccadele ve e\u015fcinsel evlili\u011fe verdi\u011fi destekle \u00f6nyarg\u0131lar\u0131 k\u0131ran Londra Belediye Ba\u015fkan\u0131 Sadiq Khan da her sene oldu\u011fu gibi y\u00fcr\u00fcy\u00fc\u015fe kat\u0131ld\u0131.\u00a0 E\u015fcinsel evlilikleri savunmas\u0131 ve i\u00e7ki i\u00e7memesine ra\u011fmen kampanyas\u0131n\u0131 bir barda ba\u015flatmas\u0131 gibi &hellip;<\/p>\n","protected":false},"author":1,"featured_media":47470,"comment_status":"closed","ping_status":"open","sticky":false,"template":"","format":"standard","meta":{"footnotes":""},"categories":[92,91],"tags":[],"class_list":["post-47469","post","type-post","status-publish","format-standard","has-post-thumbnail","","category-dunya","category-haberler"],"_links":{"self":[{"href":"http:\/\/www.gzone.com.tr\/index.php\/wp-json\/wp\/v2\/posts\/47469","targetHints":{"allow":["GET"]}}],"collection":[{"href":"http:\/\/www.gzone.com.tr\/index.php\/wp-json\/wp\/v2\/posts"}],"about":[{"href":"http:\/\/www.gzone.com.tr\/index.php\/wp-json\/wp\/v2\/types\/post"}],"author":[{"embeddable":true,"href":"http:\/\/www.gzone.com.tr\/index.php\/wp-json\/wp\/v2\/users\/1"}],"replies":[{"embeddable":true,"href":"http:\/\/www.gzone.com.tr\/index.php\/wp-json\/wp\/v2\/comments?post=47469"}],"version-history":[{"count":1,"href":"http:\/\/www.gzone.com.tr\/index.php\/wp-json\/wp\/v2\/posts\/47469\/revisions"}],"predecessor-version":[{"id":47471,"href":"http:\/\/www.gzone.com.tr\/index.php\/wp-json\/wp\/v2\/posts\/47469\/revisions\/47471"}],"wp:featuredmedia":[{"embeddable":true,"href":"http:\/\/www.gzone.com.tr\/index.php\/wp-json\/wp\/v2\/media\/47470"}],"wp:attachment":[{"href":"http:\/\/www.gzone.com.tr\/index.php\/wp-json\/wp\/v2\/media?parent=47469"}],"wp:term":[{"taxonomy":"category","embeddable":true,"href":"http:\/\/www.gzone.com.tr\/index.php\/wp-json\/wp\/v2\/categories?post=47469"},{"taxonomy":"post_tag","embeddable":true,"href":"http:\/\/www.gzone.com.tr\/index.php\/wp-json\/wp\/v2\/tags?post=47469"}],"curies":[{"name":"wp","href":"https:\/\/api.w.org\/{rel}","templated":true}]}}