{"id":47081,"date":"2019-05-25T12:10:28","date_gmt":"2019-05-25T09:10:28","guid":{"rendered":"http:\/\/gzone.com.tr\/?p=47081"},"modified":"2019-05-25T12:10:30","modified_gmt":"2019-05-25T09:10:30","slug":"kenyada-escinsel-iliskiyi-suc-sayan-yasaya-itiraz-mahkemeden-dondu","status":"publish","type":"post","link":"http:\/\/www.gzone.com.tr\/index.php\/2019\/05\/25\/kenyada-escinsel-iliskiyi-suc-sayan-yasaya-itiraz-mahkemeden-dondu\/","title":{"rendered":"KENYA&#8217;DA E\u015eC\u0130NSEL \u0130L\u0130\u015eK\u0130Y\u0130 SU\u00c7 SAYAN YASAYA \u0130T\u0130RAZ MAHKEMEDEN D\u00d6ND\u00dc"},"content":{"rendered":"\n<p>Kenya Y\u00fcksek Mahkemesi, e\u015fcinsel ili\u015fkiyi su\u00e7 kapsam\u0131na alan ve 14 y\u0131la kadar hapis cezas\u0131 \u00f6ng\u00f6ren yasaya yap\u0131lan itiraz\u0131 oy birli\u011fi ile geri \u00e7evirdi. Tart\u0131\u015fmal\u0131 karar Birle\u015fmi\u015f Milletler ve insan haklar\u0131 aktivistlerin tepkisini toplad\u0131.<\/p>\n\n\n\n<p>\u0130tiraz ba\u015fvurusu, s\u00f6z konusu kanunun bireylerin e\u015fitlik ve gizlilik haklar\u0131n\u0131 koruma alt\u0131na alan anayasa ayk\u0131r\u0131 oldu\u011fu gerek\u00e7esiyle yap\u0131lm\u0131\u015ft\u0131. E\u015fcinsellerin haklar\u0131 i\u00e7in m\u00fccadele edenler karara itiraz edeceklerini s\u00f6yledi.<\/p>\n\n\n\n<p>Davay\u0131 a\u00e7anlardan Eric Gitari, &#8220;Temyiz Mahkemesi&#8217;nin olduk\u00e7a yanl\u0131 ve yanl\u0131\u015f karardan d\u00f6nmesini bekliyoruz&#8221; dedi.<\/p>\n\n\n\n<p>Mahkeme \u00f6n\u00fcnde toplanan aktivistler karar\u0131n a\u00e7\u0131klanmas\u0131yla hayal k\u0131r\u0131kl\u0131\u011f\u0131yla g\u00f6zya\u015flar\u0131n\u0131 tutamazken, yasay\u0131 onaylayan kar\u015f\u0131t grupsa pankartlarla ve sloganlarla sevin\u00e7 g\u00f6sterisinde bulundu.<\/p>\n\n\n\n<h2 class=\"wp-block-heading\">&#8220;E\u015fcinsel ili\u015fkiyi su\u00e7 saymak LGBT\u0130 bireylere y\u00f6nelik \u015fiddeti t\u0131rmand\u0131r\u0131r&#8221;<\/h2>\n\n\n\n<p>\u0130nsan Haklar\u0131 \u0130zleme \u00d6rg\u00fct\u00fc&#8217;nden Neela Ghoshal, h\u00fckm\u00fcn Kenyal\u0131 e\u015fcinselleri ikici s\u0131n\u0131f vatanda\u015fl\u0131\u011fa itti\u011fi yorumunu yaparak mahkemeyi karar\u0131n\u0131 g\u00f6zden ge\u00e7irmeye \u00e7a\u011f\u0131rd\u0131.<\/p>\n\n\n\n<p>Birle\u015fmi\u015f Milletler (BM) \u0130nsan Haklar\u0131 Y\u00fcksek Komiseri Michelle Bachelet de tepkisini, karar\u0131n LGBT\u0130 bireylere y\u00f6nelik kin ve \u015fiddeti art\u0131raca\u011f\u0131n\u0131 vurgulayarak ifade etti.<\/p>\n\n\n\n<p>Resmi verilere g\u00f6re Kenya&#8217;da 2013-2017 y\u0131llar\u0131 aras\u0131nda 534 ki\u015fi e\u015fcinsel ili\u015fki nedeniyle g\u00f6zalt\u0131na al\u0131nd\u0131.<\/p>\n\n\n\n<p>Ulusal E\u015fcinsel \u0130nsan Haklar\u0131 Komisyonu, LGBT\u0130 bireylere y\u00f6nelik 2014&#8217;ten bu yana bin 500&#8217;ten fazla sald\u0131r\u0131y\u0131 rapor etti.<\/p>\n\n\n\n<p>Kenya Ba\u015fsavc\u0131l\u0131\u011f\u0131 e\u015fcinsel ili\u015fkinin su\u00e7 kapsam\u0131ndan \u00e7\u0131kar\u0131lmas\u0131n\u0131n e\u015fcinsel evliliklerin yolunu a\u00e7aca\u011f\u0131 gerek\u00e7esiyle yasay\u0131 destekliyor.<\/p>\n\n\n\n<p>Kenya Devlet Ba\u015fkan\u0131 Uhuru Kenyatta &#8220;e\u015fcinsel haklar\u0131 bir mesele de\u011fildir&#8221; derken, yard\u0131mc\u0131s\u0131 William Ruto ise &#8220;Kenya&#8217;da e\u015fcinsellere yer yok&#8221; ifadesini kullanm\u0131\u015ft\u0131. Meclis \u00fcyelerinden Aden Duale de daha \u00f6nce yapt\u0131\u011f\u0131 bir konu\u015fmada &#8220;e\u015fcinsellik ter\u00f6rizm kadar ciddi bir meseledir&#8221; diye konu\u015fmu\u015ftu.<\/p>\n\n\n\n<p>D\u00fcnya genelinde e\u015fcinsel ili\u015fkiyi yasaklayan 70&#8217;ten fazla \u00fclkenin yar\u0131s\u0131 Afrika k\u0131tas\u0131nda bulunuyor. K\u0131tada e\u015fcinsel evliliklere izin veren tek \u00fclke G\u00fcney Afrika.<\/p>\n\n\n\n<p>Kaynak: Euronews <\/p>\n","protected":false},"excerpt":{"rendered":"<p>Kenya Y\u00fcksek Mahkemesi, e\u015fcinsel ili\u015fkiyi su\u00e7 kapsam\u0131na alan ve 14 y\u0131la kadar hapis cezas\u0131 \u00f6ng\u00f6ren yasaya yap\u0131lan itiraz\u0131 oy birli\u011fi ile geri \u00e7evirdi. Tart\u0131\u015fmal\u0131 karar Birle\u015fmi\u015f Milletler ve insan haklar\u0131 aktivistlerin tepkisini toplad\u0131. \u0130tiraz ba\u015fvurusu, s\u00f6z konusu kanunun bireylerin e\u015fitlik ve gizlilik haklar\u0131n\u0131 koruma alt\u0131na alan anayasa ayk\u0131r\u0131 oldu\u011fu gerek\u00e7esiyle yap\u0131lm\u0131\u015ft\u0131. E\u015fcinsellerin haklar\u0131 i\u00e7in m\u00fccadele &hellip;<\/p>\n","protected":false},"author":1,"featured_media":47082,"comment_status":"closed","ping_status":"open","sticky":false,"template":"","format":"standard","meta":{"footnotes":""},"categories":[92,91],"tags":[2163],"class_list":["post-47081","post","type-post","status-publish","format-standard","has-post-thumbnail","","category-dunya","category-haberler","tag-kenya"],"_links":{"self":[{"href":"http:\/\/www.gzone.com.tr\/index.php\/wp-json\/wp\/v2\/posts\/47081","targetHints":{"allow":["GET"]}}],"collection":[{"href":"http:\/\/www.gzone.com.tr\/index.php\/wp-json\/wp\/v2\/posts"}],"about":[{"href":"http:\/\/www.gzone.com.tr\/index.php\/wp-json\/wp\/v2\/types\/post"}],"author":[{"embeddable":true,"href":"http:\/\/www.gzone.com.tr\/index.php\/wp-json\/wp\/v2\/users\/1"}],"replies":[{"embeddable":true,"href":"http:\/\/www.gzone.com.tr\/index.php\/wp-json\/wp\/v2\/comments?post=47081"}],"version-history":[{"count":1,"href":"http:\/\/www.gzone.com.tr\/index.php\/wp-json\/wp\/v2\/posts\/47081\/revisions"}],"predecessor-version":[{"id":47083,"href":"http:\/\/www.gzone.com.tr\/index.php\/wp-json\/wp\/v2\/posts\/47081\/revisions\/47083"}],"wp:featuredmedia":[{"embeddable":true,"href":"http:\/\/www.gzone.com.tr\/index.php\/wp-json\/wp\/v2\/media\/47082"}],"wp:attachment":[{"href":"http:\/\/www.gzone.com.tr\/index.php\/wp-json\/wp\/v2\/media?parent=47081"}],"wp:term":[{"taxonomy":"category","embeddable":true,"href":"http:\/\/www.gzone.com.tr\/index.php\/wp-json\/wp\/v2\/categories?post=47081"},{"taxonomy":"post_tag","embeddable":true,"href":"http:\/\/www.gzone.com.tr\/index.php\/wp-json\/wp\/v2\/tags?post=47081"}],"curies":[{"name":"wp","href":"https:\/\/api.w.org\/{rel}","templated":true}]}}