{"id":46905,"date":"2019-04-30T09:30:33","date_gmt":"2019-04-30T06:30:33","guid":{"rendered":"http:\/\/gzone.com.tr\/?p=46905"},"modified":"2019-04-30T09:31:54","modified_gmt":"2019-04-30T06:31:54","slug":"ozel-roportaj-gorkem-sengel","status":"publish","type":"post","link":"http:\/\/www.gzone.com.tr\/index.php\/2019\/04\/30\/ozel-roportaj-gorkem-sengel\/","title":{"rendered":"\u00d6ZEL R\u00d6PORTAJ: G\u00d6RKEM SENGEL"},"content":{"rendered":"\n<p><strong>*Nas\u0131l bir \u00e7ocuktun ile ba\u015flayal\u0131m\u2026 Bug\u00fcn \u015fark\u0131lar yaz\u0131p s\u00f6yleyece\u011fin o g\u00fcnlerden belli miydi?<\/strong><\/p>\n\n\n\n<p>Bu soruyu duydu\u011fumda g\u00f6z\u00fcm\u00fcn \u00f6n\u00fcne gelen bir sahne oldu. 5-6 ya\u015flar\u0131ndayken bizim apartman\u0131n \u00e7at\u0131 kat\u0131nda sar\u0131 g\u00f6mle\u011fimle verdi\u011fim bir playback show \ud83d\ude42 \u00e7ok k\u00fc\u00e7\u00fck ya\u015ftan itibaren ilgiliydim m\u00fczikle, pe\u015fimi b\u0131rakmayaca\u011f\u0131 belliydi \ud83d\ude42&nbsp;<\/p>\n\n\n\n<p><strong>*Kimleri dinleyerek b\u00fcy\u00fcd\u00fcn? \u0130dollerin var m\u0131yd\u0131? Ya da \u015fark\u0131c\u0131 olmanda etkisi olan isimler\u2026<\/strong><\/p>\n\n\n\n<p>90lar \u00e7ocu\u011fuyum ben, en g\u00fczel \u015fark\u0131lar\u0131n bize nasip oldu\u011funu d\u00fc\u015f\u00fcn\u00fcyorum. Hatta sen beni baz\u0131 konu\u015fmalar\u0131m\u0131zda o d\u00f6neme fazla tak\u0131nt\u0131l\u0131 buldu\u011funu s\u00f6ylersin. Hakl\u0131s\u0131n belki de. Sezen Aksu\u2019yu ve onun elinin dokundu\u011fu t\u00fcm i\u015fleri her zaman \u00e7ok dinledim. Hala da \u00f6yle. \u015eark\u0131c\u0131dan \u00e7ok \u015fark\u0131 yazarlar\u0131n\u0131 takip ettim hep. En \u00e7ok Mete \u00d6zgencil\u2019i sevdim.\u00a0<\/p>\n\n\n\n<figure class=\"wp-block-image\"><img decoding=\"async\" src=\"https:\/\/i.postimg.cc\/Y2VrpPSR\/Go-rkem-Sengel02.jpg\" alt=\"\"\/><\/figure>\n\n\n\n<p><strong>*Profesyonel anlamda m\u00fczikle u\u011fra\u015faca\u011f\u0131na hangi noktada karar verdin? Ba\u015fka isteklerinden, hayallerinden vazge\u00e7tin mi?<\/strong><\/p>\n\n\n\n<p>\u00c7ok erken karar verip s\u00fcrekli kendi yoluma engeller koyup ba\u015fka alanlara gittim. 2011 senesinde Hamburg\u2019tan \u0130stanbul\u2019a ta\u015f\u0131n\u0131p, Demet Akal\u0131n\u2019a sahnede vokal yapm\u0131\u015ft\u0131m. Sonra yine geri gittim ve 2016 da yeter art\u0131k kendimi daha ne kadar saklayaca\u011f\u0131m deyip ilk teklim \u201cMatem\u201d i yay\u0131nlamaya karar verdim. Vazge\u00e7ti\u011fim \u015feyler oldu, hala oluyor ama hepsine de\u011fer&#8230;&nbsp;<\/p>\n\n\n\n<p><strong>*Almanya\u2019da b\u00fcy\u00fcd\u00fcn, hala orada ba\u011flar\u0131n var ama \u0130stanbul\u2019un g\u00f6be\u011finde ya\u015f\u0131yorsun art\u0131k. Nereyi evin gibi hissediyorsun? \u0130ki \u00fclke ve ya\u015fad\u0131\u011f\u0131n \u015fehirler sana neler hissettiriyor?<\/strong><\/p>\n\n\n\n<p>Hayat\u0131m\u0131n sorusu \ud83d\ude42 Neyse ki son zamanlarda bir karar vermem gerekmedi\u011fine, her iki \u00fclkeye de e\u015fit derecede ait oldu\u011fuma ikna edebildim kendimi. Orada ruhum dinleniyor. Burada ise \u201chadi!\u201d diyor bir \u015fey s\u00fcrekli, \u201cdahas\u0131 da var, yapmal\u0131s\u0131n\u201d diyor. Ya\u015fam kutuplarla dolu. Bu anlamda benim de bu iki kutba ihtiyac\u0131m var. Kendimi zengin hissettiriyor bu \u00e7e\u015fitlilik bana.&nbsp;<\/p>\n\n\n\n<p><strong>*2016\u2019daki ilk \u015fark\u0131n \u201cMatem\u201dden bug\u00fcne kadar hep tekli \u015fark\u0131lar yay\u0131nlad\u0131n. Bu \u00f6zellikle tercih etti\u011fin bir y\u00f6ntem miydi?&nbsp;<\/strong><\/p>\n\n\n\n<p>Ad\u0131m ad\u0131m ilerlemek \u00e7ok bana g\u00f6re bi kere. Yola \u00e7\u0131kt\u0131ktan sonra asl\u0131nda ne yapmak istedi\u011fini ke\u015ffediyorsun. Her \u015fark\u0131dan ba\u015fka bir ders \u00e7\u0131kard\u0131m. \u0130lk \u015fark\u0131mdaki prozodi hatalar\u0131, o k\u00f6t\u00fc okuma&#8230; hepsi \u00e7ok k\u0131ymetli. O g\u00fcn bir alb\u00fcm yapsayd\u0131m, facia olurdu kesin. Ama art\u0131k haz\u0131r\u0131m \ud83d\ude42\u00a0<\/p>\n\n\n\n<figure class=\"wp-block-image\"><img decoding=\"async\" src=\"https:\/\/i.postimg.cc\/FK9mW5Pr\/Go-rkem-Sengel09.jpg\" alt=\"\"\/><\/figure>\n\n\n\n<p><strong>*5 \u015fark\u0131n\u0131 ayr\u0131 ayr\u0131 nas\u0131l de\u011ferlendiriyorsun? Bug\u00fcn bakt\u0131\u011f\u0131nda bu \u015fark\u0131lar\u0131n bir alb\u00fcm\u00fcn par\u00e7alar\u0131 olabilece\u011fini d\u00fc\u015f\u00fcn\u00fcyor musun?<\/strong><\/p>\n\n\n\n<p>Gizli Yara ve Affet\u2019i ayr\u0131 bir yere koyuyorum \u015fark\u0131lar\u0131m aras\u0131nda. Onlar\u0131 alabilirim alb\u00fcme. Di\u011ferleri \u00e7ok kafa kar\u0131\u015f\u0131kl\u0131\u011f\u0131m\u0131n eserleri. O g\u00fcn i\u00e7in en do\u011fru onlard\u0131 lakin. \u0130yi ki yapm\u0131\u015f\u0131m \ud83d\ude42&nbsp;<\/p>\n\n\n\n<p><strong>*Son \u015fark\u0131n \u201cAffet\u201de gelelim\u2026 Bu kez aranj\u00f6r Daniel Ta\u015fel ile \u00e7al\u0131\u015ft\u0131n. Nas\u0131l bir araya geldiniz? \u015eark\u0131y\u0131 yazmandan son haline geli\u015fi ne kadar maceral\u0131 oldu?<\/strong><\/p>\n\n\n\n<p>K\u00f6pe\u011fim Rocco sayesinde bir araya geldik. \ud83d\ude42 Rocco\u2019nun e\u011fitmeni Tu\u011fba\u2019n\u0131n sevgilisi Daniel. Bizi o biraraya getirdi. \u00c7ok k\u0131ymetli biri oldu tan\u0131\u015ft\u0131ktan sonra Daniel benim i\u00e7in. \u0130\u015finde \u00e7ok titiz, \u00e7al\u0131\u015fmas\u0131 \u00e7ok kolay bir insan. \u015eark\u0131y\u0131 koltu\u011fumun bir ucunda uzan\u0131rken yazd\u0131\u011f\u0131m an\u0131 \u00e7ok iyi hat\u0131rl\u0131yorum. Asl\u0131nda uzun bir s\u00fcre single yapmayacakt\u0131m, fakat \u201cAffet\u201d beni \u00e7ok heyecanland\u0131rd\u0131. Daha fazla dayanamad\u0131m, Daniel ile de biraraya gelince de, bir bakt\u0131m bir ka\u00e7 hafta i\u00e7erisinde b\u00fct\u00fcn proje bitmi\u015fti.&nbsp;<\/p>\n\n\n<p><iframe loading=\"lazy\" width=\"560\" height=\"315\" src=\"https:\/\/www.youtube.com\/embed\/Vq-_7XLTJzc\" frameborder=\"0\" allow=\"accelerometer; autoplay; encrypted-media; gyroscope; picture-in-picture\" allowfullscreen=\"\"><\/iframe><\/p>\n\n\n<p><strong>*T\u00fcm g\u00f6rsellerinde sade ve \u015f\u0131k bir stil hakim. Foto\u011fraflar\u0131n ve videolar\u0131n i\u00e7in kimlerle \u00e7al\u0131\u015f\u0131yorsun? Yapt\u0131\u011f\u0131n m\u00fczikle stilini nas\u0131l ili\u015fkilendiriyorsun?<\/strong><\/p>\n\n\n\n<p>G\u00f6rsellerim konusunda \u00e7ok \u015fansl\u0131y\u0131m \u00e7\u00fcnk\u00fc T\u00fcrkiye\u2019nin en iyi foto\u011fraf\u00e7\u0131lar\u0131ndan biri olan Emre \u00dcnal benim \u00e7ok yak\u0131n\u0131m, dostum. Ayn\u0131 zamanda kreatif alandaki d\u00fc\u015f\u00fcncelerine her zaman \u00e7ok g\u00fcvendi\u011fim Sezer Ar\u0131c\u0131 da \u00e7ok yak\u0131n arkada\u015f\u0131m. Bu isimler en ba\u015f\u0131ndan beri beni bu konuda \u00e7ok iyi y\u00f6nlendirdiler. G\u00f6rsellerimdeki sadeli\u011fi gitgide m\u00fczi\u011fimde de yakalayaca\u011f\u0131ma inan\u0131yorum. Son videomda Melih Kun\u2019la \u00e7al\u0131\u015ft\u0131k. Ondan \u00f6nce Ali Ata Akel, Can Fak\u0131o\u011flu ve alman y\u00f6netmen Tim K\u00fcster ile \u00e7al\u0131\u015fm\u0131\u015ft\u0131m. Hepsi \u00e7ok g\u00fczel deneyimlerdi.&nbsp;<\/p>\n\n\n\n<p><strong>*M\u00fczik d\u0131\u015f\u0131ndaki vakitlerde nelerle u\u011fra\u015f\u0131yorsun? Bir g\u00fcn i\u00e7inde nelere y\u00fckseliyor, nelere d\u00fc\u015f\u00fcyorsun?<\/strong><\/p>\n\n\n\n<p>Ya\u015fam ko\u00e7uyum ayn\u0131 zamanda. NIG\u00ae\ufe0f ad\u0131nda \u00e7ok ba\u015far\u0131l\u0131 bir k\u0131sa zamanl\u0131 terapi metodunu T\u00fcrkiye\u2019de ilk uygulayan bir ka\u00e7 insandan biriyim. E\u011fitimlerini Almanya\u2019da ve \u0130stanbul\u2019da ald\u0131\u011f\u0131m bu metod, aile dizimi, sanat terapisi ve NLP yi bar\u0131nd\u0131ran m\u00fcthi\u015f bir teknik. \u00d6zellikle sanat\u00e7\u0131larla yapt\u0131\u011f\u0131m \u00e7al\u0131\u015fmalarda \u00e7ok h\u0131zl\u0131 ve g\u00fczel sonu\u00e7lar al\u0131yoruz. M\u00fczikten kalan zamanlarda en \u00e7ok NIG\u00ae\ufe0f vaktimi al\u0131yor.&nbsp;<\/p>\n\n\n<p><iframe loading=\"lazy\" width=\"560\" height=\"315\" src=\"https:\/\/www.youtube.com\/embed\/lnQNxtsyUDI\" frameborder=\"0\" allow=\"accelerometer; autoplay; encrypted-media; gyroscope; picture-in-picture\" allowfullscreen=\"\"><\/iframe><\/p>\n\n\n<p><strong>*Pop m\u00fczik piyasas\u0131n\u0131n bug\u00fcn\u00fc seni mutlu ediyor mu (ya da herhangi bir d\u00f6nemi)?&nbsp;<\/strong><\/p>\n\n\n\n<p>D\u00f6n\u00fcp d\u00f6n\u00fcp eski \u015fark\u0131lar\u0131 dinliyorum. Bug\u00fcn yap\u0131lan t\u00fcrk\u00e7e pop beni \u00e7ok kar\u015f\u0131lam\u0131yor. 90lar ve 2000 ler de bize bir \u00f6m\u00fcr yetecek kadar iyi \u015fark\u0131lar yap\u0131ld\u0131 allahtan.&nbsp;<\/p>\n\n\n\n<p><strong>*\u0130stedi\u011fin platformda hayalindeki m\u00fczi\u011fi ger\u00e7ekle\u015ftiriyor gibi hissediyor musun?<\/strong><\/p>\n\n\n\n<p>Hen\u00fcz de\u011fil. Ama bu benim kendi yolculu\u011fumla da alakal\u0131. Her g\u00fcn biraz daha yakla\u015ft\u0131\u011f\u0131m\u0131 hissediyorum oraya.&nbsp;<\/p>\n\n\n<p><iframe loading=\"lazy\" width=\"560\" height=\"315\" src=\"https:\/\/www.youtube.com\/embed\/iNAicLjIgzY\" frameborder=\"0\" allow=\"accelerometer; autoplay; encrypted-media; gyroscope; picture-in-picture\" allowfullscreen=\"\"><\/iframe><\/p>\n\n\n<p><strong>*Yak\u0131n gelecekte neler yapacaks\u0131n? Yeni \u015fark\u0131, ilk alb\u00fcm, sahne \u00e7al\u0131\u015fmalar\u0131\u2026?<\/strong><\/p>\n\n\n\n<p>Sahne \u00e7al\u0131\u015fmalar\u0131 devam ediyor. Onlar\u0131n artmas\u0131 ve daha fazla insanla \u015fark\u0131lar\u0131 payla\u015fmak bu i\u015fin herhalde en g\u00fczel yan\u0131. Yeni \u015fark\u0131 yok art\u0131k. Alb\u00fcm zaman\u0131 geldi!&nbsp;<\/p>\n\n\n\n<p><strong>* T\u00fcrkiye\u2019de LGBTI+ hareketinin gidi\u015fat\u0131, kat etti\u011fi yolla ilgili ne d\u00fc\u015f\u00fcn\u00fcyorsun? Kendi sekt\u00f6r\u00fcndeki homofobi ve cinsiyet\u00e7ilikle ilgili \u00f6zele\u015ftiri yapabilir misin?<\/strong><\/p>\n\n\n\n<p>Bunca bask\u0131 ve k\u0131s\u0131tlanmaya ra\u011fmen son y\u0131llarda yine de \u00e7ok yol al\u0131nd\u0131\u011f\u0131n\u0131 d\u00fc\u015f\u00fcn\u00fcyorum. Burada kan\u0131mca en \u00f6nemli olan nokta, zaten az\u0131nl\u0131k olan ve d\u0131\u015flanan bir grubun kendi i\u00e7erisinde daha fazla bar\u0131\u015f ve ho\u015fg\u00f6r\u00fc odakl\u0131 olabilmesidir. \u0130\u00e7erideki bar\u0131\u015f, d\u0131\u015far\u0131ya da yans\u0131yacakt\u0131r. Sekt\u00f6r\u00fcm\u00fcz rengarenk. \u0130yi ki.\u00a0<\/p>\n\n\n\n<p><br><\/p>\n\n\n\n<figure class=\"wp-block-image\"><img decoding=\"async\" src=\"https:\/\/i.postimg.cc\/0QjvvGRh\/Go-rkem-Sengel07.jpg\" alt=\"\"\/><\/figure>\n\n\n","protected":false},"excerpt":{"rendered":"<p>*Nas\u0131l bir \u00e7ocuktun ile ba\u015flayal\u0131m\u2026 Bug\u00fcn \u015fark\u0131lar yaz\u0131p s\u00f6yleyece\u011fin o g\u00fcnlerden belli miydi? Bu soruyu duydu\u011fumda g\u00f6z\u00fcm\u00fcn \u00f6n\u00fcne gelen bir sahne oldu. 5-6 ya\u015flar\u0131ndayken bizim apartman\u0131n \u00e7at\u0131 kat\u0131nda sar\u0131 g\u00f6mle\u011fimle verdi\u011fim bir playback show \ud83d\ude42 \u00e7ok k\u00fc\u00e7\u00fck ya\u015ftan itibaren ilgiliydim m\u00fczikle, pe\u015fimi b\u0131rakmayaca\u011f\u0131 belliydi \ud83d\ude42&nbsp; *Kimleri dinleyerek b\u00fcy\u00fcd\u00fcn? \u0130dollerin var m\u0131yd\u0131? Ya da \u015fark\u0131c\u0131 olmanda &hellip;<\/p>\n","protected":false},"author":1,"featured_media":46906,"comment_status":"closed","ping_status":"open","sticky":false,"template":"","format":"standard","meta":{"footnotes":""},"categories":[1777,7515,39,28],"tags":[1588],"class_list":["post-46905","post","type-post","status-publish","format-standard","has-post-thumbnail","","category-bu-ay-gzone-dergide","category-mayis-2019","category-muzik","category-pop","tag-mert-bell"],"_links":{"self":[{"href":"http:\/\/www.gzone.com.tr\/index.php\/wp-json\/wp\/v2\/posts\/46905","targetHints":{"allow":["GET"]}}],"collection":[{"href":"http:\/\/www.gzone.com.tr\/index.php\/wp-json\/wp\/v2\/posts"}],"about":[{"href":"http:\/\/www.gzone.com.tr\/index.php\/wp-json\/wp\/v2\/types\/post"}],"author":[{"embeddable":true,"href":"http:\/\/www.gzone.com.tr\/index.php\/wp-json\/wp\/v2\/users\/1"}],"replies":[{"embeddable":true,"href":"http:\/\/www.gzone.com.tr\/index.php\/wp-json\/wp\/v2\/comments?post=46905"}],"version-history":[{"count":1,"href":"http:\/\/www.gzone.com.tr\/index.php\/wp-json\/wp\/v2\/posts\/46905\/revisions"}],"predecessor-version":[{"id":46909,"href":"http:\/\/www.gzone.com.tr\/index.php\/wp-json\/wp\/v2\/posts\/46905\/revisions\/46909"}],"wp:featuredmedia":[{"embeddable":true,"href":"http:\/\/www.gzone.com.tr\/index.php\/wp-json\/wp\/v2\/media\/46906"}],"wp:attachment":[{"href":"http:\/\/www.gzone.com.tr\/index.php\/wp-json\/wp\/v2\/media?parent=46905"}],"wp:term":[{"taxonomy":"category","embeddable":true,"href":"http:\/\/www.gzone.com.tr\/index.php\/wp-json\/wp\/v2\/categories?post=46905"},{"taxonomy":"post_tag","embeddable":true,"href":"http:\/\/www.gzone.com.tr\/index.php\/wp-json\/wp\/v2\/tags?post=46905"}],"curies":[{"name":"wp","href":"https:\/\/api.w.org\/{rel}","templated":true}]}}