{"id":46818,"date":"2019-04-12T11:45:26","date_gmt":"2019-04-12T08:45:26","guid":{"rendered":"http:\/\/gzone.com.tr\/?p=46818"},"modified":"2019-04-12T11:45:28","modified_gmt":"2019-04-12T08:45:28","slug":"mert-bell-yazdi-izelin-donusu-mert-demirin-yukselisi-ve-digerleri","status":"publish","type":"post","link":"http:\/\/www.gzone.com.tr\/index.php\/2019\/04\/12\/mert-bell-yazdi-izelin-donusu-mert-demirin-yukselisi-ve-digerleri\/","title":{"rendered":"MERT BELL YAZDI: \u0130ZEL\u2019\u0130N D\u00d6N\u00dc\u015e\u00dc, MERT DEM\u0130R\u2019\u0130N Y\u00dcKSEL\u0130\u015e\u0130 VE D\u0130\u011eERLER\u0130"},"content":{"rendered":"\n<p>Pop m\u00fczik tarihinin en anla\u015f\u0131lmam\u0131\u015f\/yanl\u0131\u015f anla\u015f\u0131lm\u0131\u015f alb\u00fcmlerinden birini (\u201cA\u015fk En B\u00fcy\u00fckt\u00fcr Her Zaman\u201d) yapt\u0131ktan 7 y\u0131l sonra biricik \u0130zel\u2019imiz yeni alb\u00fcm\u00fc \u201cKendili\u011finden Olmal\u0131\u201d ile kar\u015f\u0131m\u0131zda.&nbsp;<\/p>\n\n\n\n<p>\u00c7elik ve Ercan\u2019la birlikte olan d\u00f6nemini de sayarsak yakla\u015f\u0131k 30 senelik bir kariyer \u0130zel\u2019inki ve \u00f6ncelikle sesini bal gibi korudu\u011funu ve hatta sesinin baldan tatl\u0131 oldu\u011funu s\u00f6ylemek gerek. Ne kadar iyi bir yorumcu oldu\u011fu ger\u00e7e\u011fini de hesaba katarak \u00e7ok k\u00f6t\u00fc bir \u015fark\u0131y\u0131 bile dinlenebilir yapabilece\u011fini biliyoruz.<\/p>\n\n\n\n<figure class=\"wp-block-embed-spotify wp-block-embed is-type-rich is-provider-spotify wp-embed-aspect-9-16 wp-has-aspect-ratio\"><div class=\"wp-block-embed__wrapper\">\n<iframe title=\"Spotify Embed: Kendili\u011finden Olmal\u0131\" style=\"border-radius: 12px\" width=\"100%\" height=\"352\" frameborder=\"0\" allowfullscreen allow=\"autoplay; clipboard-write; encrypted-media; fullscreen; picture-in-picture\" loading=\"lazy\" src=\"https:\/\/open.spotify.com\/embed\/album\/57NJUnzkeeA05nvYAKucbM?utm_source=oembed\"><\/iframe>\n<\/div><\/figure>\n\n\n\n<p>\u201cKendili\u011finden Olmal\u0131\u201d \u015fark\u0131c\u0131n\u0131n kariyeri boyunca zirveyi beraber g\u00f6rd\u00fc\u011f\u00fc hemen her ismin ziyaret etti\u011fi bir alb\u00fcm, \u00fcstelik yeni besteci ve aranj\u00f6rlere de \u00e7ok\u00e7a \u015fans verilmi\u015f. Anlayaca\u011f\u0131n\u0131z gibi, alb\u00fcmde \u00e7ok\u00e7a isim ve ortakl\u0131k var. Ancak bu ortakl\u0131klardan bir k\u0131sm\u0131 ba\u015far\u0131l\u0131 olurken, bir k\u0131sm\u0131nda i\u015fler pek yolunda gitmemi\u015f.<\/p>\n\n\n\n<p>\u00d6ncelikle iyi olmayanlar\u0131 aradan \u00e7\u0131kartmak istiyorum; alb\u00fcm\u00fcn en bariz hareketlileri \u201cDaha Ne Kadar\u201d ve \u201cBi Bitmediniz\u201di sevemedim, \u201cYok Yere\u201d ya da \u201cBir Dilek Tut Benim \u0130\u00e7in\u201di s\u00f6ylemi\u015f olan \u0130zel bu iki \u015fark\u0131dan \u00e7ok daha iyilerini hak ediyor. Alen Konako\u011flu\u2019nun d\u00fczenledi\u011fi iki \u015fark\u0131; Alper Narman ve Onurr ortakl\u0131\u011f\u0131 \u201cFersah\u201d ve Emrah Altun imzal\u0131 \u201cEfendi Gibi\u201d de hafif\u00e7e rockla\u015ft\u0131r\u0131lm\u0131\u015f arabesk-pop halleriyle bana yavan geldiler.<\/p>\n\n\n\n<p>\u0130zel\u2019e yak\u0131\u015fmayan tek tarz acaba bu arabesk-rock m\u0131 diye d\u00fc\u015f\u00fcn\u00fcrken \u00c7elik\u2019in elinden \u00e7\u0131kma (ve Funda Arar\u2019\u0131 hayli k\u0131skand\u0131racak) melodramatik \u201cB\u0131rak\u0131n\u201d\u0131 dinledim ve&nbsp; fikrim de\u011fi\u015fti. Bu \u015fark\u0131 hem \u00e7ok iyi d\u00fczenlenmi\u015f hem de \u0130zel\u2019in alb\u00fcmdeki en sa\u011flam vokal performanslar\u0131ndan birine sahip. \u00c7elik\u2019in Ercan Saat\u00e7i \u2013 Sezen Aksu ortakl\u0131\u011f\u0131ndan (alb\u00fcm\u00fcn isim \u015fark\u0131s\u0131) daha iyi i\u015f \u00e7\u0131karaca\u011f\u0131na d\u00fcnyada inanmazd\u0131m ama buyrun bakal\u0131m, oldu i\u015fte.<\/p>\n\n\n\n<p>Meral Turan ve Birkan \u015eener ortakl\u0131\u011f\u0131ndan \u00e7\u0131kan 2 \u015fark\u0131; \u00e7\u0131k\u0131\u015f i\u00e7in se\u00e7ilen \u201cBizim A\u011fa\u00e7\u201d ve a\u00e7\u0131l\u0131\u015f\u0131 yapan \u201cSa\u00e7mal\u0131k\u201d gayet iyiler ve \u0130zel\u2019e \u00e7ok yak\u0131\u015fm\u0131\u015flar. \u0130ki \u015fark\u0131n\u0131n aranj\u00f6rleri de (Serdar Ayy\u0131ld\u0131z ve G\u00f6k\u00e7er Turan) 90\u2019lar popuna g\u00f6z k\u0131rpan temiz i\u015fler ortaya \u00e7\u0131karm\u0131\u015flar. \u00d6zellikle Turan \u201cSa\u00e7mal\u0131k\u201d\u0131 \u015fark\u0131 boyunca ama bilhassa finalinde \u201cA\u015fk En B\u00fcy\u00fckt\u00fcr Her Zaman\u201d iklimine ta\u015f\u0131may\u0131 ba\u015farm\u0131\u015f.<\/p>\n\n\n\n<p>Sinan Ak\u00e7\u0131l\u2019\u0131n ikinci bir \u201cGurur\u201d olabilecek \u201cYerine Sevemiyorum\u201du da g\u00fc\u00e7l\u00fc bir \u015fark\u0131 ve zaten \u0130zel\u2019in kendini en kuvvetli hissetti\u011fi \u015fark\u0131lardan oldu\u011fu i\u00e7in muhtemelen kliplenecektir. Ard\u0131ndan gelen iki cover; Mustafa Sandal\u2019\u0131n \u201cBug\u00fcn Erkenden\u201di (orijinali \u201cDevam\u0131 Var\u201d) ve Mehmet G\u00fcreli\u2019nin \u201cKimse Bilmez\u201di alb\u00fcm\u00fc arabesk sular\u0131ndan uzakla\u015ft\u0131rarak dingin bir moda sokuyor. \u201cKimse Bilmaz\u201din g\u00fcn\u00fcn birinde hareketlendirilmi\u015f bir versiyonu yap\u0131laca\u011f\u0131 kesindi, bunu yapan\u0131n \u0130zel olmas\u0131 beni mutlu etti a\u00e7\u0131k\u00e7as\u0131.<\/p>\n\n\n\n<p>Herhangi bir latin-pop \u015fark\u0131s\u0131 gibi ba\u015flay\u0131p \u015fahane s\u00f6zleri ve \u0130zel\u2019in kontroll\u00fc yorumuyla alb\u00fcm\u00fcn en iyisine d\u00f6n\u00fc\u015fen Alper Narman \u2013 Onurr imzal\u0131 \u201cYas M\u00fch\u00fcr\u00fcmd\u00fcr\u201d ise finale do\u011fru geliyor ve alb\u00fcm\u00fcn notunu y\u00fckseltiyor.<\/p>\n\n\n\n<p>Kapak foto\u011fraf\u0131nda \u0130zel\u2019in ifadesinin ele verdi\u011fi gibi bu \u00e7ok\u00e7a h\u00fcz\u00fcnl\u00fc bir alb\u00fcm (en az\u0131ndan en \u00e7ok iz b\u0131rakan \u015fark\u0131lar\u0131 h\u00fcz\u00fcnl\u00fc olanlar). Ben i\u00e7inde \u0130zel\u2019in ortal\u0131kta pek g\u00f6r\u00fcnmedi\u011fi bu 7 y\u0131lda ya\u015fad\u0131klar\u0131na dair daha fazla \u015fey bulmak isterdim ama yine de y\u00fcz\u00fcn\u00fc asacak bir \u015fey yok \u0130zel\u2019ci\u011fim, kendili\u011finden olan bu ise bizim de kabul\u00fcm\u00fczd\u00fcr. Sen birici\u011fimizsin.<\/p>\n\n\n\n<figure class=\"wp-block-embed-spotify wp-block-embed is-type-rich is-provider-spotify wp-embed-aspect-9-16 wp-has-aspect-ratio\"><div class=\"wp-block-embed__wrapper\">\n<iframe title=\"Spotify Embed: Bak Kollar\u0131m Burada\" style=\"border-radius: 12px\" width=\"100%\" height=\"352\" frameborder=\"0\" allowfullscreen allow=\"autoplay; clipboard-write; encrypted-media; fullscreen; picture-in-picture\" loading=\"lazy\" src=\"https:\/\/open.spotify.com\/embed\/album\/5SCci4dAe2rqPejMQePyOy?si=xj45zKXMQ46l67x5JnoP8w&#038;utm_source=oembed\"><\/iframe>\n<\/div><\/figure>\n\n\n\n<p>Y\u0131l\u0131n en iyi alb\u00fcmlerinden biri olmaya aday Mert Demir\u2019in \u201cBak Kollar\u0131m Burada\u201ds\u0131ndan illa bahsetmek gerek. Demir\u2019in alb\u00fcm \u00f6ncesi teklileri \u201cUyan\u201d ve \u201cKarak\u0131\u015f\u201da olan hayranl\u0131\u011f\u0131m\u0131 eski yaz\u0131lar\u0131ma konu etmi\u015ftim; kendisi de tam ondan bekledi\u011fim gibi son derece iddial\u0131, haval\u0131 ve modern bir ilk alb\u00fcme imza atm\u0131\u015f. Kendisinin tarz\u0131n\u0131; bir \u015fekilde t\u00fcrk\u00fclerden ve arabeskten beslenmeyi beceren atmosferik elektronik pop r&amp;b olarak de\u011ferlendirmek m\u00fcmk\u00fcn belki ama bu upuzun betimleme bile alb\u00fcm\u00fcn en iyilerinden ve dosdo\u011fru bir rock \u015fark\u0131s\u0131 olan \u201cUzad\u0131 Yollar\u201d i\u00e7in yetersiz kal\u0131yor \u00f6rne\u011fin.<\/p>\n\n\n\n<p>\u201cBeyaz Giyme\u201d t\u00fcrk\u00fcs\u00fc hari\u00e7 t\u00fcm s\u00f6z ve m\u00fcziklerin Demir\u2019e ait oldu\u011fu alb\u00fcmde Disclosure\u2019\u0131 k\u0131skand\u0131racak seksilikte disko ritimleri de (favorim \u201cB\u0131rak Beni\u201d) var, \u015fark\u0131ya bir anda dahil olu\u015fuyla \u2018wtf?\u2019 hissi yaratan ba\u011flama da (a\u00e7\u0131l\u0131\u015f\u0131 yapan \u201cHer Yan\u0131m Kar\u201d). Ancak t\u00fcm bu enstr\u00fcman ve d\u00fczenleme tercihlerinin rastgele olmad\u0131\u011f\u0131, \u00fczerinde \u00e7ok\u00e7a d\u00fc\u015f\u00fcn\u00fcld\u00fc\u011f\u00fc belli. Arabesk ve r&amp;b\u2019nin daha kolay fl\u00f6rt eden t\u00fcrler oldu\u011funu biliyoruz ama \u00f6zellikle \u201cKarak\u0131\u015f\u201d ve \u201cY\u0131lanlarla\u201dda son derece incelikle kullan\u0131lan yayl\u0131, ud ve kanun tercihi i\u00e7in Demir\u2019I ve t\u00fcm ekibini alk\u0131\u015flamak gerek.<\/p>\n\n\n\n<p>Yine de kafan\u0131z\u0131 \u00e7ok kar\u0131\u015ft\u0131rmak istemem (belki de isterim), t\u00fcm yerli entr\u00fcmanlara ra\u011fmen hemen hemen t\u00fcm \u015fark\u0131lar dream-pop sular\u0131na u\u011framadan bitmiyor. Sevdice\u011fine l\u00fcks\u00fc de\u011fil ama kollar\u0131 aras\u0131nda bir \u00e7ad\u0131r romantizmi vaat etti\u011fi isim \u015fark\u0131s\u0131 ile kaybetti\u011fi sevgilisinin pe\u015fine d\u00fc\u015f\u00fcp stalkerla\u015ft\u0131\u011f\u0131 \u201cEcem\u201d sound olarak daha az s\u00fcrprizli \u015fark\u0131lar ama s\u00f6zleri farkl\u0131 ve dikkat \u00e7ekici.<\/p>\n\n\n\n<p>Demir\u2019in m\u00fczi\u011fini olu\u015fturan t\u00fcm \u00f6\u011felerin en rahat bir araya geldi\u011fi \u015fark\u0131 olan \u201cSadece\u201d ise bir di\u011fer favorim oldu. Demir\u2019in sevdi\u011fi ve etkilendi\u011fi bir \u00e7ok t\u00fcr var belli ki ama yaratt\u0131\u011f\u0131 sentez (t\u00fcm d\u00fczenlemelerde de ismi var) ve vokali tamamen kendisine \u00f6zg\u00fcn ve bu pop m\u00fczikte her g\u00fcn ba\u015f\u0131m\u0131za gelen bir \u015fey de\u011fil. Bu nedenle Mert Demir\u2019e kollar\u0131m\u0131z a\u00e7\u0131k ve burada.<\/p>\n\n\n\n<figure class=\"wp-block-embed-spotify wp-block-embed is-type-rich is-provider-spotify wp-embed-aspect-9-16 wp-has-aspect-ratio\"><div class=\"wp-block-embed__wrapper\">\n<iframe title=\"Spotify Embed: Katakulli\" style=\"border-radius: 12px\" width=\"100%\" height=\"352\" frameborder=\"0\" allowfullscreen allow=\"autoplay; clipboard-write; encrypted-media; fullscreen; picture-in-picture\" loading=\"lazy\" src=\"https:\/\/open.spotify.com\/embed\/album\/2AAhrVfyfQaiioyObOysAp?si=SYJbtWcKQIuSJanB3zw6iQ&#038;utm_source=oembed\"><\/iframe>\n<\/div><\/figure>\n\n\n\n<p>Ay\u015fe Hatun \u00d6nal\u2019\u0131n yeni \u015fark\u0131s\u0131 \u201cKatakulli\u201dye bay\u0131lmak isterdim ama olmad\u0131 maalesef. Mabel Matiz\u2019in yazd\u0131\u011f\u0131 \u015fark\u0131da hi\u00e7 bir problem yok (ve kabul edelim ki herkes \u201cb\u00f6yle bir y\u0131lan daha g\u00f6rmedim\u201d c\u00fcmlesini seslendirmek ister) ama \u00d6nal\u2019\u0131n \u015fark\u0131daki tonu kula\u011f\u0131ma hatal\u0131 (hatta yer yer bo\u011fuluyor gibi) geldi. Aranj\u00f6r Sabi Saltiel ve Matiz\u2019in kalabal\u0131k buldu\u011fum aranjesi de i\u015fimi kolayla\u015ft\u0131rmad\u0131. \u0130kilinin aranjeleri, Matiz\u2019in alb\u00fcm\u00fcnde beni hi\u00e7 yormazken bu disko \u015fark\u0131s\u0131nda kula\u011f\u0131m\u0131 t\u0131rmalad\u0131.<\/p>\n\n\n\n<figure class=\"wp-block-embed-spotify wp-block-embed is-type-rich is-provider-spotify wp-embed-aspect-9-16 wp-has-aspect-ratio\"><div class=\"wp-block-embed__wrapper\">\n<iframe title=\"Spotify Embed: Hayvan\" style=\"border-radius: 12px\" width=\"100%\" height=\"352\" frameborder=\"0\" allowfullscreen allow=\"autoplay; clipboard-write; encrypted-media; fullscreen; picture-in-picture\" loading=\"lazy\" src=\"https:\/\/open.spotify.com\/embed\/album\/72Rh6Vkio34Bkii8YPaUtj?si=y-Nh1remSRODSaEknMFzmg&#038;utm_source=oembed\"><\/iframe>\n<\/div><\/figure>\n\n\n\n<p>Ziynet Sali\u2019nin gereksiz Ferdi Tayfur cover\u0131 \u201cBana Da S\u00f6yle\u201d ve Deeperise\u2019\u0131n Fikri Karayel ile ortakl\u0131\u011f\u0131 \u201cYa\u011fmur\u201du bir kezden fazla dinleyesim gelmezken Bed\u00fck\u2019\u00fc \u201cOverload\u201d alb\u00fcm\u00fcn\u00fcn y\u00fcksek enerjisine d\u00f6nd\u00fcren yeni teklisi \u201cHayvan\u201d\u0131 sevdim.<\/p>\n\n\n\n<figure class=\"wp-block-embed-spotify wp-block-embed is-type-rich is-provider-spotify wp-embed-aspect-9-16 wp-has-aspect-ratio\"><div class=\"wp-block-embed__wrapper\">\n<iframe title=\"Spotify Embed: Ac\u0131\" style=\"border-radius: 12px\" width=\"100%\" height=\"352\" frameborder=\"0\" allowfullscreen allow=\"autoplay; clipboard-write; encrypted-media; fullscreen; picture-in-picture\" loading=\"lazy\" src=\"https:\/\/open.spotify.com\/embed\/album\/33FUvw367XssYPX3LcWiFd?si=Qm41kkQQRNyJeaCzYA-fbw&#038;utm_source=oembed\"><\/iframe>\n<\/div><\/figure>\n\n\n\n<p>S\u0131la\u2019n\u0131n par\u00e7a pin\u00e7ik alb\u00fcm yay\u0131nlamas\u0131 fikri enteresan ama ke\u015fke ilk olarak daha g\u00fc\u00e7l\u00fc bir \u015fark\u0131 setiyle \u00e7\u0131ksayd\u0131. Nefis bir enstr\u00fcmantal introyla (\u201cA\u011fr\u0131\u201d) ba\u015flayan bu ilk EP\u2019nin promo \u015fark\u0131s\u0131 \u201cSab\u0131r\u201d\u0131 G\u00fcrsel \u00c7elik\u2019in su gibi akan aranjesiyle S\u0131la i\u00e7in \u2018light\u2019 buldum ve bu de\u011fi\u015fiklik ho\u015fuma gitti a\u00e7\u0131k\u00e7as\u0131. A\u011f\u0131r \u015fark\u0131 \u201cMedet\u201din Sezen Aksu\u2019ya ait bestesine bay\u0131ld\u0131m ama S\u0131la\u2019n\u0131n \u201cmedet umdum \u015fair s\u00f6zden, medet umdum sahir g\u00fcnden\u201d gibi ve benzeri s\u00f6zlerinden g\u0131na geldi san\u0131yorum art\u0131k bana.<\/p>\n\n\n\n<figure class=\"wp-block-embed-spotify wp-block-embed is-type-rich is-provider-spotify wp-embed-aspect-9-16 wp-has-aspect-ratio\"><div class=\"wp-block-embed__wrapper\">\n<iframe title=\"Spotify Embed: D\u00fc\u015f\u00fcne D\u00fc\u015f\u00fcne\" style=\"border-radius: 12px\" width=\"100%\" height=\"352\" frameborder=\"0\" allowfullscreen allow=\"autoplay; clipboard-write; encrypted-media; fullscreen; picture-in-picture\" loading=\"lazy\" src=\"https:\/\/open.spotify.com\/embed\/album\/6SOTEctsXQoTUzkwMwWBg0?si=h-EmTWyYR3iXv18uGDquwQ&#038;utm_source=oembed\"><\/iframe>\n<\/div><\/figure>\n\n\n\n<p>Aynur Ayd\u0131n\u2019\u0131n da biraz daha dikkatli olmas\u0131 gerekiyor. Popun yenilik\u00e7ilerinden olaca\u011f\u0131n\u0131 d\u00fc\u015f\u00fcn\u00fcrken standart pop icrac\u0131s\u0131 olma yolunda ilerliyor. Yeni \u015fark\u0131s\u0131 \u201cD\u00fc\u015f\u00fcne D\u00fc\u015f\u00fcne\u201d k\u00f6t\u00fc de\u011fil ama pek \u015f\u0131k videosunun deste\u011fiyle bile \u201cYan\u0131 Ba\u015f\u0131ma\u201d ve \u201cDi\u011fer Yar\u0131n\u201d\u0131n yorumcusu olan Ayd\u0131n\u2019\u0131n diskografisine ne kataca\u011f\u0131 belirsiz.<\/p>\n\n\n\n<figure class=\"wp-block-embed-spotify wp-block-embed is-type-rich is-provider-spotify wp-embed-aspect-9-16 wp-has-aspect-ratio\"><div class=\"wp-block-embed__wrapper\">\n<iframe title=\"Spotify Embed: Sakla Beni\" style=\"border-radius: 12px\" width=\"100%\" height=\"352\" frameborder=\"0\" allowfullscreen allow=\"autoplay; clipboard-write; encrypted-media; fullscreen; picture-in-picture\" loading=\"lazy\" src=\"https:\/\/open.spotify.com\/embed\/album\/4OvbDj63wW3ci9rbVJECGt?si=ndTex1rMTrmmwMjctSfv-Q&#038;utm_source=oembed\"><\/iframe>\n<\/div><\/figure>\n\n\n\n<p>\u201cYenilik\u00e7i olsun, farkl\u0131 olsun, benim olsun diyorsan\u0131z\u201d size 2 isim \u00f6nerece\u011fim (asl\u0131nda 4). Tel Aviv\u2019li prod\u00fckt\u00f6r Kutiman ve \u015fu s\u0131ralar favori \u015fark\u0131c\u0131m olan Melike \u015eahin\u2019in i\u015fbirli\u011fi \u201cSakla Beni\u201d Tarantino-esk bir retro funk alaturka sentezi ve \u015eahin\u2019in ola\u011fan\u00fcst\u00fc vokalleriyle tad\u0131na doyum olmuyor.\u00a0<\/p>\n\n\n\n<figure class=\"wp-block-embed-spotify wp-block-embed is-type-rich is-provider-spotify wp-embed-aspect-9-16 wp-has-aspect-ratio\"><div class=\"wp-block-embed__wrapper\">\n<iframe title=\"Spotify Embed: Buz Gibiyim\" style=\"border-radius: 12px\" width=\"100%\" height=\"352\" frameborder=\"0\" allowfullscreen allow=\"autoplay; clipboard-write; encrypted-media; fullscreen; picture-in-picture\" loading=\"lazy\" src=\"https:\/\/open.spotify.com\/embed\/album\/1kdoXNIkg3gJ8m6oZw221h?si=zEUQdNskTs61L1ld6EhGrA&#038;utm_source=oembed\"><\/iframe>\n<\/div><\/figure>\n\n\n\n<p>Drag queen Ceytengri ve prod\u00fckt\u00f6r Jtamul ortakl\u0131\u011f\u0131 \u201cBuz Gibiyim\u201d ise m\u00fczik tarihimiz a\u00e7\u0131s\u0131ndan \u00f6nemli bir olay. Yurtd\u0131\u015f\u0131ndan bolca \u00f6rne\u011fini bildi\u011fimiz ve \u00e7o\u011fu parodi i\u015fler olan \u015fark\u0131lar\u0131n aksine \u201cBuz Gibiyim\u201d Ceytengri\u2019nin kendi yazd\u0131\u011f\u0131 s\u00f6zleri ya\u015fatmas\u0131yla i\u00e7inizi so\u011futup Jtamul\u2019un delici baslar\u0131yla so\u011fuk terler d\u00f6kmenize neden olacak spoken word bir club \u015fark\u0131s\u0131. Derhal ituneslay\u0131n\u0131z, spotifylay\u0131n\u0131z.<\/p>\n","protected":false},"excerpt":{"rendered":"<p>Pop m\u00fczik tarihinin en anla\u015f\u0131lmam\u0131\u015f\/yanl\u0131\u015f anla\u015f\u0131lm\u0131\u015f alb\u00fcmlerinden birini (\u201cA\u015fk En B\u00fcy\u00fckt\u00fcr Her Zaman\u201d) yapt\u0131ktan 7 y\u0131l sonra biricik \u0130zel\u2019imiz yeni alb\u00fcm\u00fc \u201cKendili\u011finden Olmal\u0131\u201d ile kar\u015f\u0131m\u0131zda.&nbsp; \u00c7elik ve Ercan\u2019la birlikte olan d\u00f6nemini de sayarsak yakla\u015f\u0131k 30 senelik bir kariyer \u0130zel\u2019inki ve \u00f6ncelikle sesini bal gibi korudu\u011funu ve hatta sesinin baldan tatl\u0131 oldu\u011funu s\u00f6ylemek gerek. Ne kadar &hellip;<\/p>\n","protected":false},"author":1,"featured_media":46819,"comment_status":"closed","ping_status":"open","sticky":false,"template":"","format":"standard","meta":{"footnotes":""},"categories":[3804,6853,39,28],"tags":[],"class_list":["post-46818","post","type-post","status-publish","format-standard","has-post-thumbnail","","category-kose-yazilari","category-mert-bell","category-muzik","category-pop"],"_links":{"self":[{"href":"http:\/\/www.gzone.com.tr\/index.php\/wp-json\/wp\/v2\/posts\/46818","targetHints":{"allow":["GET"]}}],"collection":[{"href":"http:\/\/www.gzone.com.tr\/index.php\/wp-json\/wp\/v2\/posts"}],"about":[{"href":"http:\/\/www.gzone.com.tr\/index.php\/wp-json\/wp\/v2\/types\/post"}],"author":[{"embeddable":true,"href":"http:\/\/www.gzone.com.tr\/index.php\/wp-json\/wp\/v2\/users\/1"}],"replies":[{"embeddable":true,"href":"http:\/\/www.gzone.com.tr\/index.php\/wp-json\/wp\/v2\/comments?post=46818"}],"version-history":[{"count":1,"href":"http:\/\/www.gzone.com.tr\/index.php\/wp-json\/wp\/v2\/posts\/46818\/revisions"}],"predecessor-version":[{"id":46820,"href":"http:\/\/www.gzone.com.tr\/index.php\/wp-json\/wp\/v2\/posts\/46818\/revisions\/46820"}],"wp:featuredmedia":[{"embeddable":true,"href":"http:\/\/www.gzone.com.tr\/index.php\/wp-json\/wp\/v2\/media\/46819"}],"wp:attachment":[{"href":"http:\/\/www.gzone.com.tr\/index.php\/wp-json\/wp\/v2\/media?parent=46818"}],"wp:term":[{"taxonomy":"category","embeddable":true,"href":"http:\/\/www.gzone.com.tr\/index.php\/wp-json\/wp\/v2\/categories?post=46818"},{"taxonomy":"post_tag","embeddable":true,"href":"http:\/\/www.gzone.com.tr\/index.php\/wp-json\/wp\/v2\/tags?post=46818"}],"curies":[{"name":"wp","href":"https:\/\/api.w.org\/{rel}","templated":true}]}}