{"id":46522,"date":"2019-02-28T14:17:08","date_gmt":"2019-02-28T11:17:08","guid":{"rendered":"http:\/\/gzone.com.tr\/?p=46522"},"modified":"2019-02-28T14:17:10","modified_gmt":"2019-02-28T11:17:10","slug":"ukrayna-eurovisiona-katilmama-karari-aldi","status":"publish","type":"post","link":"http:\/\/www.gzone.com.tr\/index.php\/2019\/02\/28\/ukrayna-eurovisiona-katilmama-karari-aldi\/","title":{"rendered":"UKRAYNA EUROVISION&#8217;A KATILMAMA KARARI ALDI"},"content":{"rendered":"\n<p>Ukrayna&#8217;da son g\u00fcnlerde Eurovision ile ilgili ya\u015fanan kriz sonras\u0131 konuyla ilgili nihai karar verildi. Ukrayna Kamu Televizyon ve Radyo Kurumu\u2019ndan yap\u0131lan a\u00e7\u0131klamada, Ukrayna&#8217;n\u0131n bu sene d\u00fczenlenecek 64&#8217;\u00fcnc\u00fc Eurovision \u015eark\u0131 Yar\u0131\u015fmas\u0131&#8217;na kat\u0131lmamas\u0131na karar verildi\u011fi belirtildi.<\/p>\n\n\n\n<p>Ger\u00e7ek ad\u0131 Anna Korsun olan \u015fark\u0131c\u0131 Maruv, \u0130srail\u2019in ba\u015fkenti Tel Aviv&#8217;de d\u00fczenlenecek olan 64\u2019\u00fcnc\u00fc Eurovision \u015eark\u0131 Yar\u0131\u015fmas\u0131\u2019nda Ukrayna\u2019y\u0131 \u2018Siren Song\u2019 isimli \u015fark\u0131yla temsil etme hakk\u0131 kazanm\u0131\u015ft\u0131.<\/p>\n\n\n\n<p>Ancak \u015fark\u0131c\u0131, Ukrayna ile aras\u0131nda siyasi gerilim olan Rusya&#8217;da konserlerine hala devam etmesi nedeniyle ele\u015ftirilerin hedefi haline gelmi\u015fti.<\/p>\n\n\n\n<figure class=\"wp-block-image\"><img decoding=\"async\" src=\"https:\/\/cdn1.ntv.com.tr\/gorsel\/sanat\/ukrayna-eurovisiona-katilmama-karari-aldi\/,qlL5gy0RgkCQdxWqXCTIJg.jpg?w=960&amp;mode=max&amp;v=20190228111205320\" alt=\"\"\/><figcaption>MARUV<\/figcaption><\/figure>\n\n\n\n<p>\u00dcnl\u00fc \u015fark\u0131c\u0131 Rusya&#8217;daki t\u00fcm konserlerinden vazge\u00e7meye haz\u0131r oldu\u011funu a\u00e7\u0131klasa da, Ukrayna Kamu Radyo ve Televizyon Kurumu, \u015fark\u0131c\u0131 ile kurallar \u00fczerinde anla\u015fmaya var\u0131lamad\u0131\u011f\u0131 gerek\u00e7esiyle Maruv&#8217;un adayl\u0131\u011f\u0131n\u0131n iptal edildi\u011fini duyurdu.<\/p>\n\n\n\n<p>2014 y\u0131l\u0131ndan bu yana K\u0131r\u0131m&#8217;\u0131 ziyaret etmedi\u011fini s\u00f6yleyen \u015fark\u0131c\u0131, &#8220;Ukrayna yasalar\u0131n\u0131 ihlal etmedim. Eurovision&#8217;a kat\u0131l\u0131m\u0131mla ilgili t\u00fcm masraflar\u0131 da kendim kar\u015f\u0131lamaya haz\u0131r\u0131m&#8221; dedi. Maruv, yar\u0131\u015fmadan adayl\u0131\u011f\u0131n\u0131 \u00e7ekmesi i\u00e7in kendisine bask\u0131 uyguland\u0131\u011f\u0131n\u0131 \u00f6ne s\u00fcrd\u00fc.<\/p>\n\n\n\n<p>\u015eark\u0131c\u0131n\u0131n adayl\u0131\u011f\u0131n\u0131n iptal edilmesinin ard\u0131ndan Ukrayna Kamu Televizyon ve Radyo Kurumu, se\u00e7melerde ikinci ve \u00fc\u00e7\u00fcnc\u00fc olan Freedom Jazz ve Kazka gruplar\u0131na da yar\u0131\u015fmaya kat\u0131lmas\u0131 i\u00e7in teklif g\u00f6t\u00fcrd\u00fc. Ancak her iki grup da bu teklifi geri \u00e7evirdi.<\/p>\n\n\n\n<p>Kurumdan yap\u0131lan a\u00e7\u0131klamada, &#8220;Olu\u015fan bu durumda, kamu yay\u0131nc\u0131l\u0131\u011f\u0131 yasalar\u0131 gere\u011fi, ayr\u0131ca ulusal se\u00e7melerin siyasile\u015fmesi nedeniyle, 2019 Eurovision \u015eark\u0131 Yar\u0131\u015fmas\u0131&#8217;na kat\u0131lmama y\u00f6n\u00fcnde karar al\u0131nd\u0131&#8221; denildi.<\/p>\n\n\n\n<p>Kaynak: NTV<\/p>\n","protected":false},"excerpt":{"rendered":"<p>Ukrayna&#8217;da son g\u00fcnlerde Eurovision ile ilgili ya\u015fanan kriz sonras\u0131 konuyla ilgili nihai karar verildi. Ukrayna Kamu Televizyon ve Radyo Kurumu\u2019ndan yap\u0131lan a\u00e7\u0131klamada, Ukrayna&#8217;n\u0131n bu sene d\u00fczenlenecek 64&#8217;\u00fcnc\u00fc Eurovision \u015eark\u0131 Yar\u0131\u015fmas\u0131&#8217;na kat\u0131lmamas\u0131na karar verildi\u011fi belirtildi. Ger\u00e7ek ad\u0131 Anna Korsun olan \u015fark\u0131c\u0131 Maruv, \u0130srail\u2019in ba\u015fkenti Tel Aviv&#8217;de d\u00fczenlenecek olan 64\u2019\u00fcnc\u00fc Eurovision \u015eark\u0131 Yar\u0131\u015fmas\u0131\u2019nda Ukrayna\u2019y\u0131 \u2018Siren Song\u2019 isimli &hellip;<\/p>\n","protected":false},"author":1,"featured_media":7262,"comment_status":"closed","ping_status":"open","sticky":false,"template":"","format":"standard","meta":{"footnotes":""},"categories":[39,28],"tags":[870],"class_list":["post-46522","post","type-post","status-publish","format-standard","has-post-thumbnail","","category-muzik","category-pop","tag-ukrayna"],"_links":{"self":[{"href":"http:\/\/www.gzone.com.tr\/index.php\/wp-json\/wp\/v2\/posts\/46522","targetHints":{"allow":["GET"]}}],"collection":[{"href":"http:\/\/www.gzone.com.tr\/index.php\/wp-json\/wp\/v2\/posts"}],"about":[{"href":"http:\/\/www.gzone.com.tr\/index.php\/wp-json\/wp\/v2\/types\/post"}],"author":[{"embeddable":true,"href":"http:\/\/www.gzone.com.tr\/index.php\/wp-json\/wp\/v2\/users\/1"}],"replies":[{"embeddable":true,"href":"http:\/\/www.gzone.com.tr\/index.php\/wp-json\/wp\/v2\/comments?post=46522"}],"version-history":[{"count":1,"href":"http:\/\/www.gzone.com.tr\/index.php\/wp-json\/wp\/v2\/posts\/46522\/revisions"}],"predecessor-version":[{"id":46523,"href":"http:\/\/www.gzone.com.tr\/index.php\/wp-json\/wp\/v2\/posts\/46522\/revisions\/46523"}],"wp:featuredmedia":[{"embeddable":true,"href":"http:\/\/www.gzone.com.tr\/index.php\/wp-json\/wp\/v2\/media\/7262"}],"wp:attachment":[{"href":"http:\/\/www.gzone.com.tr\/index.php\/wp-json\/wp\/v2\/media?parent=46522"}],"wp:term":[{"taxonomy":"category","embeddable":true,"href":"http:\/\/www.gzone.com.tr\/index.php\/wp-json\/wp\/v2\/categories?post=46522"},{"taxonomy":"post_tag","embeddable":true,"href":"http:\/\/www.gzone.com.tr\/index.php\/wp-json\/wp\/v2\/tags?post=46522"}],"curies":[{"name":"wp","href":"https:\/\/api.w.org\/{rel}","templated":true}]}}