{"id":46504,"date":"2019-02-24T12:44:40","date_gmt":"2019-02-24T09:44:40","guid":{"rendered":"http:\/\/gzone.com.tr\/?p=46504"},"modified":"2019-02-24T12:44:43","modified_gmt":"2019-02-24T09:44:43","slug":"magrip-ulkelerin-guvenli-ilan-edilmesine-escinsellere-uyguladiklari-zulumler-engel-oluyor","status":"publish","type":"post","link":"http:\/\/www.gzone.com.tr\/index.php\/2019\/02\/24\/magrip-ulkelerin-guvenli-ilan-edilmesine-escinsellere-uyguladiklari-zulumler-engel-oluyor\/","title":{"rendered":"MA\u011eR\u0130P \u00dcLKELER\u0130N &#8220;G\u00dcVENL\u0130&#8221; \u0130LAN ED\u0130LMES\u0130NE E\u015eC\u0130NSELLERE UYGULADIKLARI ZUL\u00dcMLER ENGEL OLUYOR"},"content":{"rendered":"\n<p>\u0130ltica ba\u015fvurular\u0131ndan kaynaklanan y\u00fck\u00fc azaltmaya \u00e7al\u0131\u015fan&nbsp;<a href=\"https:\/\/www.dw.com\/tr\/almanyada-7-bin-e%C5%9Fcinsel-%C3%A7ift-evlendi\/a-45600716\">Almanya<\/a>, baz\u0131 \u00fclkeleri &#8220;g\u00fcvenli \u00fclke&#8221; ilan ederek bu \u00fclke vatanda\u015flar\u0131n\u0131n ba\u015fvurular\u0131n\u0131 istisnai durumlar d\u0131\u015f\u0131nda engellemeyi hedefliyor. Ama\u00e7, g\u00fcvenli olarak s\u0131n\u0131fland\u0131r\u0131lan \u00fclke vatanda\u015flar\u0131n\u0131n ba\u015fvurular\u0131n\u0131 h\u0131zla sonu\u00e7land\u0131r\u0131p bu ki\u015fileri \u00fclkelerine geri g\u00f6nderebilmek. Ma\u011frip \u00fclkeleri olarak bilinen Fas, Tunus ve Cezayir de bu ba\u011flamda g\u00fcvenli olup olmad\u0131\u011f\u0131 y\u0131llard\u0131r tart\u0131\u015f\u0131lan \u00fclkelerden.<\/p>\n\n\n\n<p>Ma\u011frip \u00fclkelerinin g\u00fcvenli ilan edilmesine kar\u015f\u0131 \u00e7\u0131kanlar\u0131n dikkat \u00e7ekti\u011fi \u00f6nemli noktalardan biri e\u015fcinsellere y\u00f6nelik hak ihlalleri. Ocak ay\u0131 ba\u015f\u0131nda Tunus&#8217;ta tecav\u00fcze u\u011fray\u0131p soyuldu\u011fu \u015fikayetiyle polise ba\u015fvuran gen\u00e7 Tunuslu erke\u011fin ba\u015f\u0131na gelenler, bu \u00fclkelerde e\u015fcinsellere y\u00f6nelik yasal ve toplumsal ko\u015fullar\u0131 \u00f6zetler nitelikte.<\/p>\n\n\n\n<p>Karakolda e\u015fcinsellikle su\u00e7lanan gen\u00e7, anal muayenenin ard\u0131ndan g\u00f6zalt\u0131na al\u0131nd\u0131. \u015eubat ay\u0131nda \u00e7\u0131kar\u0131ld\u0131\u011f\u0131 mahkemede ise e\u015fcinsellik su\u00e7undan alt\u0131 ay hapis cezas\u0131na \u00e7arpt\u0131r\u0131ld\u0131. Yarg\u0131\u00e7lar tecav\u00fcze u\u011framad\u0131\u011f\u0131, iki san\u0131kla anla\u015fmal\u0131 olarak cinsel temasta bulundu\u011fu gerek\u00e7esiyle alt\u0131 ay daha ceza verdi. \u0130ki san\u0131k da&nbsp;<a href=\"https:\/\/www.dw.com\/tr\/i%C5%9F-hayat%C4%B1nda-lgbtiler-derhal-terk-edin-buray%C4%B1\/a-46733048\">e\u015fcinsellik<\/a>&nbsp;su\u00e7lamas\u0131yla alt\u0131\u015far, h\u0131rs\u0131zl\u0131k su\u00e7undan da ek olarak iki\u015fer ay hapis cezas\u0131na \u00e7arpt\u0131r\u0131ld\u0131.<\/p>\n\n\n\n<p>Tunus&#8217;ta e\u015fcinsellik su\u00e7 ve \u00fc\u00e7 y\u0131la kadar hapis cezas\u0131yla cezaland\u0131r\u0131labiliyor. Tunuslu LGBT (Lezbiyen, Gay, Biseks\u00fcel, Trans) haklar\u0131 derne\u011fi Shams&#8217;\u0131n ba\u015fkan\u0131 Munir Batur DW&#8217;ye verdi\u011fi deme\u00e7te, Tunuslu gencinkine benzer pek \u00e7ok vaka bulundu\u011funu belirtiyor. E\u015fcinsellerin \u015fantaj, soygun, cinsel taciz ve sald\u0131r\u0131lara maruz kald\u0131klar\u0131na, ancak polise gidemediklerine dikkat \u00e7eken Batur, &#8220;Gidemiyorlar, \u00e7\u00fcnk\u00fc kendileri tutuklanaca\u011f\u0131m diye korkuyorlar&#8221; diyor.<\/p>\n\n\n\n<p>E\u015fcnsellere y\u00f6nelik resmi makamlar\u0131n keyfi uygulamalar\u0131 ve toplumsal \u015fiddet sadece Tunus&#8217;a \u00f6zg\u00fc bir durum de\u011fil. Cezayir&#8217;de t\u0131p \u00f6\u011frenimi g\u00f6ren Assil Belalta \u015eubat ay\u0131 ba\u015f\u0131nda \u00f6\u011frenci yurdundaki odas\u0131nda \u00f6l\u00fc bulundu. LGBT derne\u011fi Alouen&#8217;in verdi\u011fi bilgilere g\u00f6re kimli\u011fi belirlenemeyen iki ki\u015fi Belalta&#8217;n\u0131n bo\u011faz\u0131n\u0131 keserek \u00f6l\u00fcme terketti. Katiller odan\u0131n duvar\u0131na &#8220;Gay&#8221; yaz\u0131p ka\u00e7t\u0131.<\/p>\n\n\n\n<p><strong>&#8220;<\/strong><strong>Almanya inan\u0131l\u0131rl\u0131\u011f\u0131n\u0131 kaybetmemeli<\/strong><strong>&#8220;<\/strong><\/p>\n\n\n\n<p>Almanya&#8217;da Ma\u011frip \u00fclkelerinin g\u00fcvenli \u00fclke olarak s\u0131n\u0131fland\u0131r\u0131lmas\u0131n\u0131 Eyalet Temsilciler Meclisinde bloke eden Ye\u015filler partisi, e\u015fcinsellerin durumuna dikkat \u00e7ekiyor. Partinin m\u00fclteci politikalar\u0131 s\u00f6zc\u00fcs\u00fc Luise Amtsberg, \u00fc\u00e7 Ma\u011frip \u00fclkesinde de e\u015fcinselli\u011fin cezaya tabi oldu\u011funa dikkat \u00e7ekerek &#8220;Bu tabii ki insan haklar\u0131yla ilgili t\u00fcm \u00f6l\u00e7\u00fctlere ayk\u0131r\u0131 ve bu \u00f6l\u00e7\u00fctler Almanya a\u00e7\u0131s\u0131ndan bir \u00fclkenin g\u00fcvenli kabul edilmesinde temel olmal\u0131&#8221; diyor.<\/p>\n\n\n\n<p>Amtsberg DW&#8217;ye verdi\u011fi deme\u00e7te, Almanya&#8217;n\u0131n insan haklar\u0131 politikalar\u0131n\u0131n inan\u0131l\u0131rl\u0131\u011f\u0131n\u0131 kaybetmemesinin \u00f6nemine de dikkat \u00e7ekerek &#8220;\u0130nsan haklar\u0131 bilan\u00e7osu tart\u0131\u015fmal\u0131 \u00fclkeleri g\u00fcvenli diye s\u0131n\u0131fland\u0131r\u0131rsan\u0131z bu \u00fclkelerin h\u00fck\u00fcmetlerini aklam\u0131\u015f olursunuz. Ayn\u0131 zamanda bu alanda iyile\u015ftirmeler i\u00e7in m\u00fccadele veren sivil toplumu yaln\u0131zl\u0131\u011fa terk edersiniz. Sonu\u00e7ta iltican\u0131n nedenlerini ortadan kald\u0131rmak yerine daha da g\u00fc\u00e7lendirmeye katk\u0131da bulunmu\u015f olursunuz&#8221; diyor.<\/p>\n\n\n\n<p>Tunuslu LGBT derne\u011fi Shams&#8217;tan M\u00fcnir Batur, Ma\u011frip \u00fclkelerinde e\u015fcinsellerin hukuki ve toplumsal durumunun iyile\u015ftirilmesi s\u00fcrecinin \u00e7ok yava\u015f ilerledi\u011fini belirterek Tunus Devlet Ba\u015fkan\u0131 Beci Kaid es-Sibsi&#8217;nin daha k\u0131sa s\u00fcre \u00f6nce e\u015fcinselli\u011fin su\u00e7 olmaktan \u00e7\u0131kar\u0131lmas\u0131na kar\u015f\u0131 g\u00f6r\u00fc\u015f bildirdi\u011fini hat\u0131rlat\u0131yor. \u0130slamc\u0131 \u00e7evrelerin bask\u0131s\u0131na da dikkat \u00e7eken Batur, bu \u00e7evrelerin e\u015fcinsellerin hapse at\u0131lmas\u0131ndan yana oldu\u011funu belirtiyor.<\/p>\n\n\n\n<p><strong>Kerstin Knipp\/\u0130smail Azzam<\/strong><\/p>\n\n\n\n<p><strong>\u00a9 Deutsche Welle T\u00fcrk\u00e7e<\/strong><\/p>\n","protected":false},"excerpt":{"rendered":"<p>\u0130ltica ba\u015fvurular\u0131ndan kaynaklanan y\u00fck\u00fc azaltmaya \u00e7al\u0131\u015fan&nbsp;Almanya, baz\u0131 \u00fclkeleri &#8220;g\u00fcvenli \u00fclke&#8221; ilan ederek bu \u00fclke vatanda\u015flar\u0131n\u0131n ba\u015fvurular\u0131n\u0131 istisnai durumlar d\u0131\u015f\u0131nda engellemeyi hedefliyor. Ama\u00e7, g\u00fcvenli olarak s\u0131n\u0131fland\u0131r\u0131lan \u00fclke vatanda\u015flar\u0131n\u0131n ba\u015fvurular\u0131n\u0131 h\u0131zla sonu\u00e7land\u0131r\u0131p bu ki\u015fileri \u00fclkelerine geri g\u00f6nderebilmek. Ma\u011frip \u00fclkeleri olarak bilinen Fas, Tunus ve Cezayir de bu ba\u011flamda g\u00fcvenli olup olmad\u0131\u011f\u0131 y\u0131llard\u0131r tart\u0131\u015f\u0131lan \u00fclkelerden. Ma\u011frip \u00fclkelerinin g\u00fcvenli &hellip;<\/p>\n","protected":false},"author":1,"featured_media":33971,"comment_status":"closed","ping_status":"open","sticky":false,"template":"","format":"standard","meta":{"footnotes":""},"categories":[92,91],"tags":[2618],"class_list":["post-46504","post","type-post","status-publish","format-standard","has-post-thumbnail","","category-dunya","category-haberler","tag-ortadogu"],"_links":{"self":[{"href":"http:\/\/www.gzone.com.tr\/index.php\/wp-json\/wp\/v2\/posts\/46504","targetHints":{"allow":["GET"]}}],"collection":[{"href":"http:\/\/www.gzone.com.tr\/index.php\/wp-json\/wp\/v2\/posts"}],"about":[{"href":"http:\/\/www.gzone.com.tr\/index.php\/wp-json\/wp\/v2\/types\/post"}],"author":[{"embeddable":true,"href":"http:\/\/www.gzone.com.tr\/index.php\/wp-json\/wp\/v2\/users\/1"}],"replies":[{"embeddable":true,"href":"http:\/\/www.gzone.com.tr\/index.php\/wp-json\/wp\/v2\/comments?post=46504"}],"version-history":[{"count":1,"href":"http:\/\/www.gzone.com.tr\/index.php\/wp-json\/wp\/v2\/posts\/46504\/revisions"}],"predecessor-version":[{"id":46505,"href":"http:\/\/www.gzone.com.tr\/index.php\/wp-json\/wp\/v2\/posts\/46504\/revisions\/46505"}],"wp:featuredmedia":[{"embeddable":true,"href":"http:\/\/www.gzone.com.tr\/index.php\/wp-json\/wp\/v2\/media\/33971"}],"wp:attachment":[{"href":"http:\/\/www.gzone.com.tr\/index.php\/wp-json\/wp\/v2\/media?parent=46504"}],"wp:term":[{"taxonomy":"category","embeddable":true,"href":"http:\/\/www.gzone.com.tr\/index.php\/wp-json\/wp\/v2\/categories?post=46504"},{"taxonomy":"post_tag","embeddable":true,"href":"http:\/\/www.gzone.com.tr\/index.php\/wp-json\/wp\/v2\/tags?post=46504"}],"curies":[{"name":"wp","href":"https:\/\/api.w.org\/{rel}","templated":true}]}}