{"id":46317,"date":"2019-01-31T17:57:58","date_gmt":"2019-01-31T14:57:58","guid":{"rendered":"http:\/\/gzone.com.tr\/?p=46317"},"modified":"2019-01-31T17:58:00","modified_gmt":"2019-01-31T14:58:00","slug":"oben-budakla-yeni-kitabi-kral-tv-ve-lgbti-uzerine-konustuk","status":"publish","type":"post","link":"http:\/\/www.gzone.com.tr\/index.php\/2019\/01\/31\/oben-budakla-yeni-kitabi-kral-tv-ve-lgbti-uzerine-konustuk\/","title":{"rendered":"OBEN BUDAK&#8217;LA YEN\u0130 K\u0130TABI, KRAL TV VE LGBT\u0130 \u00dcZER\u0130NE KONU\u015eTUK"},"content":{"rendered":"\n<p>VJ, DJ, Dergici, Yazar, K\u00f6\u015fe Yazar\u0131, \u0130\u015fletmeci ve \u015eark\u0131c\u0131 olarak \u00e7ok y\u00f6nl\u00fc kariyeriyle g\u00fcndemde olan Oben Budak, 11 \u015eubat&#8217;ta raflarda olacak yeni kitab\u0131 &#8220;Ben De Seni Sevmiyorum&#8221; \u00f6ncesindeki ilk r\u00f6portaj\u0131n\u0131 GZone&#8217;a verdi. <\/p>\n\n\n\n<p>R\u00d6PORTAJ: MURAT RENAY<\/p>\n\n\n\n<p>FOTO\u011eRAFLAR: AYTEK\u0130N YAL\u00c7IN<\/p>\n\n\n\n<p>MODA ED\u0130T\u00d6R\u00dc: ALEXANDER KOKO<\/p>\n\n\n\n<p><strong>-\u00c7ok y\u00f6nl\u00fc ve farkl\u0131 alanlarda \u00fcretiminin oldu\u011fu bir kariyerin var. Asl\u0131nda kariyerin demek de itici geliyor, &#8220;hayat\u0131n&#8221; diyelim. Yazar, k\u00f6\u015fe yazar\u0131, DJ, VJ, dergicilik, \u015fark\u0131c\u0131, i\u015fletmeci. Peki sen en \u00e7ok hangi alan\u0131 sevdin ve en \u00e7ok hangi alana verdi\u011fin emeklerin kar\u015f\u0131l\u0131\u011f\u0131n\u0131 alamad\u0131n ya da g\u00fccendin?<\/strong><\/p>\n\n\n\n<p>Ne g\u00fczel bir yakla\u015f\u0131m oldu, hayat\u0131mdaki bu \u00e7e\u015fitlili\u011fi uzun s\u00fcre kimseye a\u00e7\u0131klayamad\u0131m. Birbirinden farkl\u0131 i\u015fler gibi g\u00f6z\u00fckse de asl\u0131nda hepsi de e\u011flence etraf\u0131nda d\u00f6nen i\u015fler. Bir zamanlar \u00fclkemizde gece hayat\u0131 inan\u0131lmaz h\u0131zl\u0131yd\u0131 ve ben de e\u011flence hayat\u0131 yazar\u0131yd\u0131m. Sonra e\u011flenmeyi sevdi\u011fim i\u00e7in partiler d\u00fczenlemeye ba\u015flad\u0131m. M\u00fczi\u011fin hayat\u0131mdaki yeri konservatuvara gidecek kadar b\u00fcy\u00fck bir tutku halinde oldu\u011fundan milletin \u00e7ald\u0131\u011f\u0131 \u015fark\u0131lar yerine kendi se\u00e7imim olan \u015fark\u0131lar\u0131 \u00e7almak istedim ve d\u00fczenledi\u011fim partilerin DJ\u2019li\u011fini de \u00fcstlendim. Sonra o da yetmedi giderek k\u00f6t\u00fcle\u015fen gece hayat\u0131na inat istedi\u011fimiz gibi e\u011flenebilece\u011fimiz mekan a\u00e7al\u0131m dedik. Ama en k\u00f6t\u00fcs\u00fc oydu galiba, orta\u011f\u0131m\u0131z biraz a\u00e7 kalm\u0131\u015f, hepimizin hakk\u0131n\u0131 yedi bitirdi.&nbsp;<\/p>\n\n\n\n<figure class=\"wp-block-image\"><img decoding=\"async\" src=\"https:\/\/i.postimg.cc\/PqpmXNSk\/oben4.jpg\" alt=\"\"\/><\/figure>\n\n\n\n<p style=\"font-size:24px\"><strong><em>&#8220;G\u00fcn\u00fcm\u00fczde insanlar birbirlerinin \u00fczerine basarak stat\u00fc de\u011fi\u015ftirmeyi kariyer olarak adland\u0131r\u0131yor.&#8221;<\/em><\/strong><\/p>\n\n\n\n<p><strong>-Art\u0131k \u00e7o\u011funlukla Atina&#8217;das\u0131n. Asl\u0131nda bildi\u011fimiz sebeplerdir eminiz \ud83d\ude42 ama neden oraya yerle\u015fme karar\u0131 ald\u0131n?<\/strong><\/p>\n\n\n\n<p>Atina\u2019ya gelmeden \u00f6nceki sene fark ettim ki \u0130stanbul\u2019daki hayat\u0131mda insanlardan \u00e7ok hayvanlarla, bitkilerle vakit ge\u00e7irmeye ba\u015flad\u0131m. Yeni ili\u015fkilere ayak uyduram\u0131yorum ben. G\u00fcn\u00fcm\u00fczde insanlar birbirlerinin \u00fczerine basarak stat\u00fc de\u011fi\u015ftirmeyi kariyer olarak adland\u0131r\u0131yor. F\u0131rsat\u0131 olan kar\u015f\u0131ndakinin g\u0131rtla\u011f\u0131n\u0131 s\u0131kacakm\u0131\u015f gibi geliyor. Hal b\u00f6yleyken \u0130stanbul\u2019a biraz ara vermek istedim. Atina, benim hayat\u0131mda, d\u00f6rt mevsim gidilen bir yazl\u0131k gibi. \u0130li\u015fkimiz taze oldu\u011fu i\u00e7in \u015fu an b\u00fcy\u00fck a\u015f\u0131\u011f\u0131m kendisine. Umar\u0131m o da bana kar\u015f\u0131 bo\u015f de\u011fildir.&nbsp;<\/p>\n\n\n\n<p><strong>-G\u00fcndemdeki bir konuya dalal\u0131m. Kral TV&#8217;nin kapanmas\u0131 hakk\u0131nda ne hissediyorsun? Senin zaman\u0131ndaki Kral Tv ile son 10 y\u0131ldaki Kral TV aras\u0131nda b\u00fcy\u00fck farklar var. O zamanki deneyimini ve bu kanal\u0131n son d\u00f6nemlerini de\u011ferlendirmeni istesek?<\/strong><\/p>\n\n\n\n<p>VJ oldu\u011fum d\u00f6nemde Kral tekeldi. O kadar \u00e7ok izleniyorduk ki, reyting s\u0131ralamas\u0131nda ilk 10\u2019a girdi\u011fim g\u00fcnleri bilirim. M\u00fczi\u011fe \u00e7ok \u015fey katt\u0131 ama yeniliklere a\u00e7\u0131k olmamas\u0131 nedeniyle zaman\u0131n gerisinde kald\u0131 tabii ki. O d\u00f6nemki patronlar\u0131n arkada\u015f\u0131ysan \u00f6d\u00fcl al\u0131yordun, klibin daha \u00e7ok \u00e7al\u0131n\u0131yordu falan. Bir keresinde Sezen Aksu t\u00f6rene gelmedi diye \u00f6d\u00fcl\u00fcn\u00fc al\u0131p Yonca Evcimik\u2019e verdiler, d\u00fc\u015f\u00fcnsene sistemin \u00e7arp\u0131kl\u0131\u011f\u0131n\u0131. G\u00fcn\u00fcm\u00fczde hala b\u00f6yle yay\u0131nlar var, arkada\u015f\u0131na \u00f6d\u00fcl verip komik duruma d\u00fc\u015fenler 2019\u2019a gelindi\u011finde de ya\u015f\u0131yor valla, kurtulamad\u0131k.&nbsp;<\/p>\n\n\n\n<p><strong>-M\u00fczik kanallar\u0131 m\u00fczi\u011fi de\u011fil de isimleri destekledi \u00f6yle mi?<\/strong><\/p>\n\n\n\n<p>Tek su\u00e7lu m\u00fczik kanallar\u0131 de\u011fil asl\u0131nda. T\u00fcrkiye\u2019deki m\u00fczik \u015firketlerinin ba\u015f\u0131nda esnaf zihniyetli patronlar bulunmakta. M\u00fczikten anlad\u0131klar\u0131 tek \u015fey; bu satar-bu satmaz! Yeni ama g\u00fczel olan\u0131 ke\u015ffetme gibi bir durumlar\u0131 yok ama t\u0131pk\u0131s\u0131n\u0131n lacivertinden onlarca kopya \u00fcretmeyi iyi biliyorlar. Yenilemiyorlar kendilerini. S\u0131rf kral da de\u011fil, Powert\u00fcrk diye bir televizyon hala var m\u0131 bilmiyorum ama en son rap \u015fark\u0131lar\u0131 \u00e7alm\u0131yordu, ak\u0131llar\u0131n\u0131 yitirmi\u015f olmal\u0131lar. Ezhel, \u015eehin\u015fah yeni nesli ele ge\u00e7irmi\u015fken sen onlara kucak a\u00e7m\u0131yorsan git kendine s\u00fcpermarket a\u00e7, paran\u0131 oradan kazan. M\u00fczik kanal\u0131 dedi\u011fin \u015fey m\u00fczi\u011fe destek vermeli.<\/p>\n\n\n\n<figure class=\"wp-block-image\"><img decoding=\"async\" src=\"https:\/\/i.postimg.cc\/L80tFjBT\/oben2.jpg\" alt=\"\"\/><\/figure>\n\n\n\n<p style=\"font-size:22px\"><strong><em>&#8220;Can\u0131n\u0131n istedi\u011fi gibi davranmak istesen hemen a\u011fz\u0131n\u0131n pay\u0131n\u0131 al\u0131yorsun&#8221;<\/em><\/strong><\/p>\n\n\n\n<p><strong>-Elbette bu soru o d\u00f6nemki ve \u015fimdiki \u00f6zg\u00fcrl\u00fckleri (!) akla getiriyor. Sence o zamandan bu zamana hayat\u0131m\u0131zda ve \u00f6zellikle de ikili ili\u015fkilerde neler de\u011fi\u015fti?<\/strong><\/p>\n\n\n\n<p>\u00d6zg\u00fcrl\u00fck sadece evin i\u00e7inde ya\u015fanabilen bir \u015fey haline geldi. Herkesin koyu giyindi\u011fi bir \u00fclkede sen renkli bir \u015fey giyin, hemen marjinal oluyorsun. Can\u0131n\u0131n istedi\u011fi gibi davranmak istesen a\u011fz\u0131n\u0131n pay\u0131n\u0131 al\u0131yorsun. Tek tip olmam\u0131z istenirken keyfine g\u00f6re ya\u015famak isteyenler hemen yaftalan\u0131yor. Sen \u00f6yle ya\u015fa ben de b\u00f6yle ya\u015fayay\u0131m, ne var bunda? Olmaz, sen de benim istedi\u011fim gibi ya\u015fayacaks\u0131n. Bir s\u00fcr\u00fc raporsuz deliyle birlikte ya\u015f\u0131yoruz, \u00fcstelik say\u0131lar\u0131 o kadar fazla ki \u201c\u00e7o\u011funluk b\u00f6yle istiyor\u201d s\u00f6z\u00fcn\u00fcn arkas\u0131na s\u0131\u011f\u0131nabiliyorlar. \u00c7o\u011funluk \u00f6yle istese ne olacak, futbol tak\u0131m\u0131 de\u011filiz ki biz, hepimiz ayr\u0131 bireyleriz.&nbsp;<\/p>\n\n\n\n<p><strong>-Yeni kitab\u0131na gelelim: Bir kad\u0131n\u0131n a\u011fz\u0131ndan yazm\u0131\u015fs\u0131n hikayeni. Neden bunu tercih ettin?<\/strong><\/p>\n\n\n\n<p>Kahraman\u0131m Defne bir kad\u0131n evet, oturup kendi hayat\u0131m\u0131 yazmad\u0131m. Tabii ki ya\u015fad\u0131\u011f\u0131m maj\u00f6r hikayeleri kitab\u0131ma ald\u0131m ama sadece benim ya\u015fad\u0131\u011f\u0131m hikayeler yok, arkada\u015flar\u0131m\u0131n ba\u015f\u0131na gelenler de var. Kitab\u0131mdaki hikayelerin %80\u2019i ger\u00e7ek! Ortak problemlerimizden bahsediyorum asl\u0131nda. Hepimiz toy d\u00f6nemlerimizde birileri taraf\u0131ndan kand\u0131r\u0131l\u0131yor, kullan\u0131l\u0131yor ve sonras\u0131nda bir kenara at\u0131l\u0131yoruz. Ben de Seni Sevmiyorum\u2019da kolay kand\u0131r\u0131lan birinin kendini ve a\u015fk\u0131 bulma hikayesini anlat\u0131yorum. \u0130nand\u0131r\u0131c\u0131l\u0131k bak\u0131m\u0131ndan karakterin kad\u0131n olmas\u0131 gerekiyordu. Bize g\u00f6re daha naifler, daha \u00e7abuk etkilenebiliyorlar. Bu y\u00fczden Defne \u00fczerinden anlatt\u0131m olay\u0131, bu \u015fekilde komedisi daha fazla oldu. \u00c7evremde o kadar \u00e7ok Defne gibi \u00f6zel hayat\u0131nda haks\u0131zl\u0131\u011fa u\u011frayanlar var ki, kendi ya\u015fad\u0131klar\u0131m\u0131 da ekleyince ilham almak zor olmad\u0131.\u00a0<\/p>\n\n\n\n<figure class=\"wp-block-image\"><img decoding=\"async\" src=\"https:\/\/i.postimg.cc\/GhgrFpxN\/OBEN-COVER-FINAL-01.jpg\" alt=\"\"\/><figcaption>OBEN BUDAK&#8217;tan yeni kitab\u0131 BEN DE SEN\u0130 SEVM\u0130YORUM hakk\u0131nda:  <br><em>Kad\u0131n-erkek, erkek-erkek hi\u00e7 fark etmeksizin nas\u0131l kand\u0131r\u0131ld\u0131\u011f\u0131m\u0131z\u0131 yazd\u0131m. A\u015fk\u0131n form de\u011fi\u015ftirip art\u0131k neredeyse sadece \u00e7\u0131karlar\u0131 do\u011frultusunda birle\u015fen yeni nesili anlatt\u0131m. Bir t\u00fcr ki\u015fisel geli\u015fim kitab\u0131 da denebilir. Bilirsin beni, pozitifimdir, hikayelerimle birilerinin hayat\u0131n\u0131 pozitif etkileyebileceksem -ki bana \u00f6yle geliyor- ne mutlu. Kapa\u011f\u0131m\u0131 Emre Yusufi yapt\u0131. Hayran\u0131 oldu\u011fum sanat\u00e7\u0131n\u0131n kapa\u011f\u0131m\u0131 yapmas\u0131 benim i\u00e7in \u00e7ok \u00f6zel.<\/em><\/figcaption><\/figure>\n\n\n\n<p><strong>-Kitab\u0131n ana karakteri Defne kendisini beraber oldu\u011fu insanlara g\u00f6re tan\u0131mlayan hatta mutlulu\u011funu da onlara endeksleyen biri gibi geldi bize. Peki ya sen, mutlulu\u011funu birlikte oldu\u011fun insanlara g\u00f6re mi tan\u0131mlars\u0131n?<\/strong><\/p>\n\n\n\n<p>Evet, \u00e7ok uzun bir s\u00fcre hayat\u0131 bu kafada ya\u015fad\u0131m. Ekseninde biri olmay\u0131nca ya\u015fad\u0131\u011f\u0131n\u0131 hissedemeyenlerdendim. A\u015fk\u0131 hayat\u0131n merkezine de\u011fil de anca d\u00f6rd\u00fcnc\u00fc ya da be\u015finci s\u0131raya koyman gerekti\u011fini daha yeni \u00f6\u011frendim. Kitab\u0131 da bu y\u00fczden yazd\u0131m asl\u0131nda. Ben yand\u0131m, siz yanmay\u0131n kafas\u0131. \u00d6zellikle hayat\u0131 hakk\u0131nda bocalayanlar\u0131n okuduklar\u0131 zaman \u201cEvet ya, neden \u00f6yle olmas\u0131n ki\u201d sorusunu kendilerine sormalar\u0131n\u0131 arzu ettim. Ben bu olaya biraz ge\u00e7 uyananlardan\u0131m \u00e7\u00fcnk\u00fc.&nbsp;<\/p>\n\n\n\n<figure class=\"wp-block-image\"><img decoding=\"async\" src=\"https:\/\/i.postimg.cc\/cJpfrZzt\/oben3.jpg\" alt=\"\"\/><\/figure>\n\n\n\n<p style=\"font-size:22px\"><strong><em>&#8220;S\u0131rf cinsel y\u00f6nelimleri farkl\u0131 diye su\u00e7suz yere insanlar\u0131n \u00f6ld\u00fcr\u00fcld\u00fc\u011f\u00fc bir \u00fclkede rol yaparak huzur i\u00e7inde ba\u015f\u0131n\u0131 yast\u0131\u011fa koyuyorsan s\u00f6yleyecek s\u00f6z bulamam&#8221;<\/em><\/strong><\/p>\n\n\n\n<p><strong>-Kitab\u0131nda kendisini gizleyen e\u015fcinseller de var. Ger\u00e7ek hayat\u0131m\u0131zda da bu tiplerden \u00e7o\u011funlukla var. Bir hayati tehlikesi olmad\u0131\u011f\u0131 halde cinsel y\u00f6nelimini gizleyenler i\u00e7in ne d\u00fc\u015f\u00fcn\u00fcyorsun?<\/strong><\/p>\n\n\n\n<p>Kendi i\u00e7inde ya\u015fayabilirsin bunda bir problem yok ama benim derdim kendini olmad\u0131\u011f\u0131 biri gibi g\u00f6sterenlerle. E\u015fcinsel olmad\u0131\u011f\u0131 halde -m\u0131\u015f gibi davran\u0131p kendine hayran olanlar\u0131 kullanan bir s\u00fcr\u00fc tip var piyasada. Ayn\u0131 \u015fekilde e\u015fcinsel olup da \u00e7\u0131kar u\u011fruna kad\u0131nlar\u0131 parma\u011f\u0131nda oynatanlar da var. Her ne olursa olsun kar\u015f\u0131ndakini kullanan insan t\u00fcr\u00fcn\u00fc sevmiyorum ben. Kitab\u0131mda bu tip karma\u015f\u0131k ili\u015fkilerden bolca bulunmakta.<\/p>\n\n\n\n<p><strong>-Peki ya \u00fcnl\u00fclerin bir\u00e7ok ki\u015fiye \u00f6rnek olabilecekleri halde kendilerini gizlemelerine ne diyorsun?\u00a0<\/strong><\/p>\n\n\n\n<p>\u00dcnl\u00fc ve sevilen biri olup da cinsel y\u00f6nelimini gizlemeyi anlar\u0131m, sonu\u00e7ta bu bir se\u00e7im. Kimsenin kimseye b\u00f6yle bir bilgiyi a\u00e7\u0131klama zorunlulu\u011fu yok fakat hayat\u0131n\u0131n ger\u00e7e\u011fini sanki k\u00f6t\u00fc bir \u015fey yap\u0131yormu\u015f gibi&nbsp; \u00f6rtmeye \u00e7al\u0131\u015fmay\u0131 zavall\u0131ca buluyorum. Bana g\u00f6re bir\u00e7ok dengeyi de\u011fi\u015ftirecek g\u00fcce sahip olup da susmak ay\u0131p bir \u015fey. S\u0131rf cinsel y\u00f6nelimleri farkl\u0131 diye su\u00e7suz yere insanlar\u0131n \u00f6ld\u00fcr\u00fcld\u00fc\u011f\u00fc bir \u00fclkede rol yaparak huzur i\u00e7inde ba\u015f\u0131n\u0131 yast\u0131\u011fa koyuyorsan s\u00f6yleyecek s\u00f6z bulamam. Hayran kaybederim, para kaybederim diye d\u00fc\u015f\u00fcn\u00fcp hayatlar\u0131n\u0131 ya\u015fam\u0131yorlar, \u00e7ok acayip. Belki bir on sene sonra Caitlyn Jenner gibi ortal\u0131\u011fa sa\u00e7\u0131lan starlar\u0131m\u0131z olur, neden olmas\u0131n.&nbsp;<\/p>\n\n\n\n<p><strong>-Eski T\u00fcrkiye ve Yeni T\u00fcrkiye&#8217;yi d\u00fc\u015f\u00fcn\u00fcrsek, gece hayat\u0131n\u0131 da hesaba katarak &#8220;gay life&#8221;ta sence neler de\u011fi\u015fti?<\/strong><\/p>\n\n\n\n<p>T\u00fcrkiye\u2019de toplum normlar\u0131 her d\u00f6nem bir tak\u0131m engeller koydu gaylerin \u00f6n\u00fcne. Bir noktada eskisi, yenisi yok bunun. Gay olmak her zaman m\u00fccadele gerektirdi. Ancak diyebilirim ki \u015fu an gayler kendilerini ge\u00e7mi\u015fe k\u0131yasla \u00e7ok daha net bi\u00e7imde ortaya koyabiliyorlar. Bir kere daha cesurlar. Eski starlar daha politikti \u015fimdi en az\u0131ndan kendini gizlemeyen isimler var. O d\u00f6nemde i\u015f bulamayan bir\u00e7ok gay yeni a\u00e7\u0131lan sekt\u00f6rlerde para kazanabiliyor. Gay life diyerek asl\u0131nda fark etmeden ayr\u0131mc\u0131l\u0131k yap\u0131l\u0131yor. Hani art\u0131k \u00f6d\u00fcl t\u00f6renlerinde kad\u0131n erkek ayr\u0131m\u0131 yap\u0131lmadan \u00f6d\u00fcller verilmeye ba\u015fland\u0131 ya, bu dalga geli\u015fip gay-straight ayr\u0131mc\u0131l\u0131\u011f\u0131n\u0131 da ortadan kald\u0131racak gibi geliyor bana ama tabii ki bir hayli zaman var. Ayn\u0131 duygular\u0131 hissediyor, a\u015fk\u0131 ayn\u0131 \u015fiddette ya\u015f\u0131yorsan hayatlar\u0131 neden ay\u0131r\u0131yorsun ki?&nbsp;<\/p>\n\n\n\n<figure class=\"wp-block-image\"><img decoding=\"async\" src=\"https:\/\/i.postimg.cc\/d3m2bX4k\/oben1.jpg\" alt=\"\"\/><\/figure>\n\n\n\n<p style=\"font-size:22px\"><strong><em>&#8220;LGBT\u0130 toplulu\u011fu ne kadar haklar\u0131n\u0131 bilir, okur eder, mesle\u011fine d\u00f6rt elle sar\u0131l\u0131rsa o kadar toplumla b\u00fct\u00fcnle\u015fir&#8221;<\/em><\/strong><\/p>\n\n\n\n<p><strong>-LGBT\u0130 toplulu\u011fu daha \u00e7ok \u00f6zg\u00fcrle\u015fmek i\u00e7in sence neler yapmal\u0131?<\/strong><\/p>\n\n\n\n<p>Bana dokunmayan y\u0131lan bin ya\u015fas\u0131n mant\u0131\u011f\u0131ndan kurtulmam\u0131z gerekiyor acilen. Bir taraf rahat rahat hayat\u0131na devam ederken di\u011fer yanda hayat\u0131 kabusa d\u00f6n\u00fc\u015ft\u00fcr\u00fclen bireyler var. Gen\u00e7ler Instagram\u2019dan yaz\u0131yor; ailem beni tedavi ettirmeye \u00e7al\u0131\u015f\u0131yor, ne yapabilirim diye\u2026 Bu durum kar\u015f\u0131s\u0131ndaki \u00e7aresizlik a\u011f\u0131r geliyor bana. \u00d6nce bu durumu \u00e7\u00f6zmek gerekiyor galiba, Fazla iyimser d\u00fc\u015f\u00fcn\u00fcyor olabilirim ama e\u015fcinselli\u011fe hastal\u0131k g\u00f6z\u00fcyle bakanlar\u0131n ne kadar cahil oldu\u011funu onlara anlatabilsek e\u015fit ya\u015fam haklar\u0131 kazan\u0131lacak gibi geliyor bana. \u0130nsan bilmedi\u011fi \u015feyden korkar ya, bu durumun ucu cehalete dayan\u0131yor. \u00d6zg\u00fcr olmak i\u00e7in de \u00e7ok kli\u015fe olacak ama e\u011fitim \u015fart. LGBT\u0130 toplulu\u011fu ne kadar haklar\u0131n\u0131 bilir, okur eder, mesle\u011fine d\u00f6rt elle sar\u0131l\u0131rsa o kadar toplumla b\u00fct\u00fcnle\u015fir. Yani bence \u00f6zg\u00fcrl\u00fc\u011f\u00fcn temelinde bu yat\u0131yor. Sadece kar\u015f\u0131 taraf\u0131 de\u011fil kendini de e\u011fiteceksin.<\/p>\n\n\n\n<p><strong>-Kitap sonras\u0131 2019&#8217;da seninle ilgili neler bekliyor bizi? Planlar\u0131n\u0131 anlat\u0131r m\u0131s\u0131n?<\/strong><\/p>\n\n\n\n<p>Ben de Seni Sevmiyorum asl\u0131nda 2018 Ocak ay\u0131nda \u00e7\u0131kacakt\u0131 ama bitmesine \u00e7ok az bir s\u00fcre kala yepyeni laptopumdan yazd\u0131klar\u0131m u\u00e7tu gitti. Notlar\u0131m\u0131 toparlay\u0131p yeniden yazmam uzun bir s\u00fcre ald\u0131 tabii. Kitab\u0131 bitirip edit\u00f6r\u00fcm Berin Yavuzlar\u2019a teslim etti\u011fim gibi yeni roman\u0131ma ba\u015flad\u0131m. Zaman\u0131n gerisinde kalmaktan ho\u015flanm\u0131yorum. Bu sene i\u00e7in plan\u0131m Atina\u2019daki k\u00fc\u00e7\u00fck adalar\u0131n birine kapa\u011f\u0131 at\u0131p roman\u0131m\u0131 bitirmek. O s\u0131rada roman\u0131mda anlatt\u0131\u011f\u0131m gibi bir a\u015fk hikayesine rastlarsam da fena olmaz tabii.\u00a0<\/p>\n\n\n\n<figure class=\"wp-block-image\"><img decoding=\"async\" src=\"https:\/\/i.postimg.cc\/GpDHW8j8\/gzone-kapak-subat-2019-oben-vers-2.jpg\" alt=\"\"\/><\/figure>\n","protected":false},"excerpt":{"rendered":"<p>VJ, DJ, Dergici, Yazar, K\u00f6\u015fe Yazar\u0131, \u0130\u015fletmeci ve \u015eark\u0131c\u0131 olarak \u00e7ok y\u00f6nl\u00fc kariyeriyle g\u00fcndemde olan Oben Budak, 11 \u015eubat&#8217;ta raflarda olacak yeni kitab\u0131 &#8220;Ben De Seni Sevmiyorum&#8221; \u00f6ncesindeki ilk r\u00f6portaj\u0131n\u0131 GZone&#8217;a verdi. R\u00d6PORTAJ: MURAT RENAY FOTO\u011eRAFLAR: AYTEK\u0130N YAL\u00c7IN MODA ED\u0130T\u00d6R\u00dc: ALEXANDER KOKO -\u00c7ok y\u00f6nl\u00fc ve farkl\u0131 alanlarda \u00fcretiminin oldu\u011fu bir kariyerin var. Asl\u0131nda kariyerin demek &hellip;<\/p>\n","protected":false},"author":1,"featured_media":46318,"comment_status":"closed","ping_status":"open","sticky":false,"template":"","format":"standard","meta":{"footnotes":""},"categories":[1777,1079,40,7491,28,1080],"tags":[2176,415],"class_list":["post-46317","post","type-post","status-publish","format-standard","has-post-thumbnail","","category-bu-ay-gzone-dergide","category-gzone-ozel","category-kitap","category-ocak-subat-2019","category-pop","category-roportajlar","tag-oben-budak","tag-pop-2"],"_links":{"self":[{"href":"http:\/\/www.gzone.com.tr\/index.php\/wp-json\/wp\/v2\/posts\/46317","targetHints":{"allow":["GET"]}}],"collection":[{"href":"http:\/\/www.gzone.com.tr\/index.php\/wp-json\/wp\/v2\/posts"}],"about":[{"href":"http:\/\/www.gzone.com.tr\/index.php\/wp-json\/wp\/v2\/types\/post"}],"author":[{"embeddable":true,"href":"http:\/\/www.gzone.com.tr\/index.php\/wp-json\/wp\/v2\/users\/1"}],"replies":[{"embeddable":true,"href":"http:\/\/www.gzone.com.tr\/index.php\/wp-json\/wp\/v2\/comments?post=46317"}],"version-history":[{"count":1,"href":"http:\/\/www.gzone.com.tr\/index.php\/wp-json\/wp\/v2\/posts\/46317\/revisions"}],"predecessor-version":[{"id":46319,"href":"http:\/\/www.gzone.com.tr\/index.php\/wp-json\/wp\/v2\/posts\/46317\/revisions\/46319"}],"wp:featuredmedia":[{"embeddable":true,"href":"http:\/\/www.gzone.com.tr\/index.php\/wp-json\/wp\/v2\/media\/46318"}],"wp:attachment":[{"href":"http:\/\/www.gzone.com.tr\/index.php\/wp-json\/wp\/v2\/media?parent=46317"}],"wp:term":[{"taxonomy":"category","embeddable":true,"href":"http:\/\/www.gzone.com.tr\/index.php\/wp-json\/wp\/v2\/categories?post=46317"},{"taxonomy":"post_tag","embeddable":true,"href":"http:\/\/www.gzone.com.tr\/index.php\/wp-json\/wp\/v2\/tags?post=46317"}],"curies":[{"name":"wp","href":"https:\/\/api.w.org\/{rel}","templated":true}]}}