{"id":45410,"date":"2018-10-04T15:11:02","date_gmt":"2018-10-04T12:11:02","guid":{"rendered":"http:\/\/gzone.com.tr\/?p=45410"},"modified":"2018-10-04T15:11:02","modified_gmt":"2018-10-04T12:11:02","slug":"isvicre-homofobik-ve-transfobik-eylemleri-3-yila-kadar-hapisle-cezalandiracak","status":"publish","type":"post","link":"http:\/\/www.gzone.com.tr\/index.php\/2018\/10\/04\/isvicre-homofobik-ve-transfobik-eylemleri-3-yila-kadar-hapisle-cezalandiracak\/","title":{"rendered":"\u0130SV\u0130\u00c7RE, HOMOFOB\u0130K VE TRANSFOB\u0130K EYLEMLER\u0130 3 YILA KADAR HAP\u0130SLE CEZALANDIRACAK"},"content":{"rendered":"<p>\u0130svi\u00e7re parlamentosunun alt kanad\u0131 Ulusal Konseyi\u2019nin ayr\u0131mc\u0131l\u0131kla m\u00fccadele kapsam\u0131nda homofobik ve transfobik eylemlerin 3 y\u0131la kadar hapisle cezaland\u0131r\u0131lmas\u0131na ili\u015fkin d\u00fczenleme teklifini onaylad\u0131\u011f\u0131 belirtildi.<\/p>\n<p>Le Temps gazetesinin aktard\u0131\u011f\u0131 habere g\u00f6re, \u0130svi\u00e7re Ulusal Konseyi, sosyalist politikac\u0131 Mathias Reynard&#8217;\u0131n giri\u015fimiyle ba\u015flat\u0131lan cinsel y\u00f6nelimlere y\u00f6nelik ayr\u0131mc\u0131l\u0131\u011f\u0131n yasaklanmas\u0131 teklifini onaylad\u0131. Teklife 118 vekil \u2018evet&#8217; oyu verirken, 60&#8217;\u0131 kar\u015f\u0131 \u00e7\u0131kt\u0131, 5&#8217;i de \u00e7ekimser oy kulland\u0131.<\/p>\n<p>D\u00fczenleme do\u011frultusunda, LGBT\u0130 bireylere y\u00f6nelik ayr\u0131mc\u0131 eylemlerde bulunanlar\u0131n 3 y\u0131la kadar hapis cezas\u0131na \u00e7arpt\u0131r\u0131labilecek. D\u00fczenleme aral\u0131k ay\u0131nda da parlamentonun \u00fcst kanad\u0131 taraf\u0131ndan incelenecek.<\/p>\n<p>https:\/\/twitter.com\/MathiasReynard\/status\/1044528847272759296?ref_src=twsrc%5Etfw%7Ctwcamp%5Etweetembed%7Ctwterm%5E1044528847272759296&#038;ref_url=https%3A%2F%2Ftr.sputniknews.com%2Favrupa%2F201810041035517162-isvicre-le-temps-mathias-reynard-lgbt-i-homofobi-transfobi-suc-kapsaminda%2F<\/p>\n<p><strong>&#8216;HOMOFOB\u0130 B\u0130R G\u00d6R\u00dc\u015e DE\u011e\u0130L, SU\u00c7TUR&#8217;<\/strong><\/p>\n<p>Teklifin mimar\u0131 Mathias Reynard Twitter&#8217;dan konuyla ilgili yapt\u0131\u011f\u0131 a\u00e7\u0131klamada &#8220;Zafer! 118&#8217;e kar\u015f\u0131 60 ret oyu, 5 \u00e7ekimser oy verildi. Ulusal Konsey homofobi ve transfobiye kar\u015f\u0131 giri\u015fimimi onaylad\u0131. Ya\u015fas\u0131n insan haklar\u0131n\u0131n zaferi! Nihai karar Kantonlar Konseyi taraf\u0131ndan aral\u0131kta al\u0131nacak&#8221; ifadesini kulland\u0131. Reynard bir ba\u015fka mesaj\u0131nda da &#8220;Homofobi bir g\u00f6r\u00fc\u015f de\u011fil, bir su\u00e7tur. Her 5 homoseks\u00fcelden biri kendini \u00f6ld\u00fcrmeye \u00e7al\u0131\u015ft\u0131, bunlar\u0131n yar\u0131s\u0131ndan fazlas\u0131 20 ya\u015f\u0131n alt\u0131ndayd\u0131&#8221;ifadelerini kulland\u0131.<\/p>\n<p>Kaynak: <a href=\"https:\/\/tr.sputniknews.com\/avrupa\/201810041035517162-isvicre-le-temps-mathias-reynard-lgbt-i-homofobi-transfobi-suc-kapsaminda\/\">Sputnik T\u00fcrkiye<\/a><\/p>\n","protected":false},"excerpt":{"rendered":"<p>\u0130svi\u00e7re parlamentosunun alt kanad\u0131 Ulusal Konseyi\u2019nin ayr\u0131mc\u0131l\u0131kla m\u00fccadele kapsam\u0131nda homofobik ve transfobik eylemlerin 3 y\u0131la kadar hapisle cezaland\u0131r\u0131lmas\u0131na ili\u015fkin d\u00fczenleme teklifini onaylad\u0131\u011f\u0131 belirtildi. Le Temps gazetesinin aktard\u0131\u011f\u0131 habere g\u00f6re, \u0130svi\u00e7re Ulusal Konseyi, sosyalist politikac\u0131 Mathias Reynard&#8217;\u0131n giri\u015fimiyle ba\u015flat\u0131lan cinsel y\u00f6nelimlere y\u00f6nelik ayr\u0131mc\u0131l\u0131\u011f\u0131n yasaklanmas\u0131 teklifini onaylad\u0131. Teklife 118 vekil \u2018evet&#8217; oyu verirken, 60&#8217;\u0131 kar\u015f\u0131 \u00e7\u0131kt\u0131, 5&#8217;i &hellip;<\/p>\n","protected":false},"author":1,"featured_media":45411,"comment_status":"closed","ping_status":"open","sticky":false,"template":"","format":"standard","meta":{"footnotes":""},"categories":[92,91],"tags":[2198],"class_list":["post-45410","post","type-post","status-publish","format-standard","has-post-thumbnail","","category-dunya","category-haberler","tag-isvicre"],"_links":{"self":[{"href":"http:\/\/www.gzone.com.tr\/index.php\/wp-json\/wp\/v2\/posts\/45410","targetHints":{"allow":["GET"]}}],"collection":[{"href":"http:\/\/www.gzone.com.tr\/index.php\/wp-json\/wp\/v2\/posts"}],"about":[{"href":"http:\/\/www.gzone.com.tr\/index.php\/wp-json\/wp\/v2\/types\/post"}],"author":[{"embeddable":true,"href":"http:\/\/www.gzone.com.tr\/index.php\/wp-json\/wp\/v2\/users\/1"}],"replies":[{"embeddable":true,"href":"http:\/\/www.gzone.com.tr\/index.php\/wp-json\/wp\/v2\/comments?post=45410"}],"version-history":[{"count":1,"href":"http:\/\/www.gzone.com.tr\/index.php\/wp-json\/wp\/v2\/posts\/45410\/revisions"}],"predecessor-version":[{"id":45412,"href":"http:\/\/www.gzone.com.tr\/index.php\/wp-json\/wp\/v2\/posts\/45410\/revisions\/45412"}],"wp:featuredmedia":[{"embeddable":true,"href":"http:\/\/www.gzone.com.tr\/index.php\/wp-json\/wp\/v2\/media\/45411"}],"wp:attachment":[{"href":"http:\/\/www.gzone.com.tr\/index.php\/wp-json\/wp\/v2\/media?parent=45410"}],"wp:term":[{"taxonomy":"category","embeddable":true,"href":"http:\/\/www.gzone.com.tr\/index.php\/wp-json\/wp\/v2\/categories?post=45410"},{"taxonomy":"post_tag","embeddable":true,"href":"http:\/\/www.gzone.com.tr\/index.php\/wp-json\/wp\/v2\/tags?post=45410"}],"curies":[{"name":"wp","href":"https:\/\/api.w.org\/{rel}","templated":true}]}}