{"id":44746,"date":"2018-07-04T00:19:54","date_gmt":"2018-07-03T21:19:54","guid":{"rendered":"http:\/\/gzone.com.tr\/?p=44746"},"modified":"2018-07-05T12:25:28","modified_gmt":"2018-07-05T09:25:28","slug":"mabel-matizin-son-albumu-mayanin-queer-hamuru","status":"publish","type":"post","link":"http:\/\/www.gzone.com.tr\/index.php\/2018\/07\/04\/mabel-matizin-son-albumu-mayanin-queer-hamuru\/","title":{"rendered":"MABEL MAT\u0130Z&#8217;\u0130N SON ALB\u00dcM\u00dc MAYA&#8217;NIN QUEER HAMURU"},"content":{"rendered":"<p><strong>GZone Dergi Temmuz-A\u011fustos 2018 say\u0131s\u0131n\u0131n kapak konu\u011fu Mabel Matiz, dergi yazarlar\u0131m\u0131zdan Recep \u00d6zda\u015f&#8217;a ilham verdi. \u00d6zda\u015f, Matiz&#8217;in yeni alb\u00fcm\u00fc &#8220;MAYA&#8221; ile ilgili bir yaz\u0131 kaleme ald\u0131.\u00a0<\/strong><\/p>\n<p>Bu g\u00fczel yaz\u0131y\u0131, ill\u00fcstrat\u00f6r \u00d6nder \u00d6zgen\u00e7&#8217;in GZone&#8217;a \u00f6zel haz\u0131rlad\u0131\u011f\u0131 Mabel Matiz ill\u00fcstrasyonuyla s\u00fcsl\u00fcyoruz. <em>(Instagram: <a href=\"https:\/\/www.instagram.com\/neonistrator\/\">@neonistrator<\/a>)\u00a0<\/em><\/p>\n<p>\u0130\u015fte MAYA&#8217;NIN QUEER HAMURU isimli bu yaz\u0131:<\/p>\n<p class=\"p1\"><span class=\"s1\">Mabel Matiz ate\u015ften yarat\u0131lm\u0131\u015f, cennetten kovulmu\u015f bi cin. <\/span><\/p>\n<p class=\"p1\"><span class=\"s1\">Tanr\u0131\u2019n\u0131n erkek\/baba oldu\u011fu varsay\u0131l\u0131rsa, Maya alb\u00fcm\u00fcn\u00fcn anne zenginli\u011finde ancak bi cin bizi b\u00f6ylesine \u00e7arpabilir,<span class=\"Apple-converted-space\">\u00a0 <\/span>erke\u011fin simgeledi\u011fi t\u00fcm iktidarlara kar\u015f\u0131 di\u015fil d\u00fc\u015f\u00fcncenin orman\u0131nda bi cin ate\u015fe dokunabilirdi. Maya\u2019n\u0131n bu kendini do\u011furan, ana\u00e7 ve s\u0131cak genlerindeki cinlikler \u00f6yle b\u00fcy\u00fcleyici \u00f6yle b\u00fct\u00fcnle\u015ftirici ki, alb\u00fcm\u00fc dinledik\u00e7e sanki her \u015fey <i>quuer <\/i>bir varolu\u015fa, d\u00fc\u015f\u00fcncenin s\u0131n\u0131rlar\u0131nda yeni y\u00f6ntemlere b\u00fcr\u00fcn\u00fcyor. S\u00f6zler tende da\u011f\u0131l\u0131yor, ritimler g\u00f6zenekleri a\u00e7\u0131yor, kime de\u011fse bir \u015feyler tutuyor maya. <\/span><\/p>\n<p class=\"p1\"><span class=\"s1\">Ama en \u00e7ok da buralar\u0131n kalbine \u00e7al\u0131n\u0131yor. <i>Queer<\/i>\u2019in Anadolu\u2019ya, Mezopotamya\u2019ya, Ortado\u011fu\u2019ya hem cuk oturup, ama asla uyu\u015fmamas\u0131 da bundan ya! <\/span><\/p>\n<p class=\"p1\"><span class=\"s1\">\u201c\u0130htiyar d\u00fcnyan\u0131n gencecik o\u011flanlar\u0131\u201d g\u00f6z g\u00f6re g\u00f6re \u00f6l\u00fcrken, ya\u015fl\u0131 d\u00fcnya-gen\u00e7 \u00f6l\u00fcm cetvelinde ne ku\u015faklararas\u0131 a\u015fk ne de \u00f6l\u00fc sevicilik bu d\u00fcnyan\u0131n ac\u0131s\u0131n\u0131, bu topraklar\u0131n duygusunu anlamaya yetmiyor. <i>Queer<\/i>\u2019in duyguyla, duygunun emekle olan ba\u011f\u0131nda, insan eylemi ve ya\u015famsal olan metafora ihtiya\u00e7 bile duymuyor. <\/span><\/p>\n<p class=\"p1\"><span class=\"s1\">Ne var ki Maya bir anlama arac\u0131, hatta bir alb\u00fcm bile de\u011fil. Bi\u00e7imle i\u00e7eri\u011fi, i\u00e7erdi\u011fi t\u00fcm anlamlar\u0131n hamurunda birle\u015ftiren b\u00fcy\u00fck bir anlat\u0131. <\/span><\/p>\n<p class=\"p1\"><span class=\"s1\">Niteli\u011fin asla niceli\u011fe d\u00f6n\u00fc\u015femedi\u011fi bu co\u011frafyada Maya kendi bi\u00e7imiyle toplumsal i\u00e7eri\u011fi e\u015fitleyip, sonra da t\u00fcm bunlarla, olu\u015fturdu\u011fu yeni anlamlarla \u00f6ylesine ve \u00f6l\u00fcm\u00fcne oynuyor. <\/span><\/p>\n<p class=\"p1\"><span class=\"s1\">A\u011fam\u0131z, pa\u015fam\u0131z, babam\u0131z ve o\u011flumuz olan t\u00fcm dertlere, \u201c\u00f6\u011frenirim onunla kendimi\u201d diyerek imk\u00e2nlar ar\u0131yor,<span class=\"Apple-converted-space\">\u00a0 <\/span>\u201ckaygan zeminde, a\u011fz\u0131 bi dolu\u201d ihtimaller d\u00fc\u015fl\u00fcyor. <\/span><\/p>\n<p class=\"p1\"><span class=\"s1\">Ve bunu bug\u00fcne kadar s\u00f6ylenen t\u00fcm Anadoluluk yalanlar\u0131ndan, mozaik pasta k\u0131vamlar\u0131ndan ba\u015fka bir k\u0131vamda yap\u0131yor. Anne keki var ya, yaygan \u00e7inko tepside ve dibi yanm\u0131\u015f, kapkara. \u0130\u015fte bu muhte\u015fem tatta ve bu ortak k\u0131vamda, kabartma tozu bile kullanmadan i\u00e7 kabart\u0131yor Maya.<\/span><\/p>\n<figure style=\"width: 622px\" class=\"wp-caption alignnone\"><img loading=\"lazy\" decoding=\"async\" src=\"https:\/\/s33.postimg.cc\/40nkslazj\/image00001.jpg\" alt=\"\" width=\"622\" height=\"800\" \/><figcaption class=\"wp-caption-text\">\u0130ll\u00fcstrasyon: \u00d6nder \u00d6zgen\u00e7<\/figcaption><\/figure>\n<p class=\"p1\"><span class=\"s1\">\u0130\u015fte bu da\u011f-ta\u015f Y\u00f6r\u00fck \u00e7ad\u0131r\u0131nda Anadolu Ayd\u0131nlanmas\u0131 yepyeni cepheler buluyor. Her bir cephe yeni bir d\u00fc\u015f\u00fcnceye dolan\u0131p, arabeskin, elektronun, 70\u2019lerin, 80\u2019lerin, 90\u2019lar\u0131n, synth\u2019in, Ajda\u2019n\u0131n, Sezen\u2019in, Tarkan\u2019\u0131n, Nazan\u2019\u0131n yata\u011f\u0131nda \u201csineklere tekme at\u0131yor\u201d. <\/span><\/p>\n<p class=\"p1\"><span class=\"s1\">Maya\u2019n\u0131n \u015fekli kafa yap\u0131yor, i\u00e7eri\u011fi \u201ctoza kur\u015fun s\u0131k\u0131yor\u201d. <\/span><\/p>\n<p class=\"p1\"><span class=\"s1\">T\u00fcm bu \u00e7oklukta ve b\u00fct\u00fcnsellikte alb\u00fcm\u00fcn sesleri ve s\u00f6zleri bize hi\u00e7 varmad\u0131\u011f\u0131m\u0131z, varamayaca\u011f\u0131m\u0131z e\u015fikleri sorgulat\u0131yor. \u201cKo\u015fullar\u0131n\u0131n \u00fcr\u00fcn\u00fcd\u00fcr\u201d diye diye, bile isteye unuttu\u011fumuz bu co\u011frafyay\u0131 ve onun ko\u015fullar\u0131n\u0131 a\u015f\u0131lmas\u0131 gereken yeni s\u0131n\u0131rlara \u00e7ekiyor. <\/span><\/p>\n<p class=\"p1\"><span class=\"s1\">Her s\u0131n\u0131r bir yenisine esnerken, o s\u0131n\u0131rlarda \u201cyaln\u0131z de\u011fil, yanl\u0131\u015f de\u011filsin\u201d diyor Maya. <\/span><\/p>\n<p class=\"p1\"><span class=\"s1\">\u201cD\u00fc\u015f\u00fcp te uymad\u0131\u011f\u0131m\u0131z\u201d bu \u201ckaygan kanun\u201dlar\u0131n s\u0131n\u0131rlar\u0131nda, kendi s\u0131n\u0131rlar\u0131m\u0131zdan kurtulmak i\u00e7in duygu \u201cderilerimizi soymaya\u201d ba\u015fl\u0131yor Maya. <\/span><\/p>\n<p class=\"p1\"><span class=\"s1\">Ar\u0131nmak i\u00e7in derilerimizi uzaya b\u0131rakmaya, k\u00fcllerimizden geri kalan\u0131n telvesinde ise biraz fal bakmaya, metafizi\u011fi dinlerden kurtarmaya \u00e7a\u011f\u0131r\u0131yor adeta. <\/span><\/p>\n<p class=\"p1\"><span class=\"s1\">Her a\u015fktan, her seksten, her <i>date<\/i>ten sonra \u201ckanl\u0131 ve gaml\u0131 gemiler\u201d gibi anl\u0131yorken gidenleri ve tabii ki \u201car\u0131yorken m\u00fckemmeli\u201d, hayatlar\u0131m\u0131z\u0131 eyleme, harekete, s\u00fcrece, in\u015faya ve a\u015fka ama en \u00e7ok da t\u00fcm o duygular\u0131 tuttu\u011fumuz yerleri <i>b\u0131rakmaya<\/i> \u00e7a\u011f\u0131r\u0131yor. <\/span><\/p>\n<p class=\"p1\"><span class=\"s1\">E ama bi topra\u011fa de\u011fiyorken nas\u0131l \u00f6zg\u00fcrle\u015firiz ki? sorusuna ise bizleri de cin olmaya \u00e7a\u011f\u0131rarak cevap veriyor. \u00c7\u00fcnk\u00fc i\u00e7imizdeki ate\u015f yarat\u0131ld\u0131\u011f\u0131m\u0131z topraktan daha b\u00fcy\u00fckt\u00fcr diyor Maya.<\/span><\/p>\n<p class=\"p1\"><span class=\"s1\">Ve anlam\u0131n kendisini sorgularken yeniden kuruyor, a\u015fk bu topraklar\u0131 da \u201cb\u0131rakmaktan ge\u00e7er\u201d, diyerek kuduruyor tek ba\u015f\u0131na, b\u00fcy\u00fck bir karga\u015fayla. <\/span><\/p>\n<p class=\"p1\"><span class=\"s1\"><i>-Bu yaz\u0131ya alb\u00fcm\u00fcn i\u00e7erdi\u011fi anlamlar (queer ve fiil olma hali) sebebiyle bi\u00e7imsel bir hareket katmak istedim ve yaz\u0131n\u0131n ritmini fiillerle, \u015fimdiki zaman kipleriyle kurdum. T\u0131rnak i\u00e7indeki s\u00f6zlerse alb\u00fcmdeki \u015fark\u0131lara g\u00f6nderme yap\u0131yor. <\/i><\/span><\/p>\n<p style=\"text-align: center;\"><strong><em>GZone Dergi Temmuz-A\u011fustos 2018 say\u0131s\u0131n\u0131n t\u00fcm i\u00e7eriklerine a\u015fa\u011f\u0131daki foto\u011fraf\u0131 t\u0131klayarak ula\u015fabilirsiniz.\u00a0<\/em><\/strong><\/p>\n<p><a href=\"http:\/\/gzone.com.tr\/gzone-dergi-temmuz-agustos-2018-sayisi-cikti\/\"><img loading=\"lazy\" decoding=\"async\" class=\"size-full aligncenter\" src=\"https:\/\/s33.postimg.cc\/m9gkh6je7\/KAPAK-_TEMMUZ-2018.jpg\" width=\"600\" height=\"800\" \/><\/a><\/p>\n","protected":false},"excerpt":{"rendered":"<p>GZone Dergi Temmuz-A\u011fustos 2018 say\u0131s\u0131n\u0131n kapak konu\u011fu Mabel Matiz, dergi yazarlar\u0131m\u0131zdan Recep \u00d6zda\u015f&#8217;a ilham verdi. \u00d6zda\u015f, Matiz&#8217;in yeni alb\u00fcm\u00fc &#8220;MAYA&#8221; ile ilgili bir yaz\u0131 kaleme ald\u0131.\u00a0 Bu g\u00fczel yaz\u0131y\u0131, ill\u00fcstrat\u00f6r \u00d6nder \u00d6zgen\u00e7&#8217;in GZone&#8217;a \u00f6zel haz\u0131rlad\u0131\u011f\u0131 Mabel Matiz ill\u00fcstrasyonuyla s\u00fcsl\u00fcyoruz. (Instagram: @neonistrator)\u00a0 \u0130\u015fte MAYA&#8217;NIN QUEER HAMURU isimli bu yaz\u0131: Mabel Matiz ate\u015ften yarat\u0131lm\u0131\u015f, cennetten kovulmu\u015f bi &hellip;<\/p>\n","protected":false},"author":1,"featured_media":44768,"comment_status":"closed","ping_status":"open","sticky":false,"template":"","format":"standard","meta":{"footnotes":""},"categories":[1777,39,28,7432],"tags":[7433],"class_list":["post-44746","post","type-post","status-publish","format-standard","has-post-thumbnail","","category-bu-ay-gzone-dergide","category-muzik","category-pop","category-temmuz-agustos-2018","tag-recep-ozdas"],"_links":{"self":[{"href":"http:\/\/www.gzone.com.tr\/index.php\/wp-json\/wp\/v2\/posts\/44746","targetHints":{"allow":["GET"]}}],"collection":[{"href":"http:\/\/www.gzone.com.tr\/index.php\/wp-json\/wp\/v2\/posts"}],"about":[{"href":"http:\/\/www.gzone.com.tr\/index.php\/wp-json\/wp\/v2\/types\/post"}],"author":[{"embeddable":true,"href":"http:\/\/www.gzone.com.tr\/index.php\/wp-json\/wp\/v2\/users\/1"}],"replies":[{"embeddable":true,"href":"http:\/\/www.gzone.com.tr\/index.php\/wp-json\/wp\/v2\/comments?post=44746"}],"version-history":[{"count":1,"href":"http:\/\/www.gzone.com.tr\/index.php\/wp-json\/wp\/v2\/posts\/44746\/revisions"}],"predecessor-version":[{"id":44748,"href":"http:\/\/www.gzone.com.tr\/index.php\/wp-json\/wp\/v2\/posts\/44746\/revisions\/44748"}],"wp:featuredmedia":[{"embeddable":true,"href":"http:\/\/www.gzone.com.tr\/index.php\/wp-json\/wp\/v2\/media\/44768"}],"wp:attachment":[{"href":"http:\/\/www.gzone.com.tr\/index.php\/wp-json\/wp\/v2\/media?parent=44746"}],"wp:term":[{"taxonomy":"category","embeddable":true,"href":"http:\/\/www.gzone.com.tr\/index.php\/wp-json\/wp\/v2\/categories?post=44746"},{"taxonomy":"post_tag","embeddable":true,"href":"http:\/\/www.gzone.com.tr\/index.php\/wp-json\/wp\/v2\/tags?post=44746"}],"curies":[{"name":"wp","href":"https:\/\/api.w.org\/{rel}","templated":true}]}}