{"id":44729,"date":"2018-07-03T22:08:07","date_gmt":"2018-07-03T19:08:07","guid":{"rendered":"http:\/\/gzone.com.tr\/?p=44729"},"modified":"2018-07-04T15:07:50","modified_gmt":"2018-07-04T12:07:50","slug":"dilan-citak-tatlises-soyadim-yuzunden-turku-soyledigimi-sananlar-var","status":"publish","type":"post","link":"http:\/\/www.gzone.com.tr\/index.php\/2018\/07\/03\/dilan-citak-tatlises-soyadim-yuzunden-turku-soyledigimi-sananlar-var\/","title":{"rendered":"D\u0130LAN \u00c7ITAK: TATLISES SOYADIM Y\u00dcZ\u00dcNDEN T\u00dcRK\u00dc S\u00d6YLED\u0130\u011e\u0130M\u0130 SANANLAR VAR"},"content":{"rendered":"<p style=\"text-align: center;\"><strong>GZone Dergi, Temmuz-A\u011fustos 2018 say\u0131s\u0131nda, gen\u00e7 \u015fark\u0131c\u0131 Dilan \u00c7\u0131tak Tatl\u0131ses&#8217;i a\u011f\u0131rl\u0131yor. Son g\u00fcnlerde, bir Mansur Ark klasi\u011fi olan &#8220;Maalesef&#8221; ile kar\u015f\u0131m\u0131za \u00e7\u0131kan, \u00fcnl\u00fc \u015fark\u0131c\u0131 \u0130brahim Tatl\u0131ses&#8217;in k\u0131z\u0131 olan Dilan&#8217;a en merak etti\u011fimiz sorular\u0131 sorduk.\u00a0<\/strong><\/p>\n<ul class=\"ul1\">\n<li class=\"li1\"><strong><span class=\"s2\">Yeni \u015fark\u0131n hay\u0131rl\u0131 olsun. Peki neden \u201cMaalesef\u201d? Neden bu \u015fark\u0131y\u0131 coverlamaya karar verdin?<\/span><\/strong><\/li>\n<\/ul>\n<p>Asl\u0131nda \u00e7ok fazla s\u0131f\u0131r \u015fark\u0131m\u0131z vard\u0131 elimizde. Hepsini haz\u0131rlad\u0131k st\u00fcdyoda okuduk ama bu \u015fark\u0131y\u0131 her sahnede s\u00f6yledi\u011fimde i\u00e7imde ba\u015fka bi bap oldu\u011funu hissediyordum ve ani bir kararla ben bu \u015fark\u0131y\u0131 yapmak istiyorum dedim haz\u0131rlad\u0131k tam istedi\u011fimiz bir sound \u00e7\u0131k\u0131nca da oldu dedik ve oldu :))<\/p>\n<ul class=\"ul1\">\n<li class=\"li1\"><strong><span class=\"s2\">Maalesef \u00f6ncesinde de Bat\u0131 sounduna sahip ba\u015fka bir \u015fark\u0131yla seni dinledik, sahnende de hayli geni\u015f bir repertuvar\u0131n var. Bir \u201cTatl\u0131ses\u201d olunca daha ba\u015fka bir m\u00fczik t\u00fcr\u00fc beklentisi olu\u015fuyor mu insanlarda sence?<\/span><\/strong><\/li>\n<\/ul>\n<p>Evet kesinlikle olu\u015fuyor hatta baz\u0131lar\u0131 tan\u0131madan \u00f6nce t\u00fcrk\u00fc s\u00f6yledi\u011fimi san\u0131yordu ama bamba\u015fka bir tarza sahip oldu\u011fumu dinleyince ve sahnemi izleyince g\u00f6r\u00fcyorlar.<\/p>\n<p><img loading=\"lazy\" decoding=\"async\" class=\"alignnone size-full\" src=\"https:\/\/s33.postimg.cc\/3v61dn233\/Image-1-16.jpg\" width=\"533\" height=\"800\" \/><\/p>\n<ul class=\"ul1\">\n<li class=\"li1\"><strong><span class=\"s2\">\u201cTatl\u0131ses\u201d konusuna gelmi\u015fken; soyad\u0131n\u0131n avantajlar\u0131n\u0131 m\u0131 dezavantajlar\u0131n\u0131 m\u0131 ya\u015f\u0131yorsun? Bu nas\u0131l \u201cTatl\u0131ses\u201d gibi s\u00f6zlerle kar\u015f\u0131la\u015f\u0131yor musun?<\/span><\/strong><\/li>\n<\/ul>\n<p>Hem dezavantaj\u0131 hem avantajlar\u0131 var. Dezavantajlar\u0131 ge\u00e7mi\u015fte ya\u015fam\u0131\u015f oldu\u011fum baz\u0131 yap\u0131mc\u0131lar\u0131n \u00e7al\u0131\u015fmaktan \u00e7ekinmesi oldu. Bu bana zaman kaybettirdi sadece. onun d\u0131\u015f\u0131nda sonradan bu i\u015fe ba\u015flad\u0131\u011f\u0131m\u0131 ve s\u0131rf m\u00fczik yapmak i\u00e7in yapt\u0131\u011f\u0131m\u0131 d\u00fc\u015f\u00fcnen bir kesim var o da \u00e7ok rahats\u0131z edici de\u011fil. Zamanla \u00f6yle olmad\u0131\u011f\u0131n\u0131 g\u00f6rebilmeleri daha \u00f6nemli.<\/p>\n<ul class=\"ul1\">\n<li class=\"li1\"><strong><span class=\"s2\"> San\u0131r\u0131z bu soyad\u0131n\u0131 a\u00e7\u0131klamadan \u00f6nce \u00e7ok uzun y\u0131llard\u0131r sahneye \u00e7\u0131k\u0131yormu\u015fsun ve daha \u00e7ok i\u015fe gidiyormu\u015fsun. Sence bu duraklama neden ya\u015fand\u0131?<\/span><\/strong><\/li>\n<\/ul>\n<p>Az \u00f6nce de dedi\u011fim gibi ben pop m\u00fczik yap\u0131yorum ama hala m\u00fczik tarz\u0131m\u0131zla alakal\u0131 \u00f6nyarg\u0131lar olabildi\u011fi i\u00e7in biraz duraksama ya\u015fayabiliyoruz zaman zaman.<img loading=\"lazy\" decoding=\"async\" class=\"alignnone size-full\" src=\"https:\/\/s33.postimg.cc\/3v61dlzi7\/2_Q2_A7106.jpg\" width=\"533\" height=\"800\" \/><\/p>\n<ul class=\"ul1\">\n<li class=\"li1\"><strong><span class=\"s2\">Bu \u00f6nyarg\u0131lar\u0131 nas\u0131l k\u0131raca\u011f\u0131n\u0131 d\u00fc\u015f\u00fcn\u00fcyorsun?<\/span><\/strong><\/li>\n<\/ul>\n<p>Ben kendimden emin ad\u0131mlar atmaya devam edece\u011fim i\u015fimi en iyi \u015fekilde yapmak \u00f6nceli\u011fim gerisi hallolucakt\u0131r.<\/p>\n<ul class=\"ul1\">\n<li class=\"li1\"><strong><span class=\"s2\">M\u00fczikle ilgili nas\u0131l planlar\u0131n var? Single\/alb\u00fcm olarak ve sahne hayat\u0131nda olarak ne gibi \u00e7al\u0131\u015fmalar planl\u0131yorsun?<\/span><\/strong><\/li>\n<\/ul>\n<p>M\u00fczik planlamam \u00e7ok yo\u011fun bir \u00e7al\u0131\u015fmadan ge\u00e7iyor. Dans etmek ve sahne \u015fovlar\u0131 benim i\u00e7in m\u00fczikle bir b\u00fct\u00fcn. S\u0131n\u0131rlar\u0131m\u0131 a\u015ft\u0131k\u00e7a sahnemde b\u00fcy\u00fck prod\u00fcksiyonlara yer vericem.<\/p>\n<ul class=\"ul1\">\n<li class=\"li1\"><strong><span class=\"s2\">Alb\u00fcm yapacak olursan bizleri nas\u0131l s\u00fcrprizler bekler?<\/span><\/strong><\/li>\n<\/ul>\n<p>Alb\u00fcm yaparken \u00f6nemli \u00f6zellikleri olmas\u0131n\u0131 istiyorum. Elimden geldi\u011fince konsept i\u015fler yapaca\u011f\u0131m.<\/p>\n<p><img loading=\"lazy\" decoding=\"async\" class=\"alignnone size-full\" src=\"https:\/\/s33.postimg.cc\/q73u70lrj\/Image-1-13.jpg\" width=\"533\" height=\"800\" \/><\/p>\n<ul class=\"ul1\">\n<li class=\"li1\"><strong><span class=\"s2\">Seni \u201cDada Salon Kabarett\u201dte de izledik. Okan Bay\u00fclgen ile yollar\u0131n\u0131z nas\u0131l kesi\u015fti?<\/span><\/strong><\/li>\n<\/ul>\n<p>Okan abi m\u00fcthi\u015f bir adam beni ilk defa \u00e7\u0131kt\u0131\u011f\u0131m bir programda tesad\u00fcf olarak izledi ve bana bay\u0131lm\u0131\u015f y\u0131llar\u0131n\u0131 bu camiaya vermi\u015f bir duayenden bunlar\u0131 duymak harikayd\u0131 benim i\u00e7in. Sonras\u0131nda kendisinin Dada Salon kabaresinde de konserimiz oldu.<\/p>\n<ul class=\"ul1\">\n<li class=\"li1\"><strong><span class=\"s2\">T\u00fcrkiye\u2019deki \u015fark\u0131c\u0131lar sence Avrupa\u2019daki \u015fark\u0131c\u0131lara g\u00f6re daha b\u00fcy\u00fck engellerle kar\u015f\u0131la\u015f\u0131yorlar m\u0131? Hileli olabilecek izlenme say\u0131lar\u0131, farkl\u0131 s\u0131k\u0131nt\u0131lar y\u00fcz\u00fcnden \u015fevkinin k\u0131r\u0131ld\u0131\u011f\u0131 oluyor mu?<\/span><\/strong><\/li>\n<\/ul>\n<p>Ben bu hileleri do\u011fru bulmuyorum ama herkesin kendi tercihi. Ben organik izlenmelerden yanay\u0131m kendimi herkes benim klibimi t\u0131kl\u0131yor diye kand\u0131rarak konser salonlar\u0131na gelince de davetlilerle doldurmay\u0131 tercih etmiyorum. Kendi ba\u015far\u0131m\u0131 da ba\u015far\u0131s\u0131zl\u0131\u011f\u0131m\u0131 da reel olarak g\u00f6rmeliyim ki ger\u00e7ek anlamda bir kal\u0131c\u0131l\u0131\u011f\u0131m olsun.<\/p>\n<p><img loading=\"lazy\" decoding=\"async\" class=\"alignnone size-full\" src=\"https:\/\/s33.postimg.cc\/houe2omyn\/Image-1-17.jpg\" width=\"533\" height=\"800\" \/><\/p>\n<ul class=\"ul1\">\n<li class=\"li1\"><strong><span class=\"s2\">T\u00fcrkiye\u2019deki LGBT\u0130\u2019lerin son y\u0131llardaki y\u00fckseli\u015fini takip ediyorsundur. Sence daha \u00f6zg\u00fcrle\u015fmek i\u00e7in neler yapmam\u0131z gerekiyor?<\/span><\/strong><\/li>\n<\/ul>\n<p>Kendinizle bar\u0131\u015f\u0131k olmaya devam etmeniz bence en \u00f6nemlisi.<\/p>\n<ul class=\"ul1\">\n<li class=\"li1\"><strong><span class=\"s2\">Bir g\u00fcn LGBT\u0130\u2019ler i\u00e7in yap\u0131lacak bir \u00e7al\u0131\u015fmada yer al\u0131r m\u0131s\u0131n?<\/span><\/strong><\/li>\n<\/ul>\n<p>G\u00fczel ve kaliteli olan her projede severek yer al\u0131r\u0131m.<\/p>\n<p style=\"text-align: center;\"><strong><em>GZone Dergi Temmuz-A\u011fustos 2018 say\u0131s\u0131n\u0131n t\u00fcm i\u00e7eriklerine a\u015fa\u011f\u0131daki foto\u011fraf\u0131 t\u0131klayarak ula\u015fabilirsiniz.\u00a0<\/em><\/strong><\/p>\n<p><a href=\"http:\/\/gzone.com.tr\/gzone-dergi-temmuz-agustos-2018-sayisi-cikti\/\"><img loading=\"lazy\" decoding=\"async\" class=\"size-full aligncenter\" src=\"https:\/\/s33.postimg.cc\/m9gkh6je7\/KAPAK-_TEMMUZ-2018.jpg\" width=\"600\" height=\"800\" \/><\/a><\/p>\n<p>&nbsp;<\/p>\n","protected":false},"excerpt":{"rendered":"<p>GZone Dergi, Temmuz-A\u011fustos 2018 say\u0131s\u0131nda, gen\u00e7 \u015fark\u0131c\u0131 Dilan \u00c7\u0131tak Tatl\u0131ses&#8217;i a\u011f\u0131rl\u0131yor. Son g\u00fcnlerde, bir Mansur Ark klasi\u011fi olan &#8220;Maalesef&#8221; ile kar\u015f\u0131m\u0131za \u00e7\u0131kan, \u00fcnl\u00fc \u015fark\u0131c\u0131 \u0130brahim Tatl\u0131ses&#8217;in k\u0131z\u0131 olan Dilan&#8217;a en merak etti\u011fimiz sorular\u0131 sorduk.\u00a0 Yeni \u015fark\u0131n hay\u0131rl\u0131 olsun. Peki neden \u201cMaalesef\u201d? Neden bu \u015fark\u0131y\u0131 coverlamaya karar verdin? Asl\u0131nda \u00e7ok fazla s\u0131f\u0131r \u015fark\u0131m\u0131z vard\u0131 elimizde. Hepsini &hellip;<\/p>\n","protected":false},"author":1,"featured_media":44733,"comment_status":"closed","ping_status":"open","sticky":false,"template":"","format":"standard","meta":{"footnotes":""},"categories":[1777,1079,1080,7432],"tags":[275],"class_list":["post-44729","post","type-post","status-publish","format-standard","has-post-thumbnail","","category-bu-ay-gzone-dergide","category-gzone-ozel","category-roportajlar","category-temmuz-agustos-2018","tag-muzik-2"],"_links":{"self":[{"href":"http:\/\/www.gzone.com.tr\/index.php\/wp-json\/wp\/v2\/posts\/44729","targetHints":{"allow":["GET"]}}],"collection":[{"href":"http:\/\/www.gzone.com.tr\/index.php\/wp-json\/wp\/v2\/posts"}],"about":[{"href":"http:\/\/www.gzone.com.tr\/index.php\/wp-json\/wp\/v2\/types\/post"}],"author":[{"embeddable":true,"href":"http:\/\/www.gzone.com.tr\/index.php\/wp-json\/wp\/v2\/users\/1"}],"replies":[{"embeddable":true,"href":"http:\/\/www.gzone.com.tr\/index.php\/wp-json\/wp\/v2\/comments?post=44729"}],"version-history":[{"count":2,"href":"http:\/\/www.gzone.com.tr\/index.php\/wp-json\/wp\/v2\/posts\/44729\/revisions"}],"predecessor-version":[{"id":44739,"href":"http:\/\/www.gzone.com.tr\/index.php\/wp-json\/wp\/v2\/posts\/44729\/revisions\/44739"}],"wp:featuredmedia":[{"embeddable":true,"href":"http:\/\/www.gzone.com.tr\/index.php\/wp-json\/wp\/v2\/media\/44733"}],"wp:attachment":[{"href":"http:\/\/www.gzone.com.tr\/index.php\/wp-json\/wp\/v2\/media?parent=44729"}],"wp:term":[{"taxonomy":"category","embeddable":true,"href":"http:\/\/www.gzone.com.tr\/index.php\/wp-json\/wp\/v2\/categories?post=44729"},{"taxonomy":"post_tag","embeddable":true,"href":"http:\/\/www.gzone.com.tr\/index.php\/wp-json\/wp\/v2\/tags?post=44729"}],"curies":[{"name":"wp","href":"https:\/\/api.w.org\/{rel}","templated":true}]}}