{"id":44717,"date":"2018-07-02T18:05:09","date_gmt":"2018-07-02T15:05:09","guid":{"rendered":"http:\/\/gzone.com.tr\/?p=44717"},"modified":"2018-07-04T14:21:48","modified_gmt":"2018-07-04T11:21:48","slug":"avlu-dizisiyle-ilgili-dikkat-ceken-iddia-kudret-transseksuel-mi","status":"publish","type":"post","link":"http:\/\/www.gzone.com.tr\/index.php\/2018\/07\/02\/avlu-dizisiyle-ilgili-dikkat-ceken-iddia-kudret-transseksuel-mi\/","title":{"rendered":"AVLU D\u0130Z\u0130S\u0130YLE \u0130LG\u0130L\u0130 D\u0130KKAT \u00c7EKEN \u0130DD\u0130A: KUDRET TRANSSEKS\u00dcEL M\u0130?"},"content":{"rendered":"<p><strong>Star TV&#8217;de yay\u0131nlanan ve ge\u00e7ti\u011fimiz haftalarda sezon finali yapan &#8220;Avlu&#8221; dizisi ile ilgili fla\u015f bir iddia ortaya at\u0131ld\u0131.\u00a0<\/strong><\/p>\n<p>&#8220;Avlu&#8221; dizisinin Eyl\u00fcl&#8217;de ba\u015flayacak yeni sezonunda Kudret karakterinin transseks\u00fcel oldu\u011funun ortaya \u00e7\u0131kaca\u011f\u0131 iddia edildi.<\/p>\n<p>Nursel K\u00f6se&#8217;nin canland\u0131rd\u0131\u011f\u0131 Kudret karakteri, Avlu&#8217;nun 1.sezonunun sonunda feci \u015fekilde yaralanm\u0131\u015f ve yeni sezonda bu karakterin dizide yer al\u0131p almayaca\u011f\u0131 tart\u0131\u015fma konusu olmu\u015ftu.<\/p>\n<p><img loading=\"lazy\" decoding=\"async\" class=\"alignnone size-full\" src=\"https:\/\/www.birdizihaber.com\/wp-content\/uploads\/2018\/06\/Avlu-1.jpg\" width=\"1920\" height=\"1080\" \/><\/p>\n<p>&#8220;Bikotbiti\u015f\u00f6rtmag&#8221; hesab\u0131n\u0131n sahibi PinkFreud&#8217;un yapt\u0131\u011f\u0131 payla\u015f\u0131mla ortaya at\u0131lan bu iddia, hem karakterin ad\u0131n\u0131n erkek ad\u0131 olarak da kullan\u0131l\u0131yor olmas\u0131 hem de bu karakterin s\u00fcrekli fular takarak adem elmas\u0131n\u0131 gizlemeye \u00e7al\u0131\u015fmas\u0131 y\u00fcz\u00fcnden ger\u00e7ek olabilece\u011fe benziyor.<\/p>\n<p>\u0130\u015fte bikokbirtisortmag hesab\u0131n\u0131n konuyla ilgili yapt\u0131\u011f\u0131 payla\u015f\u0131m:<\/p>\n<p>https:\/\/www.instagram.com\/p\/BksFnycByTX\/?hl=tr&#038;taken-by=bikotbitisortmag<\/p>\n<p>AVLU dizisi daha \u00f6nce, a\u00e7\u0131k lezbiyen oyuncusunun cinsel y\u00f6nelimini a\u00e7\u0131klad\u0131\u011f\u0131 i\u00e7in diziden kovuldu\u011fu iddias\u0131yla g\u00fcndeme gelmi\u015fti. <a href=\"http:\/\/gzone.com.tr\/oyuncu-lezbiyen-oldugu-icin-diziden-cikarildigini-iddia-etti-yapim-sirketi-yalanladi\/\"><strong><span style=\"color: #ff0000;\">Bu haberin detaylar\u0131 i\u00e7in t\u0131klay\u0131n.<\/span><\/strong><\/a><\/p>\n<p>AVLU dizisinin 1.sezon finalinde Ceren Moray&#8217;\u0131n canland\u0131rd\u0131\u011f\u0131 karakterin giydi\u011fi g\u00f6kku\u015fa\u011f\u0131 ti\u015f\u00f6rt\u00fc de dikkat \u00e7ekmi\u015fti.<\/p>\n<p><img loading=\"lazy\" decoding=\"async\" class=\"alignnone size-full\" src=\"https:\/\/scontent-lhr3-1.cdninstagram.com\/vp\/9fccc20074e6ab6da7625db55cb07a65\/5BBA7457\/t51.2885-15\/e35\/34393205_903546626476578_2828752374103801856_n.jpg?se=7&amp;ig_cache_key=MTc5NjYxNDgwNTkyNzQ5NDk2Ng%3D%3D.2\" width=\"1080\" height=\"1080\" \/><\/p>\n<p>&nbsp;<\/p>\n","protected":false},"excerpt":{"rendered":"<p>Star TV&#8217;de yay\u0131nlanan ve ge\u00e7ti\u011fimiz haftalarda sezon finali yapan &#8220;Avlu&#8221; dizisi ile ilgili fla\u015f bir iddia ortaya at\u0131ld\u0131.\u00a0 &#8220;Avlu&#8221; dizisinin Eyl\u00fcl&#8217;de ba\u015flayacak yeni sezonunda Kudret karakterinin transseks\u00fcel oldu\u011funun ortaya \u00e7\u0131kaca\u011f\u0131 iddia edildi. Nursel K\u00f6se&#8217;nin canland\u0131rd\u0131\u011f\u0131 Kudret karakteri, Avlu&#8217;nun 1.sezonunun sonunda feci \u015fekilde yaralanm\u0131\u015f ve yeni sezonda bu karakterin dizide yer al\u0131p almayaca\u011f\u0131 tart\u0131\u015fma konusu olmu\u015ftu. &hellip;<\/p>\n","protected":false},"author":1,"featured_media":44718,"comment_status":"closed","ping_status":"open","sticky":false,"template":"","format":"standard","meta":{"footnotes":""},"categories":[28,61],"tags":[7413],"class_list":["post-44717","post","type-post","status-publish","format-standard","has-post-thumbnail","","category-pop","category-sinematv","tag-avlu"],"_links":{"self":[{"href":"http:\/\/www.gzone.com.tr\/index.php\/wp-json\/wp\/v2\/posts\/44717","targetHints":{"allow":["GET"]}}],"collection":[{"href":"http:\/\/www.gzone.com.tr\/index.php\/wp-json\/wp\/v2\/posts"}],"about":[{"href":"http:\/\/www.gzone.com.tr\/index.php\/wp-json\/wp\/v2\/types\/post"}],"author":[{"embeddable":true,"href":"http:\/\/www.gzone.com.tr\/index.php\/wp-json\/wp\/v2\/users\/1"}],"replies":[{"embeddable":true,"href":"http:\/\/www.gzone.com.tr\/index.php\/wp-json\/wp\/v2\/comments?post=44717"}],"version-history":[{"count":1,"href":"http:\/\/www.gzone.com.tr\/index.php\/wp-json\/wp\/v2\/posts\/44717\/revisions"}],"predecessor-version":[{"id":44719,"href":"http:\/\/www.gzone.com.tr\/index.php\/wp-json\/wp\/v2\/posts\/44717\/revisions\/44719"}],"wp:featuredmedia":[{"embeddable":true,"href":"http:\/\/www.gzone.com.tr\/index.php\/wp-json\/wp\/v2\/media\/44718"}],"wp:attachment":[{"href":"http:\/\/www.gzone.com.tr\/index.php\/wp-json\/wp\/v2\/media?parent=44717"}],"wp:term":[{"taxonomy":"category","embeddable":true,"href":"http:\/\/www.gzone.com.tr\/index.php\/wp-json\/wp\/v2\/categories?post=44717"},{"taxonomy":"post_tag","embeddable":true,"href":"http:\/\/www.gzone.com.tr\/index.php\/wp-json\/wp\/v2\/tags?post=44717"}],"curies":[{"name":"wp","href":"https:\/\/api.w.org\/{rel}","templated":true}]}}