{"id":43987,"date":"2018-04-11T12:06:20","date_gmt":"2018-04-11T09:06:20","guid":{"rendered":"http:\/\/gzone.com.tr\/?p=43987"},"modified":"2018-04-11T12:06:20","modified_gmt":"2018-04-11T09:06:20","slug":"kurk-mantolu-madonna-filminin-yonetmeni-fatih-akin-olacak","status":"publish","type":"post","link":"http:\/\/www.gzone.com.tr\/index.php\/2018\/04\/11\/kurk-mantolu-madonna-filminin-yonetmeni-fatih-akin-olacak\/","title":{"rendered":"K\u00dcRK MANTOLU MADONNA F\u0130LM\u0130N\u0130N Y\u00d6NETMEN\u0130 FAT\u0130H AKIN OLACAK"},"content":{"rendered":"<p><strong>Milliyet yazar\u0131 Sina Kolo\u011flu, y\u00f6netmen Fatih Ak\u0131n\u2019\u0131n Sabahattin Ali\u2019nin k\u00fclt roman\u0131 \u2018K\u00fcrk Mantolu Madonna\u2019n\u0131n filmini \u00e7ekece\u011fini yazd\u0131. Kolo\u011flu&#8217;nun aktard\u0131\u011f\u0131na g\u00f6re film 2 dilli olarak \u00e7ekilecek.<\/strong><\/p>\n<p>Kolo\u011flu d\u00fcnk\u00fc yaz\u0131s\u0131nda, Ay Yap\u0131m\u2019\u0131n patronu Kerem \u00c7atay\u2019\u0131n World Screen\u2019e verdi\u011fi s\u00f6yle\u015fiyi aktard\u0131.<\/p>\n<p>\u00c7atay, \u201cTan\u0131nm\u0131\u015f T\u00fcrk roman\u0131 &#8216;K\u00fcrk Mantolu Madonna\u2019y\u0131 \u00e7ekmeye ba\u015flayaca\u011f\u0131z. Bu roman, ayn\u0131 zamanda ABD\u2019de best-seller\u201d derken Kolo\u011flu, filmi Almanya\u2019da Fatih Ak\u0131n\u2019\u0131n iki dilde \u00e7ekece\u011fini \u00f6\u011frendi\u011fini yazd\u0131.<\/p>\n<p>Kolo\u011flu \u015f\u00f6yle devam etti:<\/p>\n<p><em>\u201c\u2026Devreye Fatih Ak\u0131n girdi. Sonra anla\u015f\u0131ld\u0131 ki, uzun s\u00fcredir roman\u0131n pe\u015findeymi\u015f. B\u00f6yle bir durum olunca Ay Yap\u0131m, Ak\u0131n\u2019da karar k\u0131ld\u0131. \u015e\u00f6yle de yorumlar yap\u0131ld\u0131, \u2018Ak\u0131n, \u2018Yabanc\u0131 Dilde En \u0130yi Film Oscar\u0131\u2019n\u0131 al\u0131rsa, K\u00fcrk Mantolu Madonna\u2019ya ilgi daha da artar, istedi\u011fi \u00fcnl\u00fc oyuncuyu Maria Puder rol\u00fcne oturtur.\u2019 Bu olmad\u0131 ama kendisi yine de \u2018Alt\u0131n K\u00fcre\u2019 gibi \u00e7ok \u00f6nemli bir \u00f6d\u00fcl ald\u0131. Ak\u0131n, her daim oyuncular\u0131n sayg\u0131 duydu\u011fu bir y\u00f6netmendir. S\u00fcrpriz bir ismi bu rolde g\u00f6rebiliriz. Film \u00e7ekimlerine yaz\u0131n sonunda ba\u015flanaca\u011f\u0131 belirtiliyor. 2019 Berlin ve Cannes Film Festivali\u2019ne kat\u0131lmak ve tabii \u00f6d\u00fcl almak, ilk d\u00fc\u015f\u00fcnce\u2026\u201d<\/em><\/p>\n<p><strong>NE OLMU\u015eTU?<\/strong><\/p>\n<p>Ay Yap\u0131m, son y\u0131llarda pop\u00fclerli\u011fi giderek artan ve \u00e7ok satanlar listelerinden d\u00fc\u015fmeyen kitab\u0131n yap\u0131m haklar\u0131n\u0131 sat\u0131n ald\u0131\u011f\u0131n\u0131 duyurmu\u015f, projenin senaryo \u00e7al\u0131\u015fmalar\u0131n\u0131 Halit Ziya U\u015fakl\u0131gil\u2019in &#8216;A\u015fk-\u0131 Memnu&#8217; ve Re\u015fat Nuri G\u00fcntekin\u2019in &#8216;Yaprak D\u00f6k\u00fcm\u00fc&#8217; eserlerini televizyon dizisine d\u00f6n\u00fc\u015ft\u00fcren Ece Y\u00f6ren\u00e7\u2019in yapaca\u011f\u0131 a\u00e7\u0131klanm\u0131\u015ft\u0131.<\/p>\n<p>Maria Puder karakteri i\u00e7in \u015fu ana kadar kulislere Beren Saat ve Marion Cotillard\u2019\u0131n isimleri yans\u0131m\u0131\u015ft\u0131.<\/p>\n<p>Film i\u00e7in \u00f6nce ABD\u2019li film yap\u0131mc\u0131s\u0131 Harvey Weinstein\u2019le anla\u015f\u0131lm\u0131\u015f ancak Weinstein\u2019in ad\u0131n\u0131n taciz skandal\u0131na kar\u0131\u015fmas\u0131n\u0131n ard\u0131ndan proje rafa kalkm\u0131\u015ft\u0131.<\/p>\n<p>\u0130kinci D\u00fcnya Sava\u015f\u0131\u2019ndan \u00f6nce Berlin\u2019e giden Raif Efendi\u2019nin i\u00e7e kapan\u0131k ya\u015fam\u0131nda Maria Puder adl\u0131 Yahudi bir kad\u0131na duydu\u011fu a\u015fk\u0131 anlatan kitap, karakterlerin i\u00e7 d\u00fcnyalar\u0131n\u0131 ve birbiriyle ili\u015fkilerini konu ediyor.<\/p>\n<p>Kaynak: Sputnik T\u00fcrkiye (Milliyet)<\/p>\n","protected":false},"excerpt":{"rendered":"<p>Milliyet yazar\u0131 Sina Kolo\u011flu, y\u00f6netmen Fatih Ak\u0131n\u2019\u0131n Sabahattin Ali\u2019nin k\u00fclt roman\u0131 \u2018K\u00fcrk Mantolu Madonna\u2019n\u0131n filmini \u00e7ekece\u011fini yazd\u0131. Kolo\u011flu&#8217;nun aktard\u0131\u011f\u0131na g\u00f6re film 2 dilli olarak \u00e7ekilecek. Kolo\u011flu d\u00fcnk\u00fc yaz\u0131s\u0131nda, Ay Yap\u0131m\u2019\u0131n patronu Kerem \u00c7atay\u2019\u0131n World Screen\u2019e verdi\u011fi s\u00f6yle\u015fiyi aktard\u0131. \u00c7atay, \u201cTan\u0131nm\u0131\u015f T\u00fcrk roman\u0131 &#8216;K\u00fcrk Mantolu Madonna\u2019y\u0131 \u00e7ekmeye ba\u015flayaca\u011f\u0131z. Bu roman, ayn\u0131 zamanda ABD\u2019de best-seller\u201d derken Kolo\u011flu, &hellip;<\/p>\n","protected":false},"author":1,"featured_media":43988,"comment_status":"closed","ping_status":"open","sticky":false,"template":"","format":"standard","meta":{"footnotes":""},"categories":[28,61],"tags":[7400,229,6272],"class_list":["post-43987","post","type-post","status-publish","format-standard","has-post-thumbnail","","category-pop","category-sinematv","tag-fatih-akin","tag-film","tag-kurk-mantolu-madonna"],"_links":{"self":[{"href":"http:\/\/www.gzone.com.tr\/index.php\/wp-json\/wp\/v2\/posts\/43987","targetHints":{"allow":["GET"]}}],"collection":[{"href":"http:\/\/www.gzone.com.tr\/index.php\/wp-json\/wp\/v2\/posts"}],"about":[{"href":"http:\/\/www.gzone.com.tr\/index.php\/wp-json\/wp\/v2\/types\/post"}],"author":[{"embeddable":true,"href":"http:\/\/www.gzone.com.tr\/index.php\/wp-json\/wp\/v2\/users\/1"}],"replies":[{"embeddable":true,"href":"http:\/\/www.gzone.com.tr\/index.php\/wp-json\/wp\/v2\/comments?post=43987"}],"version-history":[{"count":1,"href":"http:\/\/www.gzone.com.tr\/index.php\/wp-json\/wp\/v2\/posts\/43987\/revisions"}],"predecessor-version":[{"id":43989,"href":"http:\/\/www.gzone.com.tr\/index.php\/wp-json\/wp\/v2\/posts\/43987\/revisions\/43989"}],"wp:featuredmedia":[{"embeddable":true,"href":"http:\/\/www.gzone.com.tr\/index.php\/wp-json\/wp\/v2\/media\/43988"}],"wp:attachment":[{"href":"http:\/\/www.gzone.com.tr\/index.php\/wp-json\/wp\/v2\/media?parent=43987"}],"wp:term":[{"taxonomy":"category","embeddable":true,"href":"http:\/\/www.gzone.com.tr\/index.php\/wp-json\/wp\/v2\/categories?post=43987"},{"taxonomy":"post_tag","embeddable":true,"href":"http:\/\/www.gzone.com.tr\/index.php\/wp-json\/wp\/v2\/tags?post=43987"}],"curies":[{"name":"wp","href":"https:\/\/api.w.org\/{rel}","templated":true}]}}