{"id":43876,"date":"2018-03-28T21:12:51","date_gmt":"2018-03-28T18:12:51","guid":{"rendered":"http:\/\/gzone.com.tr\/?p=43876"},"modified":"2018-03-28T21:12:51","modified_gmt":"2018-03-28T18:12:51","slug":"barbaros-sansal-hapiste-agir-homofobik-psikolojik-iskenceye-maruz-kaldim","status":"publish","type":"post","link":"http:\/\/www.gzone.com.tr\/index.php\/2018\/03\/28\/barbaros-sansal-hapiste-agir-homofobik-psikolojik-iskenceye-maruz-kaldim\/","title":{"rendered":"BARBAROS \u015eANSAL: HAP\u0130STE A\u011eIR HOMOFOB\u0130K PS\u0130KOLOJ\u0130K \u0130\u015eKENCEYE MARUZ KALDIM"},"content":{"rendered":"<p><strong>T\u00fcrkiye&#8217;de 2013&#8217;teki Gezi protestolar\u0131nda ad\u0131ndan s\u00f6z ettiren ve sosyal medyada \u00e7ok tart\u0131\u015f\u0131lan payla\u015f\u0131m\u0131 sonras\u0131 cezaevine giren, KKTC&#8217;den s\u0131n\u0131r d\u0131\u015f\u0131 edilen moda tasar\u0131mc\u0131s\u0131 Barbaros \u015eansal, Euronews&#8217;a \u00f6nemli a\u00e7\u0131klamalar yapt\u0131.<\/strong><\/p>\n<div id=\"newsbody\">\n<p>T\u00fcrkiye&#8217;de 2013&#8217;teki Gezi protestolar\u0131nda ad\u0131ndan s\u00f6z ettiren ve sosyal medyada \u00e7ok tart\u0131\u015f\u0131lan payla\u015f\u0131m\u0131 sonras\u0131 cezaevine giren moda tasar\u0131mc\u0131s\u0131 Barbaros \u015eansal euronews&#8217;in sorular\u0131n\u0131 yan\u0131tlad\u0131.<\/p>\n<p>\u015eansal, &#8216;T\u00fcrk halk\u0131na hakaret etmek&#8217;le su\u00e7land\u0131\u011f\u0131 s\u00f6zleri nedeniyle Kuzey K\u0131br\u0131s T\u00fcrk Cumhuriyeti&#8217;nden s\u0131n\u0131r d\u0131\u015f\u0131 edilmi\u015f, \u0130stanbul&#8217;da var\u0131\u015f\u0131nda havaliman\u0131nda sald\u0131r\u0131ya u\u011fram\u0131\u015ft\u0131.<\/p>\n<p>Moda tasar\u0131mc\u0131s\u0131 sonraki s\u00fcreci euronews muhabiri G\u00fcls\u00fcm Alan&#8217;a anlatt\u0131:<\/p>\n<p><strong>euronews:<\/strong><\/p>\n<p>Sosyal medyada bir video payla\u015ft\u0131ktan sonra KKTC&#8217;den s\u0131n\u0131r d\u0131\u015f\u0131 edildiniz. \u0130lk u\u00e7akla T\u00fcrkiye&#8217;ye getirildiniz. Ocak 2017 tarihinde lin\u00e7 giri\u015fimine u\u011frad\u0131n\u0131z. Ard\u0131ndan tutukland\u0131n\u0131z. Lin\u00e7 g\u00f6r\u00fcnt\u00fcleri t\u00fcm d\u00fcnyada b\u00fcy\u00fck yank\u0131 uyand\u0131rd\u0131. Cezaevinde bo\u015f durmad\u0131n\u0131z, bir kitap yazd\u0131n\u0131z. Kitab\u0131n ba\u015fl\u0131\u011f\u0131 neden Makam Odas\u0131 -Lin\u00e7 ? Blok C Koridor 9 H\u00fccre 72&#8217;de tek ba\u015f\u0131ma iktidarday\u0131m diyorsunuz. Benim makam odam herkesin makam odas\u0131n\u0131 d\u00f6ver. Bu makamda karanl\u0131klar her haliyle ayd\u0131nl\u0131\u011fa d\u00f6ner diyorsunuz. Burada ne anlatmaya \u00e7al\u0131\u015ft\u0131n\u0131z ?<\/p>\n<p><strong>Barbaros \u015eansal:<\/strong><\/p>\n<p>\u00c7\u00fcnk\u00fc yasad\u0131\u015f\u0131 bir \u015fekilde K\u0131br\u0131s&#8217;tan al\u0131nmam i\u00e7in bir makam odas\u0131ndan emir verildi ve bir h\u00fccrede sonlanan bu korkun\u00e7 macerada asl\u0131nda mesele odalar de\u011fildi. Dolay\u0131s\u0131 ile en g\u00fcvenli yerdeydim. Art\u0131k bana kimse zarar veremezdi. O izolasyona m\u00fcdahil edilmi\u015f h\u00fccre odas\u0131n\u0131 makam odas\u0131na \u00e7evirmekten ba\u015fka \u00e7are yoktu, o karanl\u0131\u011f\u0131 yarat\u0131l\u0131c\u0131l\u0131kla metaforlarla \u00f6zg\u00fcrl\u00fck ate\u015fiyle ayd\u0131nlatmaktan ba\u015fka \u00e7are yoktu. Linci makam odas\u0131ndan verilen bir emir olarak okumak gerekiyor. D\u00fcnyada da hep \u00f6yle oldu.<\/p>\n<p><strong>euronews: Ne kadar kald\u0131n\u0131z ?<\/strong><\/p>\n<p><strong>Barbaros \u015eansal:<\/strong><\/p>\n<p>56 g\u00fcn h\u00fccre ve tecritte kald\u0131m. G\u00fcn \u0131\u015f\u0131\u011f\u0131 g\u00f6rmeden. Zordu \u00e7\u00fcnk\u00fc T\u00fcrkiye&#8217;de zindanlar zor. T\u00fcrkiye&#8217;de gerek KHK&#8217;lar, gerek ola\u011fan\u00fcst\u00fc hal, gerek daha \u00f6nceki DGM, bug\u00fcnk\u00fc Sulh Ceza Mahkemeleri ad\u0131n\u0131 verdi\u011fimiz yap\u0131lar devletin nobran ve hoyrat g\u00fcc\u00fcn\u00fc; \u00f6zg\u00fcrl\u00fck\u00e7\u00fcler ve \u00f6tekiler, b\u00fct\u00fcn \u00f6tekiler \u00fczerinde kullanan bir yasal gayri yasal bir yap\u0131. Ben de onun kurbanlar\u0131ndan biriyim. Kald\u0131 ki tutuklanma gerek\u00e7eme delil olarak g\u00f6sterilen ekran \u00e7\u0131kt\u0131s\u0131n\u0131n da sahte oldu\u011fu mahkemece anla\u015f\u0131ld\u0131 yani operasyon ile yap\u0131lm\u0131\u015ft\u0131.<\/p>\n<p><strong>euronews: \u015eu anda son durum nedir ?<\/strong><\/p>\n<p><strong>Barbaros \u015eansal:<\/strong><\/p>\n<p>\u015eu anda denetimli serbestli\u011fe son kez \u0130stanbul&#8217;a u\u00e7uyorum imza vermek \u00fczere. Kart profesyonel sahibiyim. \u015eirket \u015fubesi a\u00e7t\u0131m Avrupa&#8217;da can g\u00fcvenli\u011fim nedeniyle ikamet i\u00e7in. Herhangi bir azil ya da refugee (\u0130ltica) durumum yok. \u0130\u015fadam\u0131y\u0131m. Mesle\u011fime bir y\u0131l sonra geri d\u00f6nebiliyorum. Daha farkl\u0131 bir formatta geri d\u00f6n\u00fcyorum. Maddi manevi kay\u0131plar olsa da telafi edilebilir. Yeter ki tutsaklar\u0131 kurtarabilelim biz.<\/p>\n<p><strong>euronews: Kitab\u0131n\u0131zda \u00fczerinize kapanan devletin karanl\u0131k perdesinden s\u00f6z ediyorsunuz&#8230;<\/strong><\/p>\n<p><strong>Barbaros \u015eansal:<\/strong><\/p>\n<p>O perde bir zamanlar demir perdeydi. B\u00f6yle mecazi anlamda s\u00f6yleyeyim. Bazen kara perde bu sefer de devletin perdesi. O parmakl\u0131klar\u0131n her bir \u00e7ubu\u011fu asl\u0131nda perdenin bir drapesi kadife gibi sunulan bir tiyatro, bir opera, bir retorik tiyatro perdesinin bir drapesiydi. Onlar kap\u0131lar\u0131 kapatt\u0131k\u00e7a ben daha \u00f6zg\u00fcrd\u00fcm i\u00e7erde. Antisemitik ve homofobik a\u011f\u0131r psikolojik i\u015fkenceye maruz kal\u0131yorsunuz. Benim gibi bir LGBT bireyseniz ve hak savunucusuysan\u0131z. Ama onlar nas\u0131ra d\u00f6n\u00fc\u015f\u00fcyor ve ac\u0131tm\u0131yor. Sonra manik\u00fcr ve pedik\u00fcr ile onlardan kurtuluyorsunuz. Yine devlet o manik\u00fcr\u00fc pedik\u00fcr\u00fc yap\u0131p temizliyor \u015fimdi T\u00fcrkiye Cumhuriyeti beni silahl\u0131 memurla koruyor.<\/p>\n<p><strong>euronews: Avrupa&#8217;n\u0131n d\u00f6rt bir taraf\u0131nda durumunuzu anlatmak i\u00e7in konu\u015fmac\u0131 olarak d\u00fczenlenen panellere kat\u0131l\u0131yorsunuz. T\u00fcrkiye&#8217;de OHAL devam ediyor. Yeniden cezaevine girmekten endi\u015fe etmiyor musunuz ?<\/strong><\/p>\n<p><strong>Barbaros \u015eansal:<\/strong><\/p>\n<p>250 bine yak\u0131n tutuklu \u015fu an T\u00fcrkiye&#8217;de cezaevlerinde, \u00f6\u011fretmenler, doktorlar, hakimler, avukatlar hatta 700&#8217;e yak\u0131n bebek. Burada cezaevine girmek \u00e7ok \u00f6nemli de\u011fil. Ben 1980 ihtilalinde de Selimiye, Sansaryan hepsini g\u00f6rd\u00fcm. Bence b\u00fct\u00fcn hakimlerin ve savc\u0131lar\u0131n da bir ay cezaevine girmesi gerekiyor; oradaki \u015fartlar\u0131 anlamas\u0131 i\u00e7in. Ceza de\u011fil, ceza ve infaz de\u011fil asl\u0131nda rehabilite ve tedavi olmas\u0131 gerekiyor bunu da hukuku tedavi ederek yapars\u0131n\u0131z. Girmemiz gerekirse gireriz. Hi\u00e7 s\u0131k\u0131nt\u0131 yok.<\/p>\n<p><strong>Euronews: Hapishanede i\u015fkence g\u00f6rd\u00fcn\u00fcz m\u00fc ? En zor olan neydi ?<\/strong><\/p>\n<p><strong>Barbaros \u015eansal:<\/strong><\/p>\n<p>Hapishanede ben i\u015fkence g\u00f6rmedim. Ama h\u00fccresini yakanlar, m\u00fc\u015fahade h\u00fccresine at\u0131lanlar, kad\u0131nlar\u0131n sabahlara kadar \u00e7\u0131\u011fl\u0131klar\u0131, iki g\u00f6\u011f\u00fcs ba\u015flar\u0131na toplu i\u011fneler bat\u0131r\u0131ld\u0131\u011f\u0131n\u0131 anlat\u0131yorlard\u0131 di\u011fer tutuklular. Silivri&#8217;de i\u015fkence var. T\u00fcrkiye&#8217;de b\u00fct\u00fcn cezaevlerinde Pozant\u0131&#8217;da Diyarbak\u0131r&#8217;da Ba\u011flar&#8217;da her yerde i\u015fkence var. Ama ben g\u00f6rmedim. Ben psikolojik ve Antisemitik ve homofobik i\u015fkence g\u00f6rd\u00fcm. Cezaevinde en zor olan \u015fey toprak. Toprak yok, ye\u015fil yok. \u0130ki tane \u00f6l\u00fc sivrisinek le\u015fi benim arkada\u015f\u0131md\u0131 o h\u00fccrede canl\u0131l\u0131k belirtisi olarak. Ba\u015fka canl\u0131l\u0131k yok. G\u00f6ky\u00fcz\u00fcm\u00fcz\u00fc de kafeslediler. Bir ku\u015fun bile avlumuza konmas\u0131na izin vermediler ama ku\u015flar \u00f6zg\u00fcr u\u00e7tular en az\u0131ndan o tutsak avlulara konmad\u0131lar.<\/p>\n<p><strong>euronews: Cezaevindeyken ailenizle arkada\u015flar\u0131n\u0131zla ileti\u015fime ge\u00e7ebiliyor muydunuz ? Yoksa d\u00fcnyadan kopuk muydunuz ?<\/strong><\/p>\n<p><strong>Barbaros \u015eansal:<\/strong><\/p>\n<p>Kopuksunuz&#8230;haftada bir g\u00fcn bir saat cam arkas\u0131ndan \u00e7ok s\u0131k\u0131 ince aramayla diafon \u00fczerinden konu\u015fuyorsunuz. O da isim verdi\u011finiz 3 ki\u015fi buna yetkili sadece ve de\u011fi\u015ftiremiyorsunuz. Avukat g\u00f6r\u00fc\u015f iznim vard\u0131 ben ter\u00f6rden ve KHK&#8217;dan tutuklu olmad\u0131\u011f\u0131m i\u00e7in. Bir\u00e7ok milletvekili T\u00fcrk milletvekili ziyaret edebildi. Yabanc\u0131 milletvekillerinin ve hak savunucular\u0131n\u0131n ziyaret etmesi yasak T\u00fcrkiye&#8217;de zaten. Zor tabii. Mektuplar\u0131n\u0131z\u0131 vermiyorlar. Dilek\u00e7elerinizi y\u00f6netime ula\u015ft\u0131rm\u0131yorlar. Ben lin\u00e7ten \u00e7\u0131km\u0131\u015f biri olarak idrar\u0131mdan kan gelen, di\u015fleri k\u0131r\u0131k, v\u00fccudu yara i\u00e7inde biri olarak sa\u011fl\u0131k hizmetleri alamad\u0131m h\u00fccredeyken. Zordur ama umutsuz de\u011fildir.<\/p>\n<p><strong>euronews: 61 ya\u015f\u0131ndas\u0131n\u0131z. Ge\u00e7mi\u015ften bu yana T\u00fcrkiye&#8217;de ya\u015fananlar\u0131 takip ediyorsunuz. T\u00fcrkiye&#8217;de ya\u015fananlar yeni \u015feyler mi yoksa tarih tekerr\u00fcr m\u00fc ediyor ?<\/strong><\/p>\n<p><strong>Barbaros \u015eansal:<\/strong><\/p>\n<p>Aynen tekerr\u00fcr ediyor. Eskiden Nil\u00fcfer Ko\u00e7yi\u011fit ile Bekir \u00c7elenk vard\u0131. \u015eimdi Reza Zarrab ile \u00d6zg\u00fcr (Ebru) G\u00fcnde\u015f var. Hep mafyac\u0131larla \u015fark\u0131c\u0131lar\u0131n a\u015fklar\u0131 \u00fczerinden siyaset y\u00fcr\u00fcyor. D\u00fc\u011f\u00fcnler ve cenazelerde \u00e7irkin foto\u011fraflar gazetelere d\u00f6k\u00fcl\u00fcyor. T\u00fcrkiye&#8217;de sistem de\u011fi\u015fmiyor. Sadece elbiseler de\u011fi\u015fiyor. Ben de bir kad\u0131n terzisi olarak \u00fclkenin o bozuk elbiselerini erken farkediyorum d\u00fczeltmeye \u00e7al\u0131\u015f\u0131yorum. Bu kadar basit yapmak istedi\u011fim asl\u0131nda.<\/p>\n<p><strong>euronews: Endi\u015felenebiliriz diyorsunuz ?<\/strong><\/p>\n<p><strong>Barbaros \u015eansal:<\/strong><\/p>\n<p>Endi\u015fe demeyelim. Kayg\u0131 diyelim. Endi\u015fe gereksiz bir \u015fey. Korku hi\u00e7 olmamal\u0131. Tabii ki kayg\u0131lar\u0131m\u0131z var. V\u00fccut b\u00fct\u00fcnl\u00fc\u011f\u00fcn\u00fcn dokunulmazl\u0131\u011f\u0131na zarar veriyorlar. \u0130fade ve d\u00fc\u015f\u00fcnce \u00f6zg\u00fcrl\u00fc\u011f\u00fcm\u00fcz\u00fc, seyahat \u00f6zg\u00fcrl\u00fc\u011f\u00fcm\u00fcz\u00fc engelliyorlar ama bunlar a\u015f\u0131labilir engeller. M\u00fccadeleye devam etmek gerekiyor. \u0130nsan haklar\u0131n\u0131 \u00fcst \u00e7at\u0131 yaparak e\u015fitlik payla\u015f\u0131m ve adalet \u00fczerine t\u00fcm d\u00fcnyay\u0131 biraraya getirip seslendirmek gerekiyor ve dinliyorlar.<\/p>\n<p><strong>euronews: Son mesaj\u0131n\u0131z?<\/strong><\/p>\n<p><strong>Barbaros \u015eansal:<\/strong><\/p>\n<p>\u0130nsanlar\u0131 sevin ancak insanlar\u0131 di\u011fer canl\u0131lardan ay\u0131rmay\u0131n. \u00c7\u00fcnk\u00fc her canl\u0131 e\u015fit ya\u015famak hakk\u0131na sahip. Biz misafirleriz bu kainat\u0131n, gezegenin i\u00e7inde. \u0130z b\u0131rakarak gidelim ama izinde gitmeyelim. \u0130z b\u0131rakan i\u015fler yapal\u0131m en az\u0131ndan arkam\u0131zdan birileri &#8216;Ya bu da bize omuz verdi el verdi bir kap yemek verdi&#8217; diyebilsin.<\/p>\n<\/div>\n","protected":false},"excerpt":{"rendered":"<p>T\u00fcrkiye&#8217;de 2013&#8217;teki Gezi protestolar\u0131nda ad\u0131ndan s\u00f6z ettiren ve sosyal medyada \u00e7ok tart\u0131\u015f\u0131lan payla\u015f\u0131m\u0131 sonras\u0131 cezaevine giren, KKTC&#8217;den s\u0131n\u0131r d\u0131\u015f\u0131 edilen moda tasar\u0131mc\u0131s\u0131 Barbaros \u015eansal, Euronews&#8217;a \u00f6nemli a\u00e7\u0131klamalar yapt\u0131. T\u00fcrkiye&#8217;de 2013&#8217;teki Gezi protestolar\u0131nda ad\u0131ndan s\u00f6z ettiren ve sosyal medyada \u00e7ok tart\u0131\u015f\u0131lan payla\u015f\u0131m\u0131 sonras\u0131 cezaevine giren moda tasar\u0131mc\u0131s\u0131 Barbaros \u015eansal euronews&#8217;in sorular\u0131n\u0131 yan\u0131tlad\u0131. \u015eansal, &#8216;T\u00fcrk halk\u0131na hakaret &hellip;<\/p>\n","protected":false},"author":1,"featured_media":37301,"comment_status":"closed","ping_status":"open","sticky":false,"template":"","format":"standard","meta":{"footnotes":""},"categories":[91,96],"tags":[6725,465],"class_list":["post-43876","post","type-post","status-publish","format-standard","has-post-thumbnail","","category-haberler","category-turkiye","tag-barbaros-sansal","tag-homofobi"],"_links":{"self":[{"href":"http:\/\/www.gzone.com.tr\/index.php\/wp-json\/wp\/v2\/posts\/43876","targetHints":{"allow":["GET"]}}],"collection":[{"href":"http:\/\/www.gzone.com.tr\/index.php\/wp-json\/wp\/v2\/posts"}],"about":[{"href":"http:\/\/www.gzone.com.tr\/index.php\/wp-json\/wp\/v2\/types\/post"}],"author":[{"embeddable":true,"href":"http:\/\/www.gzone.com.tr\/index.php\/wp-json\/wp\/v2\/users\/1"}],"replies":[{"embeddable":true,"href":"http:\/\/www.gzone.com.tr\/index.php\/wp-json\/wp\/v2\/comments?post=43876"}],"version-history":[{"count":1,"href":"http:\/\/www.gzone.com.tr\/index.php\/wp-json\/wp\/v2\/posts\/43876\/revisions"}],"predecessor-version":[{"id":43877,"href":"http:\/\/www.gzone.com.tr\/index.php\/wp-json\/wp\/v2\/posts\/43876\/revisions\/43877"}],"wp:featuredmedia":[{"embeddable":true,"href":"http:\/\/www.gzone.com.tr\/index.php\/wp-json\/wp\/v2\/media\/37301"}],"wp:attachment":[{"href":"http:\/\/www.gzone.com.tr\/index.php\/wp-json\/wp\/v2\/media?parent=43876"}],"wp:term":[{"taxonomy":"category","embeddable":true,"href":"http:\/\/www.gzone.com.tr\/index.php\/wp-json\/wp\/v2\/categories?post=43876"},{"taxonomy":"post_tag","embeddable":true,"href":"http:\/\/www.gzone.com.tr\/index.php\/wp-json\/wp\/v2\/tags?post=43876"}],"curies":[{"name":"wp","href":"https:\/\/api.w.org\/{rel}","templated":true}]}}