{"id":4369,"date":"2014-11-04T13:11:25","date_gmt":"2014-11-04T13:11:25","guid":{"rendered":"http:\/\/gzone.com.tr\/?p=4369"},"modified":"2014-11-04T13:11:25","modified_gmt":"2014-11-04T13:11:25","slug":"1980li-yillardan-escinsel-ciftler","status":"publish","type":"post","link":"http:\/\/www.gzone.com.tr\/index.php\/2014\/11\/04\/1980li-yillardan-escinsel-ciftler\/","title":{"rendered":"1980&#8217;L\u0130 YILLARDAN E\u015eC\u0130NSEL \u00c7\u0130FTLER"},"content":{"rendered":"<p>Amerikal\u0131 foto\u011fraf\u00e7\u0131 Sage Sohier, yanl\u0131\u015f bilgilendirmeler sonucundaki AIDS korkusundan kaynaklanan e\u015fcinsel d\u00fc\u015fmanl\u0131\u011f\u0131n\u0131n en fazla oldu\u011fu 1980&#8217;li y\u0131llarda ya\u015fayan e\u015fcinsel \u00e7iftleri foto\u011fraflam\u0131\u015f ancak bu foto\u011fraflar\u0131 g\u00fcn \u0131\u015f\u0131\u011f\u0131na \u00e7\u0131karmam\u0131\u015ft\u0131.<\/p>\n<p>&#8220;At Home With Themselves-Kendileriyle Evlerinde&#8221; isimli foto\u011fraf kitab\u0131nda bu 56 siyah beyaz foto\u011fraf\u0131 ilk kez yay\u0131nlayan foto\u011fraf\u00e7\u0131, vefat etmi\u015f olan II.D\u00fcnya Sava\u015f\u0131 gazisi babas\u0131n\u0131n , hi\u00e7 kabul etmemi\u015f olsa da, e\u015fcinsel oldu\u011funu bildi\u011fini ve bu foto\u011fraflar sayesinde bir anlamda onunla ba\u011flant\u0131 kurdu\u011funu itiraf ediyor.<\/p>\n<p>Bu kitaptan baz\u0131\u00a0kareler altta<\/p>\n<p><img loading=\"lazy\" decoding=\"async\" class=\"alignnone\" src=\"http:\/\/s2.postimg.org\/75i69b6jt\/longform_original_29797_1414518122_21.jpg\" alt=\"\" width=\"990\" height=\"668\" \/><\/p>\n<p><img loading=\"lazy\" decoding=\"async\" class=\"alignnone\" src=\"http:\/\/s27.postimg.org\/vuy4x58w3\/longform_original_12388_1414518123_26.jpg\" alt=\"\" width=\"990\" height=\"666\" \/><\/p>\n<p><img loading=\"lazy\" decoding=\"async\" class=\"alignnone\" src=\"http:\/\/s28.postimg.org\/gxreqs7n1\/longform_original_11723_1414518136_40.jpg\" alt=\"\" width=\"990\" height=\"668\" \/><\/p>\n<p><img loading=\"lazy\" decoding=\"async\" class=\"alignnone\" src=\"http:\/\/s7.postimg.org\/y1ncyqj0b\/longform_original_11101_1414518136_40.jpg\" alt=\"\" width=\"990\" height=\"663\" \/><\/p>\n<p><img loading=\"lazy\" decoding=\"async\" class=\"alignnone\" src=\"http:\/\/s30.postimg.org\/vwz3ciwvl\/longform_original_382_1414518129_23.jpg\" alt=\"\" width=\"990\" height=\"668\" \/><\/p>\n<p><img loading=\"lazy\" decoding=\"async\" class=\"alignnone\" src=\"http:\/\/s10.postimg.org\/3oymhwlcp\/longform_original_883_1414518139_20.jpg\" alt=\"\" width=\"990\" height=\"668\" \/><\/p>\n<p>Kitap <a href=\"http:\/\/sagesohier.com\/ahwt.html\" target=\"_blank\">BURADAN\u00a0<\/a>sat\u0131n al\u0131nabilinir.<\/p>\n<p>Kaynak:<a href=\"http:\/\/www.buzzfeed.com\/alanwhite\/18-intimate-portraits-of-same-sex-couples-in-the-1980s\" target=\"_blank\">BUZZFEED<\/a><\/p>\n<p>&nbsp;<\/p>\n<p>&nbsp;<\/p>\n","protected":false},"excerpt":{"rendered":"<p>Amerikal\u0131 foto\u011fraf\u00e7\u0131 Sage Sohier, yanl\u0131\u015f bilgilendirmeler sonucundaki AIDS korkusundan kaynaklanan e\u015fcinsel d\u00fc\u015fmanl\u0131\u011f\u0131n\u0131n en fazla oldu\u011fu 1980&#8217;li y\u0131llarda ya\u015fayan e\u015fcinsel \u00e7iftleri foto\u011fraflam\u0131\u015f ancak bu foto\u011fraflar\u0131 g\u00fcn \u0131\u015f\u0131\u011f\u0131na \u00e7\u0131karmam\u0131\u015ft\u0131. &#8220;At Home With Themselves-Kendileriyle Evlerinde&#8221; isimli foto\u011fraf kitab\u0131nda bu 56 siyah beyaz foto\u011fraf\u0131 ilk kez yay\u0131nlayan foto\u011fraf\u00e7\u0131, vefat etmi\u015f olan II.D\u00fcnya Sava\u015f\u0131 gazisi babas\u0131n\u0131n , hi\u00e7 kabul etmemi\u015f &hellip;<\/p>\n","protected":false},"author":1,"featured_media":4370,"comment_status":"open","ping_status":"open","sticky":false,"template":"","format":"standard","meta":{"footnotes":""},"categories":[92,720,91],"tags":[668,282],"class_list":["post-4369","post","type-post","status-publish","format-standard","has-post-thumbnail","","category-dunya","category-escinselyasam","category-haberler","tag-dunya-haberleri","tag-fotograf-sergisi"],"_links":{"self":[{"href":"http:\/\/www.gzone.com.tr\/index.php\/wp-json\/wp\/v2\/posts\/4369","targetHints":{"allow":["GET"]}}],"collection":[{"href":"http:\/\/www.gzone.com.tr\/index.php\/wp-json\/wp\/v2\/posts"}],"about":[{"href":"http:\/\/www.gzone.com.tr\/index.php\/wp-json\/wp\/v2\/types\/post"}],"author":[{"embeddable":true,"href":"http:\/\/www.gzone.com.tr\/index.php\/wp-json\/wp\/v2\/users\/1"}],"replies":[{"embeddable":true,"href":"http:\/\/www.gzone.com.tr\/index.php\/wp-json\/wp\/v2\/comments?post=4369"}],"version-history":[{"count":0,"href":"http:\/\/www.gzone.com.tr\/index.php\/wp-json\/wp\/v2\/posts\/4369\/revisions"}],"wp:featuredmedia":[{"embeddable":true,"href":"http:\/\/www.gzone.com.tr\/index.php\/wp-json\/wp\/v2\/media\/4370"}],"wp:attachment":[{"href":"http:\/\/www.gzone.com.tr\/index.php\/wp-json\/wp\/v2\/media?parent=4369"}],"wp:term":[{"taxonomy":"category","embeddable":true,"href":"http:\/\/www.gzone.com.tr\/index.php\/wp-json\/wp\/v2\/categories?post=4369"},{"taxonomy":"post_tag","embeddable":true,"href":"http:\/\/www.gzone.com.tr\/index.php\/wp-json\/wp\/v2\/tags?post=4369"}],"curies":[{"name":"wp","href":"https:\/\/api.w.org\/{rel}","templated":true}]}}