{"id":42942,"date":"2017-10-11T12:50:58","date_gmt":"2017-10-11T09:50:58","guid":{"rendered":"http:\/\/gzone.com.tr\/?p=42942"},"modified":"2017-10-11T12:50:58","modified_gmt":"2017-10-11T09:50:58","slug":"kosovada-yapilan-ilk-lgbti-onur-yuruyusune-devlet-baskani-da-katildi","status":"publish","type":"post","link":"http:\/\/www.gzone.com.tr\/index.php\/2017\/10\/11\/kosovada-yapilan-ilk-lgbti-onur-yuruyusune-devlet-baskani-da-katildi\/","title":{"rendered":"KOSOVA&#8217;DA YAPILAN \u0130LK LGBT\u0130 ONUR Y\u00dcR\u00dcY\u00dc\u015e\u00dc&#8217;NE DEVLET BA\u015eKANI DA KATILDI"},"content":{"rendered":"<p><strong>Balkan \u00fclkesi Kosova&#8217;da ilk kez bir LGBT\u0130 y\u00fcr\u00fcy\u00fc\u015f\u00fc ger\u00e7ekle\u015ftirildi. Kosova Devlet Ba\u015fkan\u0131 Ha\u015fim Ta\u00e7i de y\u00fcr\u00fcy\u00fc\u015fe kat\u0131larak destek verdi.<\/strong><\/p>\n<p>Kosova&#8217;n\u0131n ba\u015fkenti Pri\u015ftine&#8217;de yap\u0131lan e\u015fcinsel y\u00fcr\u00fcy\u00fc\u015f\u00fcne y\u00fczlerce ki\u015fi kat\u0131ld\u0131. Eylemciler, &#8220;A\u015fk\u0131n cinsiyeti yoktur&#8221; diye slogan att\u0131 ve g\u00f6kku\u015fa\u011f\u0131 bayraklar\u0131 ta\u015f\u0131d\u0131. \u00c7ok k\u00fc\u00e7\u00fck bir grup ise y\u00fcr\u00fcy\u00fc\u015f\u00fc protesto etti.<\/p>\n<p>Kosova Devlet Ba\u015fkan\u0131 Ha\u015fim Ta\u00e7i, &#8220;Kosova&#8217;daki kimsenin ait oldu\u011fu grup nedeniyle korku \u00e7ekmesine ve tehdit almas\u0131na izin vermeyiz&#8221; dedi. Y\u00fcr\u00fcy\u00fc\u015f\u00fcn organizat\u00f6r\u00fc Lendi Mustafa, &#8220;Farkl\u0131l\u0131klar\u0131 kapsayan bir topluma inan\u0131yoruz ve bu y\u00fcr\u00fcy\u00fc\u015f Kosova toplumuna katk\u0131 verecek&#8221; dedi.<\/p>\n<p><img loading=\"lazy\" decoding=\"async\" class=\"alignnone\" src=\"http:\/\/www.kosovapress.com\/public\/uploads\/image\/449x278\/paradaaaaalgbti.jpg\" width=\"449\" height=\"278\" \/><\/p>\n<p><img loading=\"lazy\" decoding=\"async\" class=\"alignnone\" src=\"http:\/\/www.balkanplus.net\/wp-content\/uploads\/2017\/10\/pride1.jpg\" width=\"630\" height=\"354\" \/><\/p>\n<p>Kaynak: H\u00fcrriyet<\/p>\n","protected":false},"excerpt":{"rendered":"<p>Balkan \u00fclkesi Kosova&#8217;da ilk kez bir LGBT\u0130 y\u00fcr\u00fcy\u00fc\u015f\u00fc ger\u00e7ekle\u015ftirildi. Kosova Devlet Ba\u015fkan\u0131 Ha\u015fim Ta\u00e7i de y\u00fcr\u00fcy\u00fc\u015fe kat\u0131larak destek verdi. Kosova&#8217;n\u0131n ba\u015fkenti Pri\u015ftine&#8217;de yap\u0131lan e\u015fcinsel y\u00fcr\u00fcy\u00fc\u015f\u00fcne y\u00fczlerce ki\u015fi kat\u0131ld\u0131. Eylemciler, &#8220;A\u015fk\u0131n cinsiyeti yoktur&#8221; diye slogan att\u0131 ve g\u00f6kku\u015fa\u011f\u0131 bayraklar\u0131 ta\u015f\u0131d\u0131. \u00c7ok k\u00fc\u00e7\u00fck bir grup ise y\u00fcr\u00fcy\u00fc\u015f\u00fc protesto etti. Kosova Devlet Ba\u015fkan\u0131 Ha\u015fim Ta\u00e7i, &#8220;Kosova&#8217;daki kimsenin ait &hellip;<\/p>\n","protected":false},"author":1,"featured_media":42943,"comment_status":"closed","ping_status":"open","sticky":false,"template":"","format":"standard","meta":{"footnotes":""},"categories":[92,91],"tags":[5230,394],"class_list":["post-42942","post","type-post","status-publish","format-standard","has-post-thumbnail","","category-dunya","category-haberler","tag-kosova","tag-lgbti"],"_links":{"self":[{"href":"http:\/\/www.gzone.com.tr\/index.php\/wp-json\/wp\/v2\/posts\/42942","targetHints":{"allow":["GET"]}}],"collection":[{"href":"http:\/\/www.gzone.com.tr\/index.php\/wp-json\/wp\/v2\/posts"}],"about":[{"href":"http:\/\/www.gzone.com.tr\/index.php\/wp-json\/wp\/v2\/types\/post"}],"author":[{"embeddable":true,"href":"http:\/\/www.gzone.com.tr\/index.php\/wp-json\/wp\/v2\/users\/1"}],"replies":[{"embeddable":true,"href":"http:\/\/www.gzone.com.tr\/index.php\/wp-json\/wp\/v2\/comments?post=42942"}],"version-history":[{"count":1,"href":"http:\/\/www.gzone.com.tr\/index.php\/wp-json\/wp\/v2\/posts\/42942\/revisions"}],"predecessor-version":[{"id":42944,"href":"http:\/\/www.gzone.com.tr\/index.php\/wp-json\/wp\/v2\/posts\/42942\/revisions\/42944"}],"wp:featuredmedia":[{"embeddable":true,"href":"http:\/\/www.gzone.com.tr\/index.php\/wp-json\/wp\/v2\/media\/42943"}],"wp:attachment":[{"href":"http:\/\/www.gzone.com.tr\/index.php\/wp-json\/wp\/v2\/media?parent=42942"}],"wp:term":[{"taxonomy":"category","embeddable":true,"href":"http:\/\/www.gzone.com.tr\/index.php\/wp-json\/wp\/v2\/categories?post=42942"},{"taxonomy":"post_tag","embeddable":true,"href":"http:\/\/www.gzone.com.tr\/index.php\/wp-json\/wp\/v2\/tags?post=42942"}],"curies":[{"name":"wp","href":"https:\/\/api.w.org\/{rel}","templated":true}]}}