{"id":42786,"date":"2017-09-24T12:44:03","date_gmt":"2017-09-24T09:44:03","guid":{"rendered":"http:\/\/gzone.com.tr\/?p=42786"},"modified":"2017-09-24T12:44:03","modified_gmt":"2017-09-24T09:44:03","slug":"galeri-sokakta-kendisini-taciz-edenleri-sosyal-medyada-boyle-teshir-ediyor","status":"publish","type":"post","link":"http:\/\/www.gzone.com.tr\/index.php\/2017\/09\/24\/galeri-sokakta-kendisini-taciz-edenleri-sosyal-medyada-boyle-teshir-ediyor\/","title":{"rendered":"GALER\u0130: SOKAKTA KEND\u0130S\u0130N\u0130 TAC\u0130Z EDENLER\u0130 SOSYAL MEDYADA B\u00d6YLE TE\u015eH\u0130R ED\u0130YOR"},"content":{"rendered":"<div class=\"b-article__lead\">\n<p><strong>Hollanda&#8217;n\u0131n Amsterdam kentinde ya\u015fayan 20 ya\u015f\u0131ndaki \u00fcniversite \u00f6\u011frencisi Noa Jansma, sokakta kendisini taciz eden erkekleri foto\u011fraf payla\u015f\u0131m sitesi Instagram&#8217;da te\u015fhir ediyor.<\/strong><\/p>\n<\/div>\n<div class=\"b-article__text\">\n<p>Bir\u00e7ok kad\u0131n gibi sokakta s\u00f6zl\u00fc ya da fiziksel tacize maruz kalan Noa&#8217;ya g\u00f6re, \u00e7o\u011fu kimse bu sorunun fark\u0131nda de\u011fil. Art\u0131k sokakta taciz edilmekten b\u0131kt\u0131\u011f\u0131n\u0131 s\u00f6yleyen gen\u00e7 kad\u0131n, \u00f6zellikle okulda ve yak\u0131n \u00e7evresindeki erkeklerin sorunun boyutlar\u0131n\u0131 bilmedi\u011fini belirtiyor.<\/p>\n<p>BBC T\u00fcrk\u00e7e&#8217;nin haberine g\u00f6re, Jansma, taciz sorununun boyutlar\u0131n\u0131 \u2018somut olarak yans\u0131tmak amac\u0131yla&#8217; Instagram&#8217;da &#8216;Dearcatcaller&#8217; ad\u0131yla bir hesap a\u00e7m\u0131\u015f. Parool gazetesine konu\u015fan Jansma, hi\u00e7bir zaman tacizcilere nas\u0131l tepki verece\u011fini bilemedi\u011fini belirterek, &#8220;Laf atanlara kar\u015f\u0131l\u0131k verince i\u015f kavgaya d\u00f6n\u00fc\u015f\u00fcyor. Onlar\u0131 g\u00f6rmezden gelmek de, hi\u00e7bir yapt\u0131r\u0131m olmadan herkese istedikleri \u015feyi s\u00f6yleme cesareti veriyor&#8221; dedi.<\/p>\n<p>Sokakta bir erke\u011fin, &#8220;Seni becermek istiyorum&#8221; demesinin iltifat olarak g\u00f6r\u00fclemeyece\u011fini vurgulayan Noa, kendisine laf atanlara birlikte foto\u011fraf \u00e7ektirmeyi teklif ediyor. Sonra da bu foto\u011fraflar\u0131 Instagram&#8217;da payla\u015f\u0131yor.<\/p>\n<p>Jansma&#8217;ya ait &#8216;Dearcatcaller&#8217; adl\u0131 hesapta, kendisini taciz eden s\u00fcr\u00fcc\u00fclerden in\u015faat i\u015f\u00e7ilerine kadar \u00e7ok say\u0131da erke\u011fin foto\u011fraflar\u0131 yer al\u0131yor.<\/p>\n<p>Jansma, tacizcileri ile foto\u011fraf \u00e7ektirme konusunda \u00f6nceleri teredd\u00fct ya\u015fam\u0131\u015f. Ancak kendisine laf atan bir ki\u015finin \u00f6nerisine hevesle kar\u015f\u0131l\u0131k vermesi onu rahatlatm\u0131\u015f. Noa&#8217;ya g\u00f6re, tacizcilerinin hemen hemen hepsi birlikte foto\u011fraf \u00e7ektirme \u00f6nerisine olumlu yan\u0131t vermi\u015f.<\/p>\n<p>\u0130\u015fte bu foto\u011fraflar:<\/p>\n<p>https:\/\/www.instagram.com\/p\/BY8upBwloCa\/?taken-by=dearcatcallers<\/p>\n<p>&nbsp;<\/p>\n<p>https:\/\/www.instagram.com\/p\/BZBs7Ayl9ZF\/?taken-by=dearcatcallers<\/p>\n<p>&nbsp;<\/p>\n<p>https:\/\/www.instagram.com\/p\/BZBzVgPlPnR\/?taken-by=dearcatcallers<\/p>\n<p>https:\/\/www.instagram.com\/p\/BZHFcNQlFMp\/?taken-by=dearcatcallers<\/p>\n<p>&nbsp;<\/p>\n<p>https:\/\/www.instagram.com\/p\/BZUi9vslNM9\/?taken-by=dearcatcallers<\/p>\n<p>&nbsp;<\/p>\n<p>https:\/\/www.instagram.com\/p\/BZRiw3xF4qF\/?taken-by=dearcatcallers<\/p>\n<p>&nbsp;<\/p>\n<p>&nbsp;<\/p>\n<\/div>\n","protected":false},"excerpt":{"rendered":"<p>Hollanda&#8217;n\u0131n Amsterdam kentinde ya\u015fayan 20 ya\u015f\u0131ndaki \u00fcniversite \u00f6\u011frencisi Noa Jansma, sokakta kendisini taciz eden erkekleri foto\u011fraf payla\u015f\u0131m sitesi Instagram&#8217;da te\u015fhir ediyor. Bir\u00e7ok kad\u0131n gibi sokakta s\u00f6zl\u00fc ya da fiziksel tacize maruz kalan Noa&#8217;ya g\u00f6re, \u00e7o\u011fu kimse bu sorunun fark\u0131nda de\u011fil. Art\u0131k sokakta taciz edilmekten b\u0131kt\u0131\u011f\u0131n\u0131 s\u00f6yleyen gen\u00e7 kad\u0131n, \u00f6zellikle okulda ve yak\u0131n \u00e7evresindeki erkeklerin sorunun &hellip;<\/p>\n","protected":false},"author":1,"featured_media":42787,"comment_status":"closed","ping_status":"open","sticky":false,"template":"","format":"standard","meta":{"footnotes":""},"categories":[92,91],"tags":[113,112,2271],"class_list":["post-42786","post","type-post","status-publish","format-standard","has-post-thumbnail","","category-dunya","category-haberler","tag-dunya-2","tag-haberler-2","tag-taciz"],"_links":{"self":[{"href":"http:\/\/www.gzone.com.tr\/index.php\/wp-json\/wp\/v2\/posts\/42786","targetHints":{"allow":["GET"]}}],"collection":[{"href":"http:\/\/www.gzone.com.tr\/index.php\/wp-json\/wp\/v2\/posts"}],"about":[{"href":"http:\/\/www.gzone.com.tr\/index.php\/wp-json\/wp\/v2\/types\/post"}],"author":[{"embeddable":true,"href":"http:\/\/www.gzone.com.tr\/index.php\/wp-json\/wp\/v2\/users\/1"}],"replies":[{"embeddable":true,"href":"http:\/\/www.gzone.com.tr\/index.php\/wp-json\/wp\/v2\/comments?post=42786"}],"version-history":[{"count":1,"href":"http:\/\/www.gzone.com.tr\/index.php\/wp-json\/wp\/v2\/posts\/42786\/revisions"}],"predecessor-version":[{"id":42788,"href":"http:\/\/www.gzone.com.tr\/index.php\/wp-json\/wp\/v2\/posts\/42786\/revisions\/42788"}],"wp:featuredmedia":[{"embeddable":true,"href":"http:\/\/www.gzone.com.tr\/index.php\/wp-json\/wp\/v2\/media\/42787"}],"wp:attachment":[{"href":"http:\/\/www.gzone.com.tr\/index.php\/wp-json\/wp\/v2\/media?parent=42786"}],"wp:term":[{"taxonomy":"category","embeddable":true,"href":"http:\/\/www.gzone.com.tr\/index.php\/wp-json\/wp\/v2\/categories?post=42786"},{"taxonomy":"post_tag","embeddable":true,"href":"http:\/\/www.gzone.com.tr\/index.php\/wp-json\/wp\/v2\/tags?post=42786"}],"curies":[{"name":"wp","href":"https:\/\/api.w.org\/{rel}","templated":true}]}}