{"id":42732,"date":"2017-09-19T11:20:27","date_gmt":"2017-09-19T08:20:27","guid":{"rendered":"http:\/\/gzone.com.tr\/?p=42732"},"modified":"2017-09-19T17:55:20","modified_gmt":"2017-09-19T14:55:20","slug":"irem-derici-yogun-bakima-alindi","status":"publish","type":"post","link":"http:\/\/www.gzone.com.tr\/index.php\/2017\/09\/19\/irem-derici-yogun-bakima-alindi\/","title":{"rendered":"\u0130REM DER\u0130C\u0130 YO\u011eUN BAKIMA ALINDI"},"content":{"rendered":"<p><strong>\u0130rem Derici yo\u011fun bak\u0131mda&#8230; Sa\u011fl\u0131k problemleri nedeniyle hastaneye kald\u0131r\u0131lan \u015fark\u0131c\u0131 \u0130rem Derici\u2019nin yo\u011fun bak\u0131ma al\u0131nd\u0131\u011f\u0131 a\u00e7\u0131kland\u0131.<\/strong><\/p>\n<p>Halsizlik, yorgunluk ve kar\u0131n a\u011fr\u0131s\u0131 \u015fikayetiyle ge\u00e7ti\u011fimiz hafta hastaneye kald\u0131r\u0131lan ve konserlerini iptal etti\u011fini duyuran \u0130rem Derici, d\u00fcn yo\u011fun bak\u0131ma al\u0131nd\u0131. Ac\u0131badem Fulya Hastanesi Ba\u015fhekimi Prof. Dr. Reha Baran, Derici\u2019nin sa\u011fl\u0131k durumuyla ilgili yapt\u0131\u011f\u0131 a\u00e7\u0131klamada \u015fu ifadeleri kulland\u0131:<\/p>\n<p>\u201cHastam\u0131z \u0130rem Derici gastroenterit ve idrar yolu enfeksiyonu tan\u0131lar\u0131 ile takip edilirken geli\u015fen elektrolit dengesizlikleri, v\u00fccut toplam su dengesi bozukluklar\u0131 ve solunum zorlu\u011fu nedeniyle yo\u011fun bak\u0131m \u00fcnitesinde izlem ve tedaviye al\u0131nm\u0131\u015ft\u0131r. Hastam\u0131z\u0131n tedavisi s\u00fcrmektedir.\u201d<\/p>\n<p><strong>S\u0130NAN AK\u00c7IL\u2019DAN HABER VAR<\/strong><\/p>\n<p>Herkes \u0130rem Derici\u2019nin yo\u011fun bak\u0131ma al\u0131nmas\u0131n\u0131n \u015fokunu ya\u015farken sevindirici haber \u015fark\u0131c\u0131n\u0131n yak\u0131n dostu Sinan Ak\u00e7\u0131l\u2019dan geldi. Derici\u2019yi ziyarete gitti\u011fini ve durumunun iyi oldu\u011funu s\u00f6yleyen Ak\u00e7\u0131l, \u0130rem Derici hayranlar\u0131n\u0131n y\u00fcre\u011fine su serpecek \u015fu a\u00e7\u0131klamada bulundu\u2026<\/p>\n","protected":false},"excerpt":{"rendered":"<p>\u0130rem Derici yo\u011fun bak\u0131mda&#8230; Sa\u011fl\u0131k problemleri nedeniyle hastaneye kald\u0131r\u0131lan \u015fark\u0131c\u0131 \u0130rem Derici\u2019nin yo\u011fun bak\u0131ma al\u0131nd\u0131\u011f\u0131 a\u00e7\u0131kland\u0131. Halsizlik, yorgunluk ve kar\u0131n a\u011fr\u0131s\u0131 \u015fikayetiyle ge\u00e7ti\u011fimiz hafta hastaneye kald\u0131r\u0131lan ve konserlerini iptal etti\u011fini duyuran \u0130rem Derici, d\u00fcn yo\u011fun bak\u0131ma al\u0131nd\u0131. Ac\u0131badem Fulya Hastanesi Ba\u015fhekimi Prof. Dr. Reha Baran, Derici\u2019nin sa\u011fl\u0131k durumuyla ilgili yapt\u0131\u011f\u0131 a\u00e7\u0131klamada \u015fu ifadeleri kulland\u0131: \u201cHastam\u0131z &hellip;<\/p>\n","protected":false},"author":1,"featured_media":27603,"comment_status":"closed","ping_status":"open","sticky":false,"template":"","format":"standard","meta":{"footnotes":""},"categories":[39,28],"tags":[2855,275,415],"class_list":["post-42732","post","type-post","status-publish","format-standard","has-post-thumbnail","","category-muzik","category-pop","tag-irem-derici","tag-muzik-2","tag-pop-2"],"_links":{"self":[{"href":"http:\/\/www.gzone.com.tr\/index.php\/wp-json\/wp\/v2\/posts\/42732","targetHints":{"allow":["GET"]}}],"collection":[{"href":"http:\/\/www.gzone.com.tr\/index.php\/wp-json\/wp\/v2\/posts"}],"about":[{"href":"http:\/\/www.gzone.com.tr\/index.php\/wp-json\/wp\/v2\/types\/post"}],"author":[{"embeddable":true,"href":"http:\/\/www.gzone.com.tr\/index.php\/wp-json\/wp\/v2\/users\/1"}],"replies":[{"embeddable":true,"href":"http:\/\/www.gzone.com.tr\/index.php\/wp-json\/wp\/v2\/comments?post=42732"}],"version-history":[{"count":1,"href":"http:\/\/www.gzone.com.tr\/index.php\/wp-json\/wp\/v2\/posts\/42732\/revisions"}],"predecessor-version":[{"id":42748,"href":"http:\/\/www.gzone.com.tr\/index.php\/wp-json\/wp\/v2\/posts\/42732\/revisions\/42748"}],"wp:featuredmedia":[{"embeddable":true,"href":"http:\/\/www.gzone.com.tr\/index.php\/wp-json\/wp\/v2\/media\/27603"}],"wp:attachment":[{"href":"http:\/\/www.gzone.com.tr\/index.php\/wp-json\/wp\/v2\/media?parent=42732"}],"wp:term":[{"taxonomy":"category","embeddable":true,"href":"http:\/\/www.gzone.com.tr\/index.php\/wp-json\/wp\/v2\/categories?post=42732"},{"taxonomy":"post_tag","embeddable":true,"href":"http:\/\/www.gzone.com.tr\/index.php\/wp-json\/wp\/v2\/tags?post=42732"}],"curies":[{"name":"wp","href":"https:\/\/api.w.org\/{rel}","templated":true}]}}