{"id":42453,"date":"2017-08-22T09:33:51","date_gmt":"2017-08-22T06:33:51","guid":{"rendered":"http:\/\/gzone.com.tr\/?p=42453"},"modified":"2017-08-22T09:33:51","modified_gmt":"2017-08-22T06:33:51","slug":"cinsel-istismar-skandalinin-asil-magduru-olan-cocugu-dusundunuz-mu","status":"publish","type":"post","link":"http:\/\/www.gzone.com.tr\/index.php\/2017\/08\/22\/cinsel-istismar-skandalinin-asil-magduru-olan-cocugu-dusundunuz-mu\/","title":{"rendered":"C\u0130NSEL \u0130ST\u0130SMAR SKANDALININ ASIL MA\u011eDURU OLAN \u00c7OCU\u011eU D\u00dc\u015e\u00dcND\u00dcN\u00dcZ M\u00dc?"},"content":{"rendered":"<p><strong>KaosGL&#8217;den Y\u0131ld\u0131z Tar, G\u00f6kku\u015fa\u011f\u0131 Forumu&#8217;nda d\u00fcn okudu\u011fumuz Sivas \u00dclk\u00fc Oca\u011f\u0131 Eski Ba\u015fkan\u0131 O\u011fuz Bulut&#8217;un 15 ya\u015f\u0131nda bir erkek \u00e7ocu\u011fu istismar ederken yakalanmas\u0131ndaki gizli \u00f6zne ve as\u0131l ma\u011fdur olan &#8220;o \u00e7ocukla&#8221; \u00a0ilgili endi\u015felerini dile getirdi.\u00a0<\/strong><\/p>\n<p>\u0130\u015fte &#8220;Bask\u0131n basan\u0131nd\u0131r ya da su\u00e7 ve ceza&#8221; ba\u015fl\u0131kl\u0131 bu yaz\u0131:<\/p>\n<p><em>\u201cSedat Peker&#8217;in dava arkada\u015f\u0131 Sivas \u00dclk\u00fc Oca\u011f\u0131 eski ba\u015fkan\u0131 O\u011fuz Bulut erkek \u00e7ocukla bas\u0131ld\u0131.\u201d<\/em><\/p>\n<p>Sabahtan beri bu c\u00fcmle ve varyasyonlar\u0131n\u0131 i\u00e7eren ka\u00e7 haber okuduk, ka\u00e7 video linkine t\u0131klad\u0131k, ka\u00e7 yaz\u0131 inceledik bilmiyorum. Ortada bir video, videoda yer alan \u015fah\u0131slar, bu \u015fah\u0131slardan birinin \u00dclk\u00fc Ocaklar\u0131\u2019ndan olmas\u0131 ve dahas\u0131 Sedat Peker\u2019in arkada\u015f\u0131 olmas\u0131 ger\u00e7e\u011fi var.<\/p>\n<p>Gelin en ba\u015ftan ba\u015flayal\u0131m. Bahsi ge\u00e7en video nas\u0131l bir video? Eve giren birileri var. Arkada sesleri duyuluyor. Muhtemelen bu ki\u015filerden birisi \u201c15 ya\u015f\u0131ndaki erkek \u00e7ocu\u011fun\u201d annesi. \u00c7ekim eve girildi\u011fi anda ba\u015fl\u0131yor. Belli ki bu \u201cbask\u0131na\u201d haz\u0131rlan\u0131lm\u0131\u015f. \u201cSu\u00e7\u00fcst\u00fc\u201d yap\u0131l\u0131yor. Sonras\u0131nda anne oldu\u011fu iddia edilen ki\u015fi O\u011fuz Bulut\u2019u ay\u0131pl\u0131yor. Bulut kendini \u201cKahve i\u00e7meye \u00e7a\u011f\u0131rd\u0131\u201d geldim diye savunmaya \u00e7al\u0131\u015f\u0131yor. Allahtan videoda 15 ya\u015f\u0131nda oldu\u011fu s\u00f6ylenen \u201cerkek \u00e7ocuk\u201d yer alm\u0131yor.<\/p>\n<p>Bu video bize ne hissettiriyor? Planlanm\u0131\u015f bir bask\u0131n ve ortak olunmas\u0131 icap eden \u201crezil r\u00fcsva olma hali\u201d. Rezil olan kim: O\u011fuz Bulut. Neden rezil oluyor? Kimilerine g\u00f6re \u00e7ocuk istismar\u0131ndan ancak ekseri \u00e7o\u011funlu\u011fa g\u00f6re \u201cerkek \u00e7ocukla\u201d ili\u015fkiye girmekten.<\/p>\n<p>Akl\u0131ma Osmanl\u0131\u2019dan bir minyat\u00fcr geliyor. Cinsel ili\u015fkiye giren iki erke\u011fin (yeti\u015fkinler mi bilemiyoruz) davulla, zurnayla bas\u0131lmas\u0131 an\u0131. Minyat\u00fcr ger\u00e7ek mi bilmiyorum ama anlatmak istedi\u011fi ziyadesiyle ger\u00e7ek. Bask\u0131n\u0131n birle\u015ftiren, yek v\u00fccut hale getiren \u015fevki!<\/p>\n<p>\u201cBunlar hep b\u00f6yle\u201d c\u00fcmleleri havada u\u00e7u\u015fuyor. Kim onlar? \u00dclk\u00fcc\u00fcler, sa\u011fc\u0131lar vs. Nas\u0131llar? \u00c7ocuk istismarc\u0131s\u0131 m\u0131? Yooo. O c\u00fcmledeki \u201cb\u00f6yle\u201d en hafif tabirle \u201co\u011flanc\u0131\u201d, imlemek istedi\u011fi ise \u201cgizli ibne\u201d.<\/p>\n<p>Bir di\u011fer yandan O\u011fuz Bulut\u2019un \u201cLGBT\u0130+\u201d oldu\u011fu s\u00f6yleniyor. Kimileri bunu homofobileri i\u00e7in kullan\u0131yor, kimileri ise bu bilgiden homofobi ile istismar\u0131 ayr\u0131\u015ft\u0131rmak i\u00e7in faydalan\u0131yor. Oysaki en temelde bu bilgi yanl\u0131\u015f! Cinsel y\u00f6nelim ve cinsiyet kimli\u011fi \u00f6yle bizim birilerine atamam\u0131zla olmaz. Tek bir \u015fekilde olur: Beyan! O\u011fuz Bulut kendisi hakk\u0131nda bir \u015fey demedi\u011fi s\u00fcrece onun e\u015fcinsel, biseks\u00fcel ya da ba\u015fka bir cinsel y\u00f6nelimde veya cinsiyet kimli\u011finde oldu\u011funu varsayamay\u0131z.<\/p>\n<p>Bu meseleden ve \u00e7ocu\u011fa y\u00f6nelik cinsel istismardan ba\u011f\u0131ms\u0131z olarak erkek oldu\u011fu varsay\u0131lan iki ki\u015finin cinsel birliktelik ya\u015famas\u0131 onlar\u0131n sadece cinsel birliktelik ya\u015fad\u0131klar\u0131n\u0131 g\u00f6sterir. Cinsel y\u00f6nelimlerine dair hi\u00e7bir bilgi vermez.<\/p>\n<p>\u00c7ocuk istismar\u0131 tart\u0131\u015fmas\u0131na girme niyetinde de\u011filim. Ancak videoyu g\u00f6rd\u00fc\u011f\u00fcmden beri \u00fcz\u00fcld\u00fc\u011f\u00fcm bir durum var: 15 ya\u015f\u0131ndaki \u00e7ocuk! Kimse \u00e7ocu\u011fu d\u00fc\u015f\u00fcnm\u00fcyor. Kimse bu video ile neler ya\u015fayabilece\u011fini hesaba katm\u0131yor. En ba\u015fta da videoyu \u00e7ekenler ve yay\u0131nlayanlar! Videodan beri kafamda senaryolar dola\u015f\u0131yor. Re\u015fit olmayan ki\u015fi yani \u00e7ocuk belki internetten yaz\u0131\u015ft\u0131, ev bo\u015fken g\u00f6r\u00fc\u015fmek istedi, bu durum ebeveynleri ya da videoyu \u00e7ekenler taraf\u0131ndan fark edildi ve \u201cbas\u0131ld\u0131lar!\u201d Evet yap\u0131lan eylem tam olarak bu: Basmak. Hatta daha amiyane tabirle bu c\u00fcmleyi yazanlar\u0131n ve videoyu \u00e7ekenlerin akl\u0131ndan ge\u00e7en, \u201ci\u015f \u00fcst\u00fcnde basmak\u201d.<\/p>\n<p>Belki olaylar hi\u00e7 b\u00f6yle geli\u015fmedi. Belki ili\u015fkiye zorland\u0131. Tehdit edildi. Belki edilmedi. Belki, belki, belki\u2026<\/p>\n<p>Bu belkiler bizi ilgilendiriyor mu? \u0130lgilendirmemesi gerekir de\u011fil mi s\u00f6z konusu \u00e7ocuk olunca? Ama o \u00e7ocuk, ergen ya da re\u015fit olmayan ki\u015finin neler ya\u015fad\u0131\u011f\u0131n\u0131 ve ya\u015fayabilece\u011fini d\u00fc\u015f\u00fcnmek hepimizi ilgilendiriyor.<\/p>\n<p>Re\u015fit olmayan bir ki\u015fi yani yasalara g\u00f6re bir \u00e7ocukla \u201ccebir, hile ve tehdit\u201d olmaks\u0131z\u0131n \u201ccinsel ili\u015fki\u201d su\u00e7. Cebir, hile ve tehdit oldu\u011funda; cinsel istismar s\u00f6z konusuysa ceza art\u0131yor. \u00c7ocu\u011fun ya\u015f\u0131na g\u00f6re de cezan\u0131n durumu de\u011fi\u015fiyor.<\/p>\n<p>Peki bu video yayg\u0131nla\u015ft\u0131\u011f\u0131ndan beri yarg\u0131 s\u00fcrecini hi\u00e7 d\u00fc\u015f\u00fcnd\u00fck m\u00fc? Neyin su\u00e7 oldu\u011funa kafa yorduk mu? Ekseriyetle hay\u0131r. Zira bask\u0131n ve bu bask\u0131na seyir yoluyla ortak olma \u015fevkine kap\u0131l\u0131nd\u0131. Ve zaten su\u00e7un cezas\u0131 video yoluyla verilmi\u015fti. Gerisi kimin umrunda?<\/p>\n<p>Oysaki bu videonun yayg\u0131nla\u015fmas\u0131 \u00e7ocu\u011fu tehdit alt\u0131nda b\u0131rakabilir. Hukuka g\u00fcvenmiyor olabiliriz. Bunun i\u00e7in \u00e7ok hakl\u0131 gerek\u00e7elerimiz de olabilir. Ancak \u201cma\u011fdurlar\u0131 korumamakla, ma\u011fdurun haklar\u0131n\u0131 g\u00f6zetmemekle, ma\u011fdurun bilgilerini payla\u015fmakla\u201d ele\u015ftirdi\u011fimiz hukukun yapt\u0131klar\u0131n\u0131n ayn\u0131s\u0131n\u0131 neden yap\u0131yoruz?<\/p>\n<p>Video ne zaman \u00e7ekildi? Bilmiyoruz. Belki eski bir video. Belki daha d\u00fcn ya\u015fand\u0131. Bilmedi\u011fimiz di\u011fer \u015fey ise \u201c15 ya\u015f\u0131ndaki erkek \u00e7ocu\u011fun\u201d \u015fu anda nerede, neler ya\u015f\u0131yor oldu\u011fu. Videoda g\u00f6r\u00fcnm\u00fcyor, ad\u0131 san\u0131 yok ancak k\u00fc\u00e7\u00fck yerlerde laf, s\u00f6z h\u0131zla yay\u0131l\u0131r. Videoyu \u00e7eken ki\u015filerin yan\u0131nda m\u0131? Ne diyorlar ona her g\u00fcn? Neler ya\u015f\u0131yor?<\/p>\n<p>O\u011fuz Bulut bug\u00fcn belki soka\u011fa \u00e7\u0131kam\u0131yor. Ancak soka\u011fa \u00e7\u0131kamayan ba\u015fka biri daha var: \u201c15 ya\u015f\u0131ndaki erkek \u00e7ocuk\u201d.<\/p>\n<p>K\u0131v\u0131lc\u0131m Turanl\u0131, Kaos GL dergisinin \u201c\u00c7ocuk\u201d say\u0131s\u0131na yazd\u0131\u011f\u0131\u00a0<a href=\"http:\/\/www.kaosgl.com\/sayfa.php?id=24234\">\u201c\u00c7ocu\u011fun Cinsel Haklar\u0131\u201d<\/a>\u00a0ba\u015fl\u0131kl\u0131 yaz\u0131s\u0131nda \u015f\u00f6yle diyor:<\/p>\n<p>\u201c\u00c7ocuk \u00f6rg\u00fctleri, \u00e7ocuklar\u0131n cinsel haklar\u0131n\u0131 \u00fc\u00e7 ba\u015fl\u0131kta toplar; cinsel s\u00f6m\u00fcr\u00fcden korunma hakk\u0131, cinselli\u011fini ifade etme hakk\u0131 ve cinsel e\u011fitim hakk\u0131.\u201d<\/p>\n<p>Bu \u00fc\u00e7 hak \u00fczerinden ya\u015fananlar\u0131 d\u00fc\u015f\u00fcn\u00fcrsek, cinsel s\u00f6m\u00fcr\u00fcden korunma hakk\u0131n\u0131 en ba\u015fta ihlal edenler aras\u0131nda o videoyu \u00e7ekenler yer al\u0131yor. Ortada b\u00f6yle bir durum varsa, bunun istismar oldu\u011fu d\u00fc\u015f\u00fcn\u00fcl\u00fcyorsa ilk yap\u0131lmas\u0131 gereken o videoyu \u00e7ekmek midir? Hadi dava a\u00e7may\u0131 d\u00fc\u015f\u00fcnd\u00fcn\u00fcz, delil laz\u0131m. Peki video neden yay\u0131nland\u0131? Hele hele videoyu \u00e7ekenler aras\u0131nda \u00e7ocu\u011fun ebeveynleri yani yasal olarak \u00e7ocu\u011fu cinsel s\u00f6m\u00fcr\u00fcden korumas\u0131 gerekenler oldu\u011funu d\u00fc\u015f\u00fcnd\u00fc\u011f\u00fcm\u00fczde olay daha vahim bir hal al\u0131yor. Yan\u0131 s\u0131ra san\u0131r\u0131m kimse bu olay b\u00f6yle herkese a\u00e7\u0131ld\u0131\u011f\u0131nda ailesinin veya yak\u0131n \u00e7evresinin \u00e7ocu\u011fa, \u201c\u00c7ok ge\u00e7mi\u015f olsun. \u0130stismara u\u011frad\u0131n. Yan\u0131nday\u0131z\u201d dedi\u011fini sanm\u0131yordur. Veya \u00fclke olarak LGBT\u0130+ haklar\u0131 ve kavray\u0131\u015f\u0131 konusunda Hollanda d\u00fczeyine geldik de benim haberim yok!<\/p>\n<p>Ben olanlar\u0131 s\u00f6yleyeyim: Videodaki re\u015fit ki\u015fi ile re\u015fit olmayan toplum ve yak\u0131n \u00e7evresi nezdinde ayn\u0131 muameleyi g\u00f6rd\u00fc! Her ikisi de \u201cbas\u0131ld\u0131lar\u201d!<\/p>\n<p>Ya\u015fananlar yarg\u0131ya ta\u015f\u0131nd\u0131 m\u0131? Bilmiyoruz.<\/p>\n<p>\u00c7ocuk yasal ve sosyal koruma alt\u0131na al\u0131nd\u0131 m\u0131? Bilmiyoruz.<\/p>\n<p>Hem videodaki \u015fah\u0131s ile ya\u015fad\u0131klar\u0131 a\u00e7\u0131s\u0131ndan hem de videonun yay\u0131nlanmas\u0131na ili\u015fkin o \u201c15 ya\u015f\u0131ndaki erkek \u00e7ocuk\u201d ne hissediyor? Ne durumda? Bilmiyoruz.<\/p>\n<p>Bildiklerimiz bilmediklerimizi g\u00f6lgeliyor. Ve olan yine o \u201c15 ya\u015f\u0131ndaki erkek \u00e7ocu\u011fa\u201d oluyor.<\/p>\n<p>\u00dczg\u00fcn\u00fcm. Kimse o \u00e7ocu\u011fu ger\u00e7ekten d\u00fc\u015f\u00fcnmedi\u011fi i\u00e7in.<\/p>\n<p>\u00dczg\u00fcn\u00fcm, bu mevzuyu ilk g\u00f6rd\u00fc\u011f\u00fcm andan itibaren \u201cya o bas\u0131lan \u00e7ocuk ben olsayd\u0131m, ailem elinde kamera ile bassayd\u0131\u201d fikri ve b\u00f6yle bir durumda ya\u015f\u0131m ka\u00e7 olursa olsun kimsenin beni asla ve asla dinlemeyece\u011fi endi\u015fesi d\u0131\u015f\u0131nda hi\u00e7bir \u015feyi d\u00fc\u015f\u00fcnmeme m\u00fcsaade etmeyen bir toplumda ya\u015famak zorunda kald\u0131\u011f\u0131m i\u00e7in.<\/p>\n<p>\u00dczg\u00fcn\u00fcm yukar\u0131daki \u00fc\u00e7 haktan ikincisini, \u201c\u00e7ocu\u011fun cinselli\u011fini ifade etme hakk\u0131n\u0131\u201d asla konu\u015famayan, d\u00fc\u015f\u00fcnemeyen bir \u00fclkede ya\u015fad\u0131\u011f\u0131m\u0131z i\u00e7in\u2026<\/p>\n<p>\u00dczg\u00fcn\u00fcm, o \u201c15 ya\u015f\u0131ndaki erkek \u00e7ocu\u011fun\u201d cinsel y\u00f6nelim veya cinsiyet kimli\u011fini ifade etmesine olanak tan\u0131mad\u0131\u011f\u0131m\u0131z, \u201cerkek \u00e7ocuk\u201d diye bir milyon kere vurgulad\u0131\u011f\u0131m\u0131z i\u00e7in\u2026<\/p>\n<p>Ve yine \u00fczg\u00fcn\u00fcm \u201c\u00e7ocu\u011fa y\u00f6nelik cinsel istismar\u201d meselesini siyasi koz, intikam, tehdit, karalama arac\u0131 haline getirmeyi, ilk refleksimizin &#8220;\u00e7ocu\u011fu korumak&#8221; olmamas\u0131n\u0131\u00a0bu kadar ola\u011fan kar\u015f\u0131lad\u0131\u011f\u0131m\u0131z i\u00e7in\u2026<\/p>\n<p><a href=\"http:\/\/www.kaosgl.com\/sayfa.php?id=24434\"><span style=\"color: #ff0000;\"><strong>KaosGL&#8217;den al\u0131nan yaz\u0131n\u0131n asl\u0131na buradan ula\u015fabilirsiniz.\u00a0<\/strong><\/span><\/a><\/p>\n<p><em>*Haber g\u00f6rseli temsilidir.<\/em><\/p>\n","protected":false},"excerpt":{"rendered":"<p>KaosGL&#8217;den Y\u0131ld\u0131z Tar, G\u00f6kku\u015fa\u011f\u0131 Forumu&#8217;nda d\u00fcn okudu\u011fumuz Sivas \u00dclk\u00fc Oca\u011f\u0131 Eski Ba\u015fkan\u0131 O\u011fuz Bulut&#8217;un 15 ya\u015f\u0131nda bir erkek \u00e7ocu\u011fu istismar ederken yakalanmas\u0131ndaki gizli \u00f6zne ve as\u0131l ma\u011fdur olan &#8220;o \u00e7ocukla&#8221; \u00a0ilgili endi\u015felerini dile getirdi.\u00a0 \u0130\u015fte &#8220;Bask\u0131n basan\u0131nd\u0131r ya da su\u00e7 ve ceza&#8221; ba\u015fl\u0131kl\u0131 bu yaz\u0131: \u201cSedat Peker&#8217;in dava arkada\u015f\u0131 Sivas \u00dclk\u00fc Oca\u011f\u0131 eski ba\u015fkan\u0131 O\u011fuz &hellip;<\/p>\n","protected":false},"author":1,"featured_media":42454,"comment_status":"closed","ping_status":"open","sticky":false,"template":"","format":"standard","meta":{"footnotes":""},"categories":[91,96],"tags":[112,529,7302],"class_list":["post-42453","post","type-post","status-publish","format-standard","has-post-thumbnail","","category-haberler","category-turkiye","tag-haberler-2","tag-turkiye-2","tag-ulku-ocagi"],"_links":{"self":[{"href":"http:\/\/www.gzone.com.tr\/index.php\/wp-json\/wp\/v2\/posts\/42453","targetHints":{"allow":["GET"]}}],"collection":[{"href":"http:\/\/www.gzone.com.tr\/index.php\/wp-json\/wp\/v2\/posts"}],"about":[{"href":"http:\/\/www.gzone.com.tr\/index.php\/wp-json\/wp\/v2\/types\/post"}],"author":[{"embeddable":true,"href":"http:\/\/www.gzone.com.tr\/index.php\/wp-json\/wp\/v2\/users\/1"}],"replies":[{"embeddable":true,"href":"http:\/\/www.gzone.com.tr\/index.php\/wp-json\/wp\/v2\/comments?post=42453"}],"version-history":[{"count":1,"href":"http:\/\/www.gzone.com.tr\/index.php\/wp-json\/wp\/v2\/posts\/42453\/revisions"}],"predecessor-version":[{"id":42455,"href":"http:\/\/www.gzone.com.tr\/index.php\/wp-json\/wp\/v2\/posts\/42453\/revisions\/42455"}],"wp:featuredmedia":[{"embeddable":true,"href":"http:\/\/www.gzone.com.tr\/index.php\/wp-json\/wp\/v2\/media\/42454"}],"wp:attachment":[{"href":"http:\/\/www.gzone.com.tr\/index.php\/wp-json\/wp\/v2\/media?parent=42453"}],"wp:term":[{"taxonomy":"category","embeddable":true,"href":"http:\/\/www.gzone.com.tr\/index.php\/wp-json\/wp\/v2\/categories?post=42453"},{"taxonomy":"post_tag","embeddable":true,"href":"http:\/\/www.gzone.com.tr\/index.php\/wp-json\/wp\/v2\/tags?post=42453"}],"curies":[{"name":"wp","href":"https:\/\/api.w.org\/{rel}","templated":true}]}}