{"id":42353,"date":"2017-08-10T12:32:20","date_gmt":"2017-08-10T09:32:20","guid":{"rendered":"http:\/\/gzone.com.tr\/?p=42353"},"modified":"2017-08-10T12:32:20","modified_gmt":"2017-08-10T09:32:20","slug":"izle-mfoden-6-yil-aradan-sonra-video","status":"publish","type":"post","link":"http:\/\/www.gzone.com.tr\/index.php\/2017\/08\/10\/izle-mfoden-6-yil-aradan-sonra-video\/","title":{"rendered":"\u0130ZLE: MF\u00d6&#8217;DEN 6 YIL ARADAN SONRA V\u0130DEO"},"content":{"rendered":"<p><strong>MF\u00d6, 6 y\u0131l sonra akustik \u015fark\u0131lar\u0131ndan olu\u015fan &#8216;Kendi Kendine\u2019 alb\u00fcm\u00fcnden T\u00fcrk&#8217;\u00fcz T\u00fcrk\u00fc \u00c7a\u011f\u0131r\u0131r\u0131z \u015fark\u0131s\u0131na klip \u00e7ekti.<\/strong><\/p>\n<p>MF\u00d6\u00a06 y\u0131l sonra akustik \u015fark\u0131lar\u0131ndan olu\u015fan &#8216;Kendi Kendine\u2019 alb\u00fcm\u00fcnden&#8221;T\u00fcrk&#8217;\u00fcz T\u00fcrk\u00fc \u00c7a\u011f\u0131r\u0131r\u0131z&#8221; \u015fark\u0131s\u0131na klip \u00e7ekti.<\/p>\n<p>&nbsp;<\/p>\n<p><iframe loading=\"lazy\" title=\"Mazhar Fuat \u00d6zkan - T\u00fcrk&#039;\u00fcz T\u00fcrk\u00fc \u00c7a\u011f\u0131r\u0131r\u0131z\" width=\"618\" height=\"348\" src=\"https:\/\/www.youtube.com\/embed\/hyYggG6-TnY?feature=oembed\" frameborder=\"0\" allow=\"accelerometer; autoplay; clipboard-write; encrypted-media; gyroscope; picture-in-picture; web-share\" referrerpolicy=\"strict-origin-when-cross-origin\" allowfullscreen><\/iframe><\/p>\n<p>&nbsp;<\/p>\n<p><strong>1971&#8217;DEK\u0130 ALB\u00dcM\u00dcN \u0130SM\u0130<\/strong><\/p>\n<p>Hi\u00e7 elektronik enstr\u00fcman kullanmadan haz\u0131rlanan \u2018Kendi Kendine\u2019 alb\u00fcm\u00fc MF\u00d6 tarihinde bir ilk. Alb\u00fcm\u00fcn ilk klibi \u2018T\u00fcrk\u2019\u00fcz T\u00fcrk\u00fc \u00c7a\u011f\u0131r\u0131r\u0131z\u2019 \u015fark\u0131s\u0131na \u00e7ekildi. \u015eark\u0131n\u0131n s\u00f6zleri A\u015f\u0131k Veysel\u2019e m\u00fczi\u011fi Mazhar Alanson\u2019a ait. \u015eark\u0131, hen\u00fcz Mazhar ve Fuat\u2019ken 1971\u2019de \u00e7\u0131kartt\u0131klar\u0131 alb\u00fcm\u00fcn ismiydi. 46 y\u0131l aradan sonra ayn\u0131 \u015fark\u0131y\u0131 MF\u00d6 olarak yeniden seslendirdiler.<\/p>\n<p><strong>T\u00dcRK BAYRA\u011eINI ANIMSATACAK \u015eEK\u0130LDE TASARLANDI<\/strong><\/p>\n<p>Klip k\u0131rm\u0131z\u0131 fonun \u00f6n\u00fcnde beyaz \u0131\u015f\u0131klarla T\u00fcrk bayra\u011f\u0131 renklerini an\u0131msatacak bi\u00e7imde tasarland\u0131. Klibin y\u00f6netmenli\u011fini daha \u00f6nce Sezen Aksu, Tarkan, Kenan Do\u011fulu, Erkan O\u011fur gibi isimlere klip de \u00e7eken tv programlar\u0131 ile de yak\u0131ndan tan\u0131d\u0131\u011f\u0131m\u0131z \u00fcnl\u00fc y\u00f6netmen \u015eafak Bakkalba\u015f\u0131o\u011flu yapt\u0131.<\/p>\n","protected":false},"excerpt":{"rendered":"<p>MF\u00d6, 6 y\u0131l sonra akustik \u015fark\u0131lar\u0131ndan olu\u015fan &#8216;Kendi Kendine\u2019 alb\u00fcm\u00fcnden T\u00fcrk&#8217;\u00fcz T\u00fcrk\u00fc \u00c7a\u011f\u0131r\u0131r\u0131z \u015fark\u0131s\u0131na klip \u00e7ekti. MF\u00d6\u00a06 y\u0131l sonra akustik \u015fark\u0131lar\u0131ndan olu\u015fan &#8216;Kendi Kendine\u2019 alb\u00fcm\u00fcnden&#8221;T\u00fcrk&#8217;\u00fcz T\u00fcrk\u00fc \u00c7a\u011f\u0131r\u0131r\u0131z&#8221; \u015fark\u0131s\u0131na klip \u00e7ekti. &nbsp; &nbsp; 1971&#8217;DEK\u0130 ALB\u00dcM\u00dcN \u0130SM\u0130 Hi\u00e7 elektronik enstr\u00fcman kullanmadan haz\u0131rlanan \u2018Kendi Kendine\u2019 alb\u00fcm\u00fc MF\u00d6 tarihinde bir ilk. Alb\u00fcm\u00fcn ilk klibi \u2018T\u00fcrk\u2019\u00fcz T\u00fcrk\u00fc \u00c7a\u011f\u0131r\u0131r\u0131z\u2019 \u015fark\u0131s\u0131na \u00e7ekildi. &hellip;<\/p>\n","protected":false},"author":1,"featured_media":42354,"comment_status":"closed","ping_status":"open","sticky":false,"template":"","format":"standard","meta":{"footnotes":""},"categories":[39,28],"tags":[7297,275],"class_list":["post-42353","post","type-post","status-publish","format-standard","has-post-thumbnail","","category-muzik","category-pop","tag-mfo","tag-muzik-2"],"_links":{"self":[{"href":"http:\/\/www.gzone.com.tr\/index.php\/wp-json\/wp\/v2\/posts\/42353","targetHints":{"allow":["GET"]}}],"collection":[{"href":"http:\/\/www.gzone.com.tr\/index.php\/wp-json\/wp\/v2\/posts"}],"about":[{"href":"http:\/\/www.gzone.com.tr\/index.php\/wp-json\/wp\/v2\/types\/post"}],"author":[{"embeddable":true,"href":"http:\/\/www.gzone.com.tr\/index.php\/wp-json\/wp\/v2\/users\/1"}],"replies":[{"embeddable":true,"href":"http:\/\/www.gzone.com.tr\/index.php\/wp-json\/wp\/v2\/comments?post=42353"}],"version-history":[{"count":1,"href":"http:\/\/www.gzone.com.tr\/index.php\/wp-json\/wp\/v2\/posts\/42353\/revisions"}],"predecessor-version":[{"id":42355,"href":"http:\/\/www.gzone.com.tr\/index.php\/wp-json\/wp\/v2\/posts\/42353\/revisions\/42355"}],"wp:featuredmedia":[{"embeddable":true,"href":"http:\/\/www.gzone.com.tr\/index.php\/wp-json\/wp\/v2\/media\/42354"}],"wp:attachment":[{"href":"http:\/\/www.gzone.com.tr\/index.php\/wp-json\/wp\/v2\/media?parent=42353"}],"wp:term":[{"taxonomy":"category","embeddable":true,"href":"http:\/\/www.gzone.com.tr\/index.php\/wp-json\/wp\/v2\/categories?post=42353"},{"taxonomy":"post_tag","embeddable":true,"href":"http:\/\/www.gzone.com.tr\/index.php\/wp-json\/wp\/v2\/tags?post=42353"}],"curies":[{"name":"wp","href":"https:\/\/api.w.org\/{rel}","templated":true}]}}