{"id":42191,"date":"2017-07-29T20:12:48","date_gmt":"2017-07-29T17:12:48","guid":{"rendered":"http:\/\/gzone.com.tr\/?p=42191"},"modified":"2017-07-29T20:12:48","modified_gmt":"2017-07-29T17:12:48","slug":"esref-kolcak-oglu-harun-kolcaki-cinsel-yonelimi-yuzunden-reddettigi-soylentilerini-yanitladi","status":"publish","type":"post","link":"http:\/\/www.gzone.com.tr\/index.php\/2017\/07\/29\/esref-kolcak-oglu-harun-kolcaki-cinsel-yonelimi-yuzunden-reddettigi-soylentilerini-yanitladi\/","title":{"rendered":"E\u015eREF KOL\u00c7AK O\u011eLU HARUN KOL\u00c7AK&#8217;I C\u0130NSEL Y\u00d6NEL\u0130M\u0130 Y\u00dcZ\u00dcNDEN REDDETT\u0130\u011e\u0130 S\u00d6YLENT\u0130LER\u0130N\u0130 YANITLADI"},"content":{"rendered":"<p><strong>Ge\u00e7ti\u011fimiz hafta kaybetti\u011fimiz, pop m\u00fczi\u011fin \u00f6nemli isimlerinden olan Harun Kol\u00e7ak&#8217;\u0131n oyuncu olan babas\u0131 E\u015fref Kol\u00e7ak verdi\u011fi r\u00f6portajda Harun Kol\u00e7ak&#8217;\u0131 cinsel y\u00f6nelimi y\u00fcz\u00fcnden reddedip reddetmedi\u011fi s\u00f6yletileriyle ilgili soruya &#8220;Ne olursa olsun, o benim o\u011flumdur. \u00d6yle \u015feyler insan\u0131n kendisini ilgilendirir.\u00a0Neden reddedeyim?\u00a0&#8221; \u015feklinde cevap verdi.\u00a0<\/strong><\/p>\n<p>E\u015fref Kol\u00e7ak, Posta gazetesinden I\u015f\u0131n Cinmen&#8217;e verdi\u011fi r\u00f6portajda \u00f6nemli a\u00e7\u0131klamalar yapt\u0131. R\u00f6portajda m\u00fczik yap\u0131mc\u0131s\u0131 \u015eahin \u00d6zer, \u015fark\u0131c\u0131 \u0130brahim Tatl\u0131ses ve Harun Kol\u00e7ak hakk\u0131nda \u00e7irkin bir yaz\u0131 kaleme alan Cengiz Semercio\u011flu, E\u015fref Kol\u00e7ak&#8217;\u0131n sert s\u00f6zlerinden nasibini ald\u0131.<\/p>\n<p>\u0130\u015fte bu r\u00f6portajdan ilgi \u00e7ekici b\u00f6l\u00fcmler.<\/p>\n<p><strong>Ba\u015f\u0131n\u0131z sa\u011f olsun. Evlat ac\u0131s\u0131n\u0131n \u00fczerine ac\u0131 yoktur derler&#8230;\u00a0<\/strong><\/p>\n<p>Ben en son 70 y\u0131l \u00f6nce \u00fcz\u00fcld\u00fcm k\u0131z\u0131m. En b\u00fcy\u00fck ac\u0131y\u0131 anac\u0131\u011f\u0131m\u0131 kaybetti\u011fimde ya\u015fad\u0131m. Hayat\u0131n bitti\u011fini d\u00fc\u015f\u00fcnd\u00fcm. Y\u0131l 1947\u2019ydi. 20 ya\u015f\u0131ndayd\u0131m. Sonra 56 y\u0131ll\u0131k e\u015fimi kaybettim, \u015fimdi o\u011flumu&#8230; Ne e\u015fim ne de o\u011flum i\u00e7in \u00fcz\u00fcnt\u00fc duydum. Gayet tabii \u00fcz\u00fcld\u00fcm ama anamdan sonra hi\u00e7bir ac\u0131 kalbime ula\u015fmad\u0131. Kendimi yerlere at\u0131p, paralamad\u0131m.<\/p>\n<p><strong>O\u011flunuzu en son ne zaman g\u00f6rd\u00fcn\u00fcz?\u00a0<\/strong><\/p>\n<p>Hastaneye gitmedim. Onu o halde g\u00f6rmek istemedim. Harun da, \u201cBabam hakl\u0131. Beni bu halde g\u00f6rmek istemez\u201d dedi. Menajeri birka\u00e7 kez Harun\u2019u g\u00f6rmemi istedi ama \u201c\u00c7ocuklar, hayalimdeki Harun nas\u0131lsa \u00f6yle kals\u0131n\u201d dedim. En son May\u0131s ay\u0131nda Yalova\u2019daki konserinde g\u00f6rd\u00fcm. Hali ho\u015fuma gitmedi.<\/p>\n<p><b class=\"ng-binding\">Size s\u00f6yledi\u011fi son c\u00fcmle ne oldu?<\/b><\/p>\n<p class=\"ng-binding\">\u201cBen iyiyim. Telefonu doktora veriyorum, doktorla konu\u015f.\u201d Son c\u00fcmlesi buydu. \u00d6lece\u011fini biliyordu. Uzatmak istemedi. \u0130la\u00e7lar\u0131n\u0131 da kas\u0131tl\u0131 olarak alm\u0131yordu. 15 Temmuz do\u011fum g\u00fcn\u00fcyd\u00fc, birka\u00e7 g\u00fcn sonra da \u00f6ld\u00fc&#8230; Ama \u00f6ld\u00fc\u011f\u00fcn\u00fc hissettim biliyor musun?<\/p>\n<p class=\"ng-binding\"><strong>Nas\u0131l?<\/strong><\/p>\n<p>Harun, Yenge\u00e7 burcuydu. O g\u00fcn mutfa\u011fa girdi\u011fimde buzdolab\u0131mdaki yenge\u00e7 m\u0131knast\u0131s\u0131n\u0131n yere d\u00fc\u015ft\u00fc\u011f\u00fcn\u00fc g\u00f6rd\u00fcm. Yerde duran yengece bakt\u0131m ve \u201cO\u011flan gidiyor\u201d dedim. Nitekim \u00fc\u00e7 saat sonra gitti. Onu burada, Gemlik\u2019te defnettim. Harun\u2019u anneci\u011finin kuca\u011f\u0131na verdim. Zaman\u0131 gelince ben de yanlar\u0131na yataca\u011f\u0131m. Cenazesi kalabal\u0131kt\u0131, seveni \u00e7oktu ama beni \u00e7ok \u00fczen bir \u015fey oldu.<\/p>\n<p><b class=\"ng-binding\">Uyu\u015fturucu ve alkol kulland\u0131\u011f\u0131yla ilgili yaz\u0131 m\u0131?<\/b><\/p>\n<p class=\"ng-binding\">Evet. Adam\u0131 tan\u0131mam&#8230; Cengiz Semercio\u011flu diye biri yazm\u0131\u015f. Ya bu kadar terbiyesizlik olur mu? Ay\u0131pt\u0131r! \u00d6len birini k\u00f6t\u00fcleyerek ne kazan\u0131rs\u0131n be adam. Alkol tamam&#8230; Ama Harun katiyen uyu\u015fturucu kullanmad\u0131. Doktoru da a\u00e7\u0131klad\u0131. O yaz\u0131y\u0131 yazana k\u00fcf\u00fcr bile etmem!<\/p>\n<p class=\"ng-binding\"><strong>Harun Bey\u2019in alkol sorunu var m\u0131yd\u0131?<\/strong><\/p>\n<p>Vard\u0131. Bir-iki defa hastaneye zor yeti\u015ftirdim. Ben de zaman\u0131nda \u00e7ok alkol ald\u0131m ama bir yerden sonra gider yatard\u0131m. Ah benim dik kafal\u0131 Harun\u2019um&#8230; O \u00f6yle de\u011fildi ki&#8230; Komaya girene kadar devam ederdi. \u00c7ok \u00fcz\u00fcl\u00fcyordum ama \u201cBaba kar\u0131\u015fma sen\u201d derdi. \u00dczerine gittik\u00e7e daha beter olur diye gitmedim. Ba\u015fkas\u0131na zarar veremedi\u011fi i\u00e7in kendisine verdi. \u0130ncitmemek i\u00e7in incindi.<\/p>\n<p><b class=\"ng-binding\">Niye \u00fczg\u00fcnd\u00fc?<\/b><\/p>\n<p class=\"ng-binding\">Haruncu\u011fum yap\u0131mc\u0131lar taraf\u0131ndan \u00e7ok harcand\u0131. \u0130nsan diye kabul etmedi\u011fim \u0130brahim Tatl\u0131ses&#8230; Ondan evvel de \u015eahin \u00d6zer denen ahlak yoksunu&#8230; Biri \u00fc\u00e7 y\u0131l, \u00f6b\u00fcr\u00fc d\u00f6rt y\u0131l Harun\u2019u oyalad\u0131. O\u011flan\u0131n yedi y\u0131l\u0131n\u0131 mahvettiler. \u201cBug\u00fcn yar\u0131n, bug\u00fcn yar\u0131n\u201d diye diye alb\u00fcmlerini yapmad\u0131lar, b\u0131rakmad\u0131lar da&#8230; Alkolle o h\u0131rs\u0131n\u0131 tatmin etmeye \u00e7al\u0131\u015f\u0131yordu ama mutlu \u00f6ld\u00fc.<\/p>\n<p class=\"ng-binding\"><strong>Siz iyi bir baba oldunuz mu?\u00a0<\/strong><\/p>\n<p>Ben baba de\u011fildim, arkada\u015ft\u0131m. K\u00fc\u00e7\u00fcc\u00fckken bile onunla hep yeti\u015fkin gibi konu\u015ftum. Bebekli\u011finden beri \u00e7ok merakl\u0131yd\u0131. Her sorusuna uzun uzun cevap verirdim. E\u015fim bile bu kadar \u00fczerine d\u00fc\u015fmemi yad\u0131rgard\u0131. Onun hep bilin\u00e7li bir \u00e7ocuk olmas\u0131n\u0131 isterdim.<\/p>\n<p><strong>Bir pi\u015fmanl\u0131\u011f\u0131n\u0131z var m\u0131?\u00a0<\/strong><\/p>\n<p>Evlenmesini \u00e7ok isterdim. \u00d6zellikle de anac\u0131\u011f\u0131&#8230; Herkesin torunu var. Ben de torunum olsun isterdim. \u00d6ld\u00fc\u011f\u00fcmde bizden kimse kalmayacak.<\/p>\n<p><b class=\"ng-binding\">Evlenmesi i\u00e7in bask\u0131 yapt\u0131n\u0131z m\u0131?<\/b><\/p>\n<p class=\"ng-binding\">Y\u00fcr\u00fcme engelli bir arkada\u015f\u0131 vard\u0131. \u00c7ok iyi bir ailenin k\u0131z\u0131yd\u0131. Biz evlenmelerini istedik. \u201cBaba ben evlenemem\u201d dedi.<\/p>\n<p><strong>Cinsel y\u00f6nelimi sebebiyle onu reddetti\u011finize ili\u015fkin s\u00f6ylentiler vard\u0131&#8230;\u00a0<\/strong><\/p>\n<p>Ne olursa olsun, o benim o\u011flumdur. \u00d6yle \u015feyler insan\u0131n kendisini ilgilendirir. Harun\u2019un H\u0131ristiyan oldu\u011fu haberleri de \u00e7\u0131km\u0131\u015ft\u0131. O haberi \u00e7\u0131karan ki\u015fi sonra benden \u00f6z\u00fcr diledi. Anadolu\u2019ya gitti\u011fimde bile s\u00fcrekli o\u011flumu neden terk etti\u011fimi soruyorlar. Bunlar\u0131 s\u00f6yleyenlerin baba-o\u011ful m\u00fcnasebetinden haberi yok mu? \u0130yi veya k\u00f6t\u00fc o benim o\u011flumdur. Neden reddedeyim?<\/p>\n<p class=\"ng-binding\"><img loading=\"lazy\" decoding=\"async\" class=\"alignnone\" src=\"http:\/\/static.birgun.net\/resim\/haber-detay-resim\/2017\/07\/20\/esref-kolcak-oglu-harun-olcak-olumunun-ardindan-konustu-323329-5.jpg\" width=\"620\" height=\"344\" \/><\/p>\n","protected":false},"excerpt":{"rendered":"<p>Ge\u00e7ti\u011fimiz hafta kaybetti\u011fimiz, pop m\u00fczi\u011fin \u00f6nemli isimlerinden olan Harun Kol\u00e7ak&#8217;\u0131n oyuncu olan babas\u0131 E\u015fref Kol\u00e7ak verdi\u011fi r\u00f6portajda Harun Kol\u00e7ak&#8217;\u0131 cinsel y\u00f6nelimi y\u00fcz\u00fcnden reddedip reddetmedi\u011fi s\u00f6yletileriyle ilgili soruya &#8220;Ne olursa olsun, o benim o\u011flumdur. \u00d6yle \u015feyler insan\u0131n kendisini ilgilendirir.\u00a0Neden reddedeyim?\u00a0&#8221; \u015feklinde cevap verdi.\u00a0 E\u015fref Kol\u00e7ak, Posta gazetesinden I\u015f\u0131n Cinmen&#8217;e verdi\u011fi r\u00f6portajda \u00f6nemli a\u00e7\u0131klamalar yapt\u0131. R\u00f6portajda m\u00fczik &hellip;<\/p>\n","protected":false},"author":1,"featured_media":42192,"comment_status":"closed","ping_status":"open","sticky":false,"template":"","format":"standard","meta":{"footnotes":""},"categories":[39,28],"tags":[5259,275,415],"class_list":["post-42191","post","type-post","status-publish","format-standard","has-post-thumbnail","","category-muzik","category-pop","tag-harun-kolcak","tag-muzik-2","tag-pop-2"],"_links":{"self":[{"href":"http:\/\/www.gzone.com.tr\/index.php\/wp-json\/wp\/v2\/posts\/42191","targetHints":{"allow":["GET"]}}],"collection":[{"href":"http:\/\/www.gzone.com.tr\/index.php\/wp-json\/wp\/v2\/posts"}],"about":[{"href":"http:\/\/www.gzone.com.tr\/index.php\/wp-json\/wp\/v2\/types\/post"}],"author":[{"embeddable":true,"href":"http:\/\/www.gzone.com.tr\/index.php\/wp-json\/wp\/v2\/users\/1"}],"replies":[{"embeddable":true,"href":"http:\/\/www.gzone.com.tr\/index.php\/wp-json\/wp\/v2\/comments?post=42191"}],"version-history":[{"count":1,"href":"http:\/\/www.gzone.com.tr\/index.php\/wp-json\/wp\/v2\/posts\/42191\/revisions"}],"predecessor-version":[{"id":42193,"href":"http:\/\/www.gzone.com.tr\/index.php\/wp-json\/wp\/v2\/posts\/42191\/revisions\/42193"}],"wp:featuredmedia":[{"embeddable":true,"href":"http:\/\/www.gzone.com.tr\/index.php\/wp-json\/wp\/v2\/media\/42192"}],"wp:attachment":[{"href":"http:\/\/www.gzone.com.tr\/index.php\/wp-json\/wp\/v2\/media?parent=42191"}],"wp:term":[{"taxonomy":"category","embeddable":true,"href":"http:\/\/www.gzone.com.tr\/index.php\/wp-json\/wp\/v2\/categories?post=42191"},{"taxonomy":"post_tag","embeddable":true,"href":"http:\/\/www.gzone.com.tr\/index.php\/wp-json\/wp\/v2\/tags?post=42191"}],"curies":[{"name":"wp","href":"https:\/\/api.w.org\/{rel}","templated":true}]}}