{"id":41972,"date":"2017-07-14T14:16:25","date_gmt":"2017-07-14T11:16:25","guid":{"rendered":"http:\/\/gzone.com.tr\/?p=41972"},"modified":"2017-07-14T14:16:25","modified_gmt":"2017-07-14T11:16:25","slug":"unlu-oyuncu-rol-aldigi-dizinin-yapimcisi-tarafindan-escinsel-olarak-acilmaya-zorlandi","status":"publish","type":"post","link":"http:\/\/www.gzone.com.tr\/index.php\/2017\/07\/14\/unlu-oyuncu-rol-aldigi-dizinin-yapimcisi-tarafindan-escinsel-olarak-acilmaya-zorlandi\/","title":{"rendered":"\u00dcNL\u00dc OYUNCU, ROL ALDI\u011eI D\u0130Z\u0130N\u0130N YAPIMCISI TARAFINDAN E\u015eC\u0130NSEL OLARAK A\u00c7ILMAYA ZORLANDI"},"content":{"rendered":"<p><strong>Heroes dizisinin y\u0131ld\u0131z oyuncusu\u00a0\u00a0Thomas Dekker, dizinin yap\u0131mc\u0131lar\u0131ndan\u00a0Bryan Fulle&#8217;nin bir \u00f6d\u00fcl t\u00f6reninde yapt\u0131\u011f\u0131 a\u00e7\u0131klama sebebiyle e\u015fcinsel oldu\u011funu ve bir e\u015fcinsel evlili\u011fi oldu\u011funu a\u00e7\u0131klamak zorunda b\u0131rak\u0131ld\u0131.\u00a0<\/strong><\/p>\n<p>Dizi yap\u0131mc\u0131s\u0131n\u0131n, Dekker&#8217;in diziye dahil olu\u015f hikayesini anlatmas\u0131 sebebiyle cinsel y\u00f6nelimi, kendi izini olmaks\u0131z\u0131n a\u00e7\u0131klanm\u0131\u015f olmas\u0131na sosyal medyadan cevap veren oyuncu, &#8221;Ge\u00e7 de olsa oldu\u011fum ki\u015fi olmaktan gurur duydu\u011fumu belirtmek isterim.&#8221; dedi.<\/p>\n<p>&nbsp;<\/p>\n<p><a href=\"https:\/\/www.instagram.com\/p\/BWghACthQER\/?taken-by=thomas.dekker\">https:\/\/www.instagram.com\/p\/BWghACthQER\/?taken-by=thomas.dekker<\/a><\/p>\n","protected":false},"excerpt":{"rendered":"<p>Heroes dizisinin y\u0131ld\u0131z oyuncusu\u00a0\u00a0Thomas Dekker, dizinin yap\u0131mc\u0131lar\u0131ndan\u00a0Bryan Fulle&#8217;nin bir \u00f6d\u00fcl t\u00f6reninde yapt\u0131\u011f\u0131 a\u00e7\u0131klama sebebiyle e\u015fcinsel oldu\u011funu ve bir e\u015fcinsel evlili\u011fi oldu\u011funu a\u00e7\u0131klamak zorunda b\u0131rak\u0131ld\u0131.\u00a0 Dizi yap\u0131mc\u0131s\u0131n\u0131n, Dekker&#8217;in diziye dahil olu\u015f hikayesini anlatmas\u0131 sebebiyle cinsel y\u00f6nelimi, kendi izini olmaks\u0131z\u0131n a\u00e7\u0131klanm\u0131\u015f olmas\u0131na sosyal medyadan cevap veren oyuncu, &#8221;Ge\u00e7 de olsa oldu\u011fum ki\u015fi olmaktan gurur duydu\u011fumu belirtmek isterim.&#8221; &hellip;<\/p>\n","protected":false},"author":1,"featured_media":41973,"comment_status":"closed","ping_status":"open","sticky":false,"template":"","format":"standard","meta":{"footnotes":""},"categories":[720],"tags":[592,2409,914,7265,729],"class_list":["post-41972","post","type-post","status-publish","format-standard","has-post-thumbnail","","category-escinselyasam","tag-dizi","tag-escinsel-yasam","tag-heroes","tag-thomas-dekker","tag-yasam-2"],"_links":{"self":[{"href":"http:\/\/www.gzone.com.tr\/index.php\/wp-json\/wp\/v2\/posts\/41972","targetHints":{"allow":["GET"]}}],"collection":[{"href":"http:\/\/www.gzone.com.tr\/index.php\/wp-json\/wp\/v2\/posts"}],"about":[{"href":"http:\/\/www.gzone.com.tr\/index.php\/wp-json\/wp\/v2\/types\/post"}],"author":[{"embeddable":true,"href":"http:\/\/www.gzone.com.tr\/index.php\/wp-json\/wp\/v2\/users\/1"}],"replies":[{"embeddable":true,"href":"http:\/\/www.gzone.com.tr\/index.php\/wp-json\/wp\/v2\/comments?post=41972"}],"version-history":[{"count":1,"href":"http:\/\/www.gzone.com.tr\/index.php\/wp-json\/wp\/v2\/posts\/41972\/revisions"}],"predecessor-version":[{"id":41974,"href":"http:\/\/www.gzone.com.tr\/index.php\/wp-json\/wp\/v2\/posts\/41972\/revisions\/41974"}],"wp:featuredmedia":[{"embeddable":true,"href":"http:\/\/www.gzone.com.tr\/index.php\/wp-json\/wp\/v2\/media\/41973"}],"wp:attachment":[{"href":"http:\/\/www.gzone.com.tr\/index.php\/wp-json\/wp\/v2\/media?parent=41972"}],"wp:term":[{"taxonomy":"category","embeddable":true,"href":"http:\/\/www.gzone.com.tr\/index.php\/wp-json\/wp\/v2\/categories?post=41972"},{"taxonomy":"post_tag","embeddable":true,"href":"http:\/\/www.gzone.com.tr\/index.php\/wp-json\/wp\/v2\/tags?post=41972"}],"curies":[{"name":"wp","href":"https:\/\/api.w.org\/{rel}","templated":true}]}}