{"id":41969,"date":"2017-07-14T13:12:22","date_gmt":"2017-07-14T10:12:22","guid":{"rendered":"http:\/\/gzone.com.tr\/?p=41969"},"modified":"2017-07-14T13:12:22","modified_gmt":"2017-07-14T10:12:22","slug":"dinle-sezen-aksudan-dogum-gununde-hayranlarina-tesekkur-sarkisi","status":"publish","type":"post","link":"http:\/\/www.gzone.com.tr\/index.php\/2017\/07\/14\/dinle-sezen-aksudan-dogum-gununde-hayranlarina-tesekkur-sarkisi\/","title":{"rendered":"D\u0130NLE: SEZEN AKSU&#8217;DAN DO\u011eUM G\u00dcN\u00dcNDE HAYRANLARINA TE\u015eEKK\u00dcR \u015eARKISI"},"content":{"rendered":"<p><strong>T\u00fcrk m\u00fczi\u011finin krali\u00e7esi Sezen Aksu, ge\u00e7ti\u011fimiz g\u00fcn kutlad\u0131\u011f\u0131 63. ya\u015f g\u00fcn\u00fcnde hayranlar\u0131na bir s\u00fcrpriz yaparak, yepyeni \u015fark\u0131s\u0131 &#8221;Ah Y\u0131llar&#8221;\u0131 resmi YouTube kanal\u0131ndan yay\u0131nlad\u0131.\u00a0<\/strong><\/p>\n<p>Hayranlar\u0131n\u0131n sosyal medyada do\u011fum g\u00fcn\u00fcn\u00fc kutlamas\u0131na cevaben yay\u0131nlad\u0131\u011f\u0131 \u015fark\u0131y\u0131 sosyal medyadan duyuran Aksu, &#8221;Her \u015fey i\u00e7in \u00e7ok te\u015fekk\u00fcr ederim&#8230; Bu da benim size hediyem&#8230; Sezen&#8221; mesaj\u0131yla yeni \u015fark\u0131s\u0131n\u0131 duyurdu.<\/p>\n<p><iframe loading=\"lazy\" title=\"Sezen Aksu - Ah Y\u0131llar\" width=\"618\" height=\"348\" src=\"https:\/\/www.youtube.com\/embed\/CrYIpzLRyOM?feature=oembed\" frameborder=\"0\" allow=\"accelerometer; autoplay; clipboard-write; encrypted-media; gyroscope; picture-in-picture; web-share\" referrerpolicy=\"strict-origin-when-cross-origin\" allowfullscreen><\/iframe><\/p>\n","protected":false},"excerpt":{"rendered":"<p>T\u00fcrk m\u00fczi\u011finin krali\u00e7esi Sezen Aksu, ge\u00e7ti\u011fimiz g\u00fcn kutlad\u0131\u011f\u0131 63. ya\u015f g\u00fcn\u00fcnde hayranlar\u0131na bir s\u00fcrpriz yaparak, yepyeni \u015fark\u0131s\u0131 &#8221;Ah Y\u0131llar&#8221;\u0131 resmi YouTube kanal\u0131ndan yay\u0131nlad\u0131.\u00a0 Hayranlar\u0131n\u0131n sosyal medyada do\u011fum g\u00fcn\u00fcn\u00fc kutlamas\u0131na cevaben yay\u0131nlad\u0131\u011f\u0131 \u015fark\u0131y\u0131 sosyal medyadan duyuran Aksu, &#8221;Her \u015fey i\u00e7in \u00e7ok te\u015fekk\u00fcr ederim&#8230; Bu da benim size hediyem&#8230; Sezen&#8221; mesaj\u0131yla yeni \u015fark\u0131s\u0131n\u0131 duyurdu.<\/p>\n","protected":false},"author":1,"featured_media":41970,"comment_status":"closed","ping_status":"open","sticky":false,"template":"","format":"standard","meta":{"footnotes":""},"categories":[39,28],"tags":[7264,275,392],"class_list":["post-41969","post","type-post","status-publish","format-standard","has-post-thumbnail","","category-muzik","category-pop","tag-ah-yillar","tag-muzik-2","tag-sezen-aksu"],"_links":{"self":[{"href":"http:\/\/www.gzone.com.tr\/index.php\/wp-json\/wp\/v2\/posts\/41969","targetHints":{"allow":["GET"]}}],"collection":[{"href":"http:\/\/www.gzone.com.tr\/index.php\/wp-json\/wp\/v2\/posts"}],"about":[{"href":"http:\/\/www.gzone.com.tr\/index.php\/wp-json\/wp\/v2\/types\/post"}],"author":[{"embeddable":true,"href":"http:\/\/www.gzone.com.tr\/index.php\/wp-json\/wp\/v2\/users\/1"}],"replies":[{"embeddable":true,"href":"http:\/\/www.gzone.com.tr\/index.php\/wp-json\/wp\/v2\/comments?post=41969"}],"version-history":[{"count":1,"href":"http:\/\/www.gzone.com.tr\/index.php\/wp-json\/wp\/v2\/posts\/41969\/revisions"}],"predecessor-version":[{"id":41971,"href":"http:\/\/www.gzone.com.tr\/index.php\/wp-json\/wp\/v2\/posts\/41969\/revisions\/41971"}],"wp:featuredmedia":[{"embeddable":true,"href":"http:\/\/www.gzone.com.tr\/index.php\/wp-json\/wp\/v2\/media\/41970"}],"wp:attachment":[{"href":"http:\/\/www.gzone.com.tr\/index.php\/wp-json\/wp\/v2\/media?parent=41969"}],"wp:term":[{"taxonomy":"category","embeddable":true,"href":"http:\/\/www.gzone.com.tr\/index.php\/wp-json\/wp\/v2\/categories?post=41969"},{"taxonomy":"post_tag","embeddable":true,"href":"http:\/\/www.gzone.com.tr\/index.php\/wp-json\/wp\/v2\/tags?post=41969"}],"curies":[{"name":"wp","href":"https:\/\/api.w.org\/{rel}","templated":true}]}}