{"id":41281,"date":"2017-05-27T14:10:08","date_gmt":"2017-05-27T11:10:08","guid":{"rendered":"http:\/\/gzone.com.tr\/?p=41281"},"modified":"2017-05-27T14:10:08","modified_gmt":"2017-05-27T11:10:08","slug":"ariana-grande-manchester-magdurlari-icin-geri-donup-konser-verecek","status":"publish","type":"post","link":"http:\/\/www.gzone.com.tr\/index.php\/2017\/05\/27\/ariana-grande-manchester-magdurlari-icin-geri-donup-konser-verecek\/","title":{"rendered":"ARIANA GRANDE, MANCHESTER MA\u011eDURLARI \u0130\u00c7\u0130N GER\u0130 D\u00d6N\u00dcP KONSER VERECEK"},"content":{"rendered":"<p class=\"mt10\"><strong>Ariana Grande, Manchester&#8217;daki konseri s\u0131ras\u0131nda 22 ki\u015finin \u00f6ld\u00fc\u011f\u00fc ter\u00f6r sald\u0131r\u0131s\u0131 sonras\u0131, yeniden Manchester&#8217;a d\u00f6n\u00fcp, konser verecek. Grande, konser gelirini sald\u0131r\u0131n\u0131n ma\u011fdurlar\u0131na da\u011f\u0131tacak.<\/strong><\/p>\n<p class=\"selectionShareable\">ABD&#8217;li \u00fcnl\u00fc pop sanat\u00e7\u0131s\u0131 Ariana Grande, kendi konseri s\u0131ras\u0131nda ger\u00e7ekle\u015fen ve 22 ki\u015finin ya\u015fam\u0131n\u0131 yitirdi\u011fi \u00a0Manchester&#8217;daki ter\u00f6r sald\u0131r\u0131s\u0131n\u0131n yaralar\u0131n\u0131 sarmak i\u00e7in, ter\u00f6r sald\u0131r\u0131s\u0131n\u0131n ger\u00e7ekle\u015fti\u011fi \u00a0Manchester&#8217;a d\u00f6n\u00fcp, sald\u0131r\u0131n\u0131n ger\u00e7ekle\u015fti\u011fi yerde konser verecek.<\/p>\n<p class=\"selectionShareable\">\n<p><a href=\"https:\/\/www.instagram.com\/p\/BUkJoiDFvru\/?taken-by=arianagrande\">https:\/\/www.instagram.com\/p\/BUkJoiDFvru\/?taken-by=arianagrande<\/a><\/p>\n<p class=\"selectionShareable\">\n<p class=\"selectionShareable\"><strong>&#8220;EL\u0130MDEN VE KALB\u0130MDEN GELD\u0130\u011e\u0130NCE HER \u015eEY\u0130 YAPARIM&#8221;<\/strong><\/p>\n<p class=\"selectionShareable\">Pop sanat\u00e7\u0131s\u0131, \u00a0Twitter hesab\u0131ndan, &#8220;Kalbim, \u00a0Manchester ter\u00f6r sald\u0131r\u0131s\u0131nda hayat\u0131n\u0131 kaybedenlerle birlikte. Hissetti\u011finiz ac\u0131lar\u0131 ne ben ne ba\u015fkas\u0131 dindirebilir. Ancak elimden ve kalbimden geldi\u011fince her \u015feyi yapar\u0131m.&#8221;<\/p>\n<p class=\"selectionShareable\"><strong>&#8220;MA\u011eDURLARA YARDIM ETMEK \u0130\u00c7\u0130N KONSER VERECE\u011e\u0130M&#8221;<\/strong><\/p>\n<p class=\"selectionShareable\">&#8220;B\u00f6yle bir olay neden ger\u00e7ekle\u015fir hala anlam\u0131yorum. Bizi b\u00f6lmelerine izin vermeyece\u011fiz. Nefretin kazanmas\u0131na izin vermeyece\u011fiz. Susmayaca\u011f\u0131z, korkmayaca\u011f\u0131z. \u00a0Manchester&#8217;a d\u00f6n\u00fcp, ma\u011fdurlara yard\u0131m etmek i\u00e7in konser verece\u011fim.&#8221; mesaj\u0131n\u0131 yay\u0131nlad\u0131.<\/p>\n","protected":false},"excerpt":{"rendered":"<p>Ariana Grande, Manchester&#8217;daki konseri s\u0131ras\u0131nda 22 ki\u015finin \u00f6ld\u00fc\u011f\u00fc ter\u00f6r sald\u0131r\u0131s\u0131 sonras\u0131, yeniden Manchester&#8217;a d\u00f6n\u00fcp, konser verecek. Grande, konser gelirini sald\u0131r\u0131n\u0131n ma\u011fdurlar\u0131na da\u011f\u0131tacak. ABD&#8217;li \u00fcnl\u00fc pop sanat\u00e7\u0131s\u0131 Ariana Grande, kendi konseri s\u0131ras\u0131nda ger\u00e7ekle\u015fen ve 22 ki\u015finin ya\u015fam\u0131n\u0131 yitirdi\u011fi \u00a0Manchester&#8217;daki ter\u00f6r sald\u0131r\u0131s\u0131n\u0131n yaralar\u0131n\u0131 sarmak i\u00e7in, ter\u00f6r sald\u0131r\u0131s\u0131n\u0131n ger\u00e7ekle\u015fti\u011fi \u00a0Manchester&#8217;a d\u00f6n\u00fcp, sald\u0131r\u0131n\u0131n ger\u00e7ekle\u015fti\u011fi yerde konser verecek. &#8220;EL\u0130MDEN VE &hellip;<\/p>\n","protected":false},"author":1,"featured_media":41285,"comment_status":"closed","ping_status":"open","sticky":false,"template":"","format":"standard","meta":{"footnotes":""},"categories":[39,28],"tags":[3471,192,4926,275],"class_list":["post-41281","post","type-post","status-publish","format-standard","has-post-thumbnail","","category-muzik","category-pop","tag-ariana-grande","tag-konser","tag-manchester","tag-muzik-2"],"_links":{"self":[{"href":"http:\/\/www.gzone.com.tr\/index.php\/wp-json\/wp\/v2\/posts\/41281","targetHints":{"allow":["GET"]}}],"collection":[{"href":"http:\/\/www.gzone.com.tr\/index.php\/wp-json\/wp\/v2\/posts"}],"about":[{"href":"http:\/\/www.gzone.com.tr\/index.php\/wp-json\/wp\/v2\/types\/post"}],"author":[{"embeddable":true,"href":"http:\/\/www.gzone.com.tr\/index.php\/wp-json\/wp\/v2\/users\/1"}],"replies":[{"embeddable":true,"href":"http:\/\/www.gzone.com.tr\/index.php\/wp-json\/wp\/v2\/comments?post=41281"}],"version-history":[{"count":1,"href":"http:\/\/www.gzone.com.tr\/index.php\/wp-json\/wp\/v2\/posts\/41281\/revisions"}],"predecessor-version":[{"id":41286,"href":"http:\/\/www.gzone.com.tr\/index.php\/wp-json\/wp\/v2\/posts\/41281\/revisions\/41286"}],"wp:featuredmedia":[{"embeddable":true,"href":"http:\/\/www.gzone.com.tr\/index.php\/wp-json\/wp\/v2\/media\/41285"}],"wp:attachment":[{"href":"http:\/\/www.gzone.com.tr\/index.php\/wp-json\/wp\/v2\/media?parent=41281"}],"wp:term":[{"taxonomy":"category","embeddable":true,"href":"http:\/\/www.gzone.com.tr\/index.php\/wp-json\/wp\/v2\/categories?post=41281"},{"taxonomy":"post_tag","embeddable":true,"href":"http:\/\/www.gzone.com.tr\/index.php\/wp-json\/wp\/v2\/tags?post=41281"}],"curies":[{"name":"wp","href":"https:\/\/api.w.org\/{rel}","templated":true}]}}