{"id":41198,"date":"2017-05-23T09:16:46","date_gmt":"2017-05-23T06:16:46","guid":{"rendered":"http:\/\/gzone.com.tr\/?p=41198"},"modified":"2017-05-23T09:16:46","modified_gmt":"2017-05-23T06:16:46","slug":"43-escinsel-erkek-cecenistandan-surgun-edildi","status":"publish","type":"post","link":"http:\/\/www.gzone.com.tr\/index.php\/2017\/05\/23\/43-escinsel-erkek-cecenistandan-surgun-edildi\/","title":{"rendered":"43 E\u015eC\u0130NSEL ERKEK \u00c7E\u00c7EN\u0130STAN&#8217;DAN S\u00dcRG\u00dcN ED\u0130LD\u0130"},"content":{"rendered":"<p><strong>Rusya Federasyonu\u2019na ba\u011fl\u0131 \u00c7e\u00e7enistan Cumhuriyeti\u2019nde e\u015fcinsel haklar\u0131na y\u00f6nelik ihlaller yine g\u00fcndemde. \u0130nsan haklar\u0131 \u00f6rg\u00fctleri, \u00a0k\u00f6t\u00fc muameleye u\u011frad\u0131klar\u0131 belirtilen 43 e\u015fcinselin\u00a0\u00c7e\u00e7enistan\u2019dan \u00e7\u0131kar\u0131larak \u00fclkenin farkl\u0131 b\u00f6lgelerine g\u00f6t\u00fcr\u00fcld\u00fc\u011f\u00fcn\u00fc a\u00e7\u0131klad\u0131.<\/strong><\/p>\n<div>\u0130nterfaks ajans\u0131n\u0131n bildirdi\u011fine g\u00f6re, yasa d\u0131\u015f\u0131 olarak bir s\u00fcre hapishanelerde tutulduklar\u0131 \u00f6ne s\u00fcr\u00fclen 43 e\u015fcinselin, Rusya\u2019n\u0131n farkl\u0131 b\u00f6lgelerine g\u00f6t\u00fcr\u00fcld\u00fc\u011f\u00fcn\u00fc belirten insan haklar\u0131 uzmanlar\u0131, bu ki\u015filere vize sa\u011flamalar\u0131 i\u00e7in Avrupa devletlerine ba\u015fvuruldu\u011funu a\u00e7\u0131klad\u0131.<\/div>\n<div><\/div>\n<div>Ajansa a\u00e7\u0131klamada bulunan bir insan haklar\u0131 savunucusu, \u201cG\u00fcvenlik gerek\u00e7esiyle bu ki\u015filerin nerelere g\u00f6t\u00fcr\u00fcld\u00fcklerini s\u00f6ylemeyece\u011fiz. Avrupa devletlerinden vize konusunda yard\u0131mc\u0131 olmalar\u0131n\u0131 bekliyoruz. 43 ki\u015finin dokuzu yurt d\u0131\u015f\u0131na \u00e7\u0131kt\u0131. Be\u015f \u00fclkeyle vize konusunda g\u00f6r\u00fc\u015f\u00fcyoruz\u201d dedi.<\/div>\n<p>\u00c7e\u00e7enistan\u2019da e\u015fcinsellerin ge\u00e7en seneden bu yana yasal olmayan gerek\u00e7elerle tutuklan\u0131p, i\u015fkence g\u00f6rd\u00fckleri ve cezaevlerine konulduklar\u0131 iddia ediliyor.<\/p>\n<div>\u00c7e\u00e7enistan lideri Ramazan Kadirov, e\u015fcinsellere i\u015fkence yap\u0131ld\u0131\u011f\u0131 y\u00f6n\u00fcndeki haberleri Putin ile Kremlin&#8217;deki g\u00f6r\u00fc\u015fmesinde yalanlam\u0131\u015ft\u0131.<\/div>\n<div><\/div>\n<div><img loading=\"lazy\" decoding=\"async\" class=\"alignnone size-full wp-image-40302\" src=\"http:\/\/gzone.com.tr\/wp-content\/uploads\/2017\/04\/Cecenistan-1.jpg\" alt=\"Cecenistan\" width=\"660\" height=\"330\" srcset=\"http:\/\/www.gzone.com.tr\/wp-content\/uploads\/2017\/04\/Cecenistan-1.jpg 660w, http:\/\/www.gzone.com.tr\/wp-content\/uploads\/2017\/04\/Cecenistan-1-300x150.jpg 300w\" sizes=\"auto, (max-width: 660px) 100vw, 660px\" \/><\/div>\n<div><\/div>\n<div><a href=\"http:\/\/gzone.com.tr\/ozel-dosya-cecenistanda-neler-oluyor\/\"><span style=\"color: #ff0000;\"><strong>\u00c7E\u00c7EN\u0130STAN&#8217;DA NELER OLUYOR \u00f6zel dosyas\u0131 i\u00e7in t\u0131klay\u0131n\u00a0<\/strong><\/span><\/a><\/div>\n<div><\/div>\n<div>Kaynak: T\u00fcrkRus<\/div>\n","protected":false},"excerpt":{"rendered":"<p>Rusya Federasyonu\u2019na ba\u011fl\u0131 \u00c7e\u00e7enistan Cumhuriyeti\u2019nde e\u015fcinsel haklar\u0131na y\u00f6nelik ihlaller yine g\u00fcndemde. \u0130nsan haklar\u0131 \u00f6rg\u00fctleri, \u00a0k\u00f6t\u00fc muameleye u\u011frad\u0131klar\u0131 belirtilen 43 e\u015fcinselin\u00a0\u00c7e\u00e7enistan\u2019dan \u00e7\u0131kar\u0131larak \u00fclkenin farkl\u0131 b\u00f6lgelerine g\u00f6t\u00fcr\u00fcld\u00fc\u011f\u00fcn\u00fc a\u00e7\u0131klad\u0131. \u0130nterfaks ajans\u0131n\u0131n bildirdi\u011fine g\u00f6re, yasa d\u0131\u015f\u0131 olarak bir s\u00fcre hapishanelerde tutulduklar\u0131 \u00f6ne s\u00fcr\u00fclen 43 e\u015fcinselin, Rusya\u2019n\u0131n farkl\u0131 b\u00f6lgelerine g\u00f6t\u00fcr\u00fcld\u00fc\u011f\u00fcn\u00fc belirten insan haklar\u0131 uzmanlar\u0131, bu ki\u015filere vize sa\u011flamalar\u0131 i\u00e7in Avrupa &hellip;<\/p>\n","protected":false},"author":1,"featured_media":40477,"comment_status":"closed","ping_status":"open","sticky":false,"template":"","format":"standard","meta":{"footnotes":""},"categories":[92,91],"tags":[7082,113,112],"class_list":["post-41198","post","type-post","status-publish","format-standard","has-post-thumbnail","","category-dunya","category-haberler","tag-cecenistan","tag-dunya-2","tag-haberler-2"],"_links":{"self":[{"href":"http:\/\/www.gzone.com.tr\/index.php\/wp-json\/wp\/v2\/posts\/41198","targetHints":{"allow":["GET"]}}],"collection":[{"href":"http:\/\/www.gzone.com.tr\/index.php\/wp-json\/wp\/v2\/posts"}],"about":[{"href":"http:\/\/www.gzone.com.tr\/index.php\/wp-json\/wp\/v2\/types\/post"}],"author":[{"embeddable":true,"href":"http:\/\/www.gzone.com.tr\/index.php\/wp-json\/wp\/v2\/users\/1"}],"replies":[{"embeddable":true,"href":"http:\/\/www.gzone.com.tr\/index.php\/wp-json\/wp\/v2\/comments?post=41198"}],"version-history":[{"count":1,"href":"http:\/\/www.gzone.com.tr\/index.php\/wp-json\/wp\/v2\/posts\/41198\/revisions"}],"predecessor-version":[{"id":41200,"href":"http:\/\/www.gzone.com.tr\/index.php\/wp-json\/wp\/v2\/posts\/41198\/revisions\/41200"}],"wp:featuredmedia":[{"embeddable":true,"href":"http:\/\/www.gzone.com.tr\/index.php\/wp-json\/wp\/v2\/media\/40477"}],"wp:attachment":[{"href":"http:\/\/www.gzone.com.tr\/index.php\/wp-json\/wp\/v2\/media?parent=41198"}],"wp:term":[{"taxonomy":"category","embeddable":true,"href":"http:\/\/www.gzone.com.tr\/index.php\/wp-json\/wp\/v2\/categories?post=41198"},{"taxonomy":"post_tag","embeddable":true,"href":"http:\/\/www.gzone.com.tr\/index.php\/wp-json\/wp\/v2\/tags?post=41198"}],"curies":[{"name":"wp","href":"https:\/\/api.w.org\/{rel}","templated":true}]}}